{"id":37660,"date":"2011-12-22T18:03:48","date_gmt":"2011-12-22T20:03:48","guid":{"rendered":"http:\/\/www.redenoticia.com.br\/noticia\/?p=37660"},"modified":"2011-12-22T18:03:48","modified_gmt":"2011-12-22T20:03:48","slug":"caixa-cancela-convenio-para-construcao-de-estadio-de-futebol-em-parintins","status":"publish","type":"post","link":"https:\/\/www.redenoticia.com.br\/noticia\/2011\/caixa-cancela-convenio-para-construcao-de-estadio-de-futebol-em-parintins\/37660","title":{"rendered":"Caixa cancela conv\u00eanio para constru\u00e7\u00e3o de est\u00e1dio de futebol em Parintins"},"content":{"rendered":"<p><img loading=\"lazy\" decoding=\"async\" class=\"alignleft size-full wp-image-34928\" title=\"caixa\" src=\"https:\/\/www.redenoticia.com.br\/noticia\/imagens\/caixa.jpg\" alt=\"\" width=\"300\" height=\"193\" srcset=\"https:\/\/www.redenoticia.com.br\/noticia\/imagens\/caixa.jpg 300w, https:\/\/www.redenoticia.com.br\/noticia\/imagens\/caixa-250x160.jpg 250w, https:\/\/www.redenoticia.com.br\/noticia\/imagens\/caixa-150x96.jpg 150w\" sizes=\"auto, (max-width: 300px) 100vw, 300px\" \/>Bras\u00edlia \u2013 A <em><strong>Caixa<\/strong><\/em> Econ\u00f4mica Federal (CEF) divulgou comunicado nesta quarta-feira (21) no qual informa o cancelamento de conv\u00eanio celebrado pelo Minist\u00e9rio das Cidades para constru\u00e7\u00e3o de um est\u00e1dio de futebol, com capacidade para 10 mil pessoas, na cidade amazonense de <em><strong>Parintins<\/strong><\/em>, a 370 quil\u00f4metros (km) de Manaus.<\/p>\n<p>A justificativa apresentada para o conv\u00eanio era dotar o munic\u00edpio de condi\u00e7\u00f5es para se tornar subsede da Copa do Mundo de 2014, com vistas a abrigar poss\u00edvel comitiva de sele\u00e7\u00e3o que dispute partidas do torneio em Manaus. Seria o que no jarg\u00e3o futebol\u00edstico chamam de team base camp (campo base de equipe).<\/p>\n<p>O Minist\u00e9rio P\u00fablico Federal (MPF) no Amazonas recomendou, por\u00e9m, o cancelamento do conv\u00eanio. Alegou que a possibilidade de Parintins vir a ser campo base de equipe \u00e9 remota e n\u00e3o justificaria a aplica\u00e7\u00e3o de recursos p\u00fablicos no est\u00e1dio pretendido, uma vez que n\u00e3o existem clubes de futebol profissional no munic\u00edpio, nem demanda de p\u00fablico pagante no est\u00e1dio, o que resultaria em futura subutiliza\u00e7\u00e3o de obra p\u00fablica com alto custo de manuten\u00e7\u00e3o.<\/p>\n<p>O MPF salientou ainda que \u201csem destina\u00e7\u00e3o \u00fatil para a estrutura, o munic\u00edpio teria sens\u00edvel perda patrimonial, malbaratamento e dilapida\u00e7\u00e3o do patrim\u00f4nio p\u00fablico, constituindo, em tese, ato de improbidade administrativa que causa dano ao er\u00e1rio\u201d, conforme o Artigo 10 da Lei n\u00ba 8.429\/92.<\/p>\n<p>Caso semelhante aconteceu tamb\u00e9m em Roraima, no final do ano passado, quando o MPF naquele estado recomendou suspens\u00e3o de repasses para constru\u00e7\u00e3o de est\u00e1dio de futebol em Boa Vista, conveniado ent\u00e3o com o Minist\u00e9rio do Esporte. E a raz\u00e3o alegada \u00e0 \u00e9poca tamb\u00e9m foi a \u201caus\u00eancia de viabilidade econ\u00f4mica e financeira\u201d.<\/p>\n<p>No caso espec\u00edfico do projeto de Parintins, o Comit\u00ea Organizador Brasileiro da Copa do Mundo de 2014 informou que n\u00e3o existe ainda qualquer predefini\u00e7\u00e3o sobre campos base de equipe. Existe, por\u00e9m, orienta\u00e7\u00e3o da Fifa de que um dos requisitos para defini\u00e7\u00e3o dos locais seja dist\u00e2ncia m\u00e1xima de 20 minutos de \u00f4nibus dos est\u00e1dios sedes e proximidade de um aeroporto.<\/p>\n<p>St\u00eanio Ribeiro<br \/>\nRep\u00f3rter da Ag\u00eancia Brasil<\/p>\n<p>Edi\u00e7\u00e3o: Fernando Fraga<\/p>\n","protected":false},"excerpt":{"rendered":"<p>Bras\u00edlia \u2013 A Caixa Econ\u00f4mica Federal (CEF) divulgou comunicado nesta quarta-feira (21) no qual informa o cancelamento de conv\u00eanio celebrado pelo Minist\u00e9rio das Cidades para constru\u00e7\u00e3o de um est\u00e1dio de futebol, com capacidade para 10 mil pessoas, na cidade amazonense de Parintins, a 370 quil\u00f4metros (km) de Manaus. A justificativa apresentada para o conv\u00eanio era [&hellip;]<\/p>\n","protected":false},"author":3,"featured_media":34928,"comment_status":"open","ping_status":"closed","sticky":false,"template":"","format":"standard","meta":{"_genesis_hide_title":false,"_genesis_hide_breadcrumbs":false,"_genesis_hide_singular_image":false,"_genesis_hide_footer_widgets":false,"_genesis_custom_body_class":"","_genesis_custom_post_class":"","_genesis_layout":"","_jetpack_memberships_contains_paid_content":false,"footnotes":""},"categories":[22],"tags":[],"class_list":{"0":"post-37660","1":"post","2":"type-post","3":"status-publish","4":"format-standard","5":"has-post-thumbnail","7":"category-brasil","8":"entry","9":"gs-1","10":"gs-odd","11":"gs-even","12":"gs-featured-content-entry"},"jetpack_featured_media_url":"https:\/\/www.redenoticia.com.br\/noticia\/imagens\/caixa.jpg","jetpack_sharing_enabled":true,"jetpack_likes_enabled":true,"_links":{"self":[{"href":"https:\/\/www.redenoticia.com.br\/noticia\/wp-json\/wp\/v2\/posts\/37660","targetHints":{"allow":["GET"]}}],"collection":[{"href":"https:\/\/www.redenoticia.com.br\/noticia\/wp-json\/wp\/v2\/posts"}],"about":[{"href":"https:\/\/www.redenoticia.com.br\/noticia\/wp-json\/wp\/v2\/types\/post"}],"author":[{"embeddable":true,"href":"https:\/\/www.redenoticia.com.br\/noticia\/wp-json\/wp\/v2\/users\/3"}],"replies":[{"embeddable":true,"href":"https:\/\/www.redenoticia.com.br\/noticia\/wp-json\/wp\/v2\/comments?post=37660"}],"version-history":[{"count":0,"href":"https:\/\/www.redenoticia.com.br\/noticia\/wp-json\/wp\/v2\/posts\/37660\/revisions"}],"wp:featuredmedia":[{"embeddable":true,"href":"https:\/\/www.redenoticia.com.br\/noticia\/wp-json\/wp\/v2\/media\/34928"}],"wp:attachment":[{"href":"https:\/\/www.redenoticia.com.br\/noticia\/wp-json\/wp\/v2\/media?parent=37660"}],"wp:term":[{"taxonomy":"category","embeddable":true,"href":"https:\/\/www.redenoticia.com.br\/noticia\/wp-json\/wp\/v2\/categories?post=37660"},{"taxonomy":"post_tag","embeddable":true,"href":"https:\/\/www.redenoticia.com.br\/noticia\/wp-json\/wp\/v2\/tags?post=37660"}],"curies":[{"name":"wp","href":"https:\/\/api.w.org\/{rel}","templated":true}]}}