{"id":37595,"date":"2011-12-15T18:56:35","date_gmt":"2011-12-15T20:56:35","guid":{"rendered":"http:\/\/www.redenoticia.com.br\/noticia\/?p=37595"},"modified":"2011-12-15T18:56:35","modified_gmt":"2011-12-15T20:56:35","slug":"brasil-vai-reforcar-vacinacao-contra-sarampo-e-rubeola","status":"publish","type":"post","link":"https:\/\/www.redenoticia.com.br\/noticia\/2011\/brasil-vai-reforcar-vacinacao-contra-sarampo-e-rubeola\/37595","title":{"rendered":"Brasil vai refor\u00e7ar vacina\u00e7\u00e3o contra sarampo e rub\u00e9ola"},"content":{"rendered":"<p><img loading=\"lazy\" decoding=\"async\" class=\"alignleft size-full wp-image-30249\" title=\"copa do mundo 2014\" src=\"https:\/\/www.redenoticia.com.br\/noticia\/imagens\/copa-do-mundo-2014.jpg\" alt=\"\" width=\"300\" height=\"193\" srcset=\"https:\/\/www.redenoticia.com.br\/noticia\/imagens\/copa-do-mundo-2014.jpg 300w, https:\/\/www.redenoticia.com.br\/noticia\/imagens\/copa-do-mundo-2014-250x161.jpg 250w, https:\/\/www.redenoticia.com.br\/noticia\/imagens\/copa-do-mundo-2014-150x97.jpg 150w\" sizes=\"auto, (max-width: 300px) 100vw, 300px\" \/>Bras\u00edlia \u2013 O Brasil vai refor\u00e7ar a vacina\u00e7\u00e3o contra o sarampo e a rub\u00e9ola em trabalhadores do setor tur\u00edstico \u2013 que inclui pessoas que atuam em aeroportos, restaurantes e hot\u00e9is \u2013 das cidades que v\u00e3o receber jogos da<em><strong> Copa do Mundo de 2014<\/strong><\/em>.<\/p>\n<p>De acordo com o Minist\u00e9rio da Sa\u00fade, o refor\u00e7o na imuniza\u00e7\u00e3o deve ser conclu\u00eddo antes mesmo da Copa das Confedera\u00e7\u00f5es, marcada para 2013. As a\u00e7\u00f5es devem ter in\u00edcio em 2012 em todas as cidades-sede da Copa do Mundo.<\/p>\n<p>O objetivo, segundo a pasta, \u00e9 evitar que as doen\u00e7as, j\u00e1 eliminadas do pa\u00eds, sejam reintroduzidas por meio de turistas que v\u00e3o visitar o Brasil durante o Mundial de futebol.<\/p>\n<p>Em 2010, o Brasil conquistou a certifica\u00e7\u00e3o de erradica\u00e7\u00e3o do sarampo e de elimina\u00e7\u00e3o da rub\u00e9ola, concedida pela Organiza\u00e7\u00e3o Mundial da Sa\u00fade (OMS). Dados do minist\u00e9rio indicam que n\u00e3o h\u00e1 registro de circula\u00e7\u00e3o do v\u00edrus aut\u00f3ctone do sarampo no pa\u00eds h\u00e1 dez anos \u2013 apenas casos importados.<\/p>\n<p>No caso da rub\u00e9ola, n\u00e3o h\u00e1 circula\u00e7\u00e3o do v\u00edrus desde 2008. Este ano, cerca de 70 milh\u00f5es de pessoas de at\u00e9 39 anos foram imunizadas contra a doen\u00e7a.<\/p>\n<p>O sarampo \u00e9 uma doen\u00e7a aguda e altamente contagiosa. Os sintomas mais comuns s\u00e3o febre, tosse seca, manchas avermelhadas, coriza e conjuntivite. A transmiss\u00e3o ocorre de pessoa para pessoa, por meio de secre\u00e7\u00f5es expelidas pelo doente ao tossir, falar ou respirar.<\/p>\n<p>J\u00e1 os sintomas mais comuns da rub\u00e9ola s\u00e3o febre, manchas avermelhadas, inflama\u00e7\u00e3o de g\u00e2nglios e dores nas articula\u00e7\u00f5es. A transmiss\u00e3o ocorre de pessoa para pessoa, por meio de secre\u00e7\u00f5es expelidas pelo doente e tamb\u00e9m por via sangu\u00ednea \u2013 quando mulheres gr\u00e1vidas adoecem e transmitem o v\u00edrus para o feto.<\/p>\n<p>Paula Laboissi\u00e8re<br \/>\nRep\u00f3rter da Ag\u00eancia Brasil<\/p>\n<p>Edi\u00e7\u00e3o: L\u00edlian Beraldo<\/p>\n","protected":false},"excerpt":{"rendered":"<p>Bras\u00edlia \u2013 O Brasil vai refor\u00e7ar a vacina\u00e7\u00e3o contra o sarampo e a rub\u00e9ola em trabalhadores do setor tur\u00edstico \u2013 que inclui pessoas que atuam em aeroportos, restaurantes e hot\u00e9is \u2013 das cidades que v\u00e3o receber jogos da Copa do Mundo de 2014. De acordo com o Minist\u00e9rio da Sa\u00fade, o refor\u00e7o na imuniza\u00e7\u00e3o deve [&hellip;]<\/p>\n","protected":false},"author":3,"featured_media":30249,"comment_status":"open","ping_status":"closed","sticky":false,"template":"","format":"standard","meta":{"_genesis_hide_title":false,"_genesis_hide_breadcrumbs":false,"_genesis_hide_singular_image":false,"_genesis_hide_footer_widgets":false,"_genesis_custom_body_class":"","_genesis_custom_post_class":"","_genesis_layout":"","_jetpack_memberships_contains_paid_content":false,"footnotes":""},"categories":[22],"tags":[],"class_list":{"0":"post-37595","1":"post","2":"type-post","3":"status-publish","4":"format-standard","5":"has-post-thumbnail","7":"category-brasil","8":"entry","9":"gs-1","10":"gs-odd","11":"gs-even","12":"gs-featured-content-entry"},"jetpack_featured_media_url":"https:\/\/www.redenoticia.com.br\/noticia\/imagens\/copa-do-mundo-2014.jpg","jetpack_sharing_enabled":true,"jetpack_likes_enabled":true,"_links":{"self":[{"href":"https:\/\/www.redenoticia.com.br\/noticia\/wp-json\/wp\/v2\/posts\/37595","targetHints":{"allow":["GET"]}}],"collection":[{"href":"https:\/\/www.redenoticia.com.br\/noticia\/wp-json\/wp\/v2\/posts"}],"about":[{"href":"https:\/\/www.redenoticia.com.br\/noticia\/wp-json\/wp\/v2\/types\/post"}],"author":[{"embeddable":true,"href":"https:\/\/www.redenoticia.com.br\/noticia\/wp-json\/wp\/v2\/users\/3"}],"replies":[{"embeddable":true,"href":"https:\/\/www.redenoticia.com.br\/noticia\/wp-json\/wp\/v2\/comments?post=37595"}],"version-history":[{"count":0,"href":"https:\/\/www.redenoticia.com.br\/noticia\/wp-json\/wp\/v2\/posts\/37595\/revisions"}],"wp:featuredmedia":[{"embeddable":true,"href":"https:\/\/www.redenoticia.com.br\/noticia\/wp-json\/wp\/v2\/media\/30249"}],"wp:attachment":[{"href":"https:\/\/www.redenoticia.com.br\/noticia\/wp-json\/wp\/v2\/media?parent=37595"}],"wp:term":[{"taxonomy":"category","embeddable":true,"href":"https:\/\/www.redenoticia.com.br\/noticia\/wp-json\/wp\/v2\/categories?post=37595"},{"taxonomy":"post_tag","embeddable":true,"href":"https:\/\/www.redenoticia.com.br\/noticia\/wp-json\/wp\/v2\/tags?post=37595"}],"curies":[{"name":"wp","href":"https:\/\/api.w.org\/{rel}","templated":true}]}}