{"id":37448,"date":"2011-12-01T13:42:43","date_gmt":"2011-12-01T15:42:43","guid":{"rendered":"http:\/\/www.redenoticia.com.br\/noticia\/?p=37448"},"modified":"2011-12-01T13:42:43","modified_gmt":"2011-12-01T15:42:43","slug":"previsao-climatica-para-o-trimestre-dez2011-a-fev2012","status":"publish","type":"post","link":"https:\/\/www.redenoticia.com.br\/noticia\/2011\/previsao-climatica-para-o-trimestre-dez2011-a-fev2012\/37448","title":{"rendered":"Previs\u00e3o clim\u00e1tica para o trimestre dez\/2011 a fev\/2012"},"content":{"rendered":"<p><img loading=\"lazy\" decoding=\"async\" class=\"alignleft size-full wp-image-28411\" title=\"previsao trimestre tempo clima\" src=\"https:\/\/www.redenoticia.com.br\/noticia\/imagens\/previsao-trimestre-tempo-clima.jpg\" alt=\"\" width=\"300\" height=\"193\" srcset=\"https:\/\/www.redenoticia.com.br\/noticia\/imagens\/previsao-trimestre-tempo-clima.jpg 300w, https:\/\/www.redenoticia.com.br\/noticia\/imagens\/previsao-trimestre-tempo-clima-250x160.jpg 250w, https:\/\/www.redenoticia.com.br\/noticia\/imagens\/previsao-trimestre-tempo-clima-150x96.jpg 150w\" sizes=\"auto, (max-width: 300px) 100vw, 300px\" \/>A <em><strong>previs\u00e3o clim\u00e1tica<\/strong><\/em> de consenso para o <em><strong>trimestre<\/strong><\/em> que inicia em dezembro de 2011 e termina em fevereiro de 2012 (DJF\/2012) indica maior probabilidade (45%) das chuvas ocorrerem na categoria acima da normal climatol\u00f3gica nos setores central e norte da Regi\u00e3o Norte e no norte do Maranh\u00e3o. No norte do Nordeste, a previs\u00e3o de consenso indica probabilidade de 40% das chuvas ocorrerem na categoria normal e probabilidade de 35% de ocorrerem na categoria acima da faixa normal. Para o sul da Regi\u00e3o Sul, persiste a maior probabilidade (75%) das chuvas situarem-se entre as categorias normal e abaixo da normal climatol\u00f3gica.<\/p>\n<p>Na grande \u00e1rea central do Brasil, que inclui as Regi\u00f5es Sudeste e Centro-Oeste e parte da Regi\u00e3o Nordeste, a previs\u00e3o aponta para o padr\u00e3o climatol\u00f3gico, ou seja, igual probabilidade de chuvas para as tr\u00eas categorias (abaixo, normal e acima da normal climatol\u00f3gica). Nestas regi\u00f5es, podem ocorrer condi\u00e7\u00f5es de excesso de chuva em \u00e1reas isoladas, em fun\u00e7\u00e3o da atua\u00e7\u00e3o de sistemas convectivos locais e poss\u00edvel influ\u00eancia da Zona de Converg\u00eancia do Atl\u00e2ntico Sul (ZCAS). As temperaturas continuam sendo previstas dentro da normalidade durante o pr\u00f3ximo trimestre em todo o Pa\u00eds.<\/p>\n<p>Norte: Chuva &#8211; na categoria acima da normal nos setores central e norte da Regi\u00e3o. Nas demais \u00e1reas, a previs\u00e3o indica comportamento climatol\u00f3gico, com igual probabilidade para as tr\u00eas categorias. Temperatura &#8211; em torno da normal climatol\u00f3gica.<\/p>\n<p>Nordeste: Chuva &#8211; acima da normal climatol\u00f3gica nos setores oeste e norte do Maranh\u00e3o e entre as categorias normal e acima da faixa normal desde o leste do Maranh\u00e3o ao oeste do Rio Grande do Norte. Nas demais \u00e1reas, a previs\u00e3o indica comportamento climatol\u00f3gico, com igual probabilidade para as tr\u00eas categorias. Temperatura &#8211; em torno da normal climatol\u00f3gica.<\/p>\n<p>Centro-Oeste: Chuva &#8211; em torno da normal climatol\u00f3gica, com igual probabilidade para as tr\u00eas categorias. Temperatura &#8211; em torno da normal climatol\u00f3gica.<\/p>\n<p>Sudeste: Chuva &#8211; em torno da normal climatol\u00f3gica, com igual probabilidade para as tr\u00eas categorias. Temperatura &#8211; em torno da normal climatol\u00f3gica.<\/p>\n<p>Sul: Chuva &#8211; abaixo da normal climatol\u00f3gica no Rio Grande do Sul. Nas demais \u00e1reas, a previs\u00e3o de chuvas seguir\u00e1 o comportamento climatol\u00f3gico, com igual probabilidade para as tr\u00eas categorias. Temperatura &#8211; em torno da normal climatol\u00f3gica.<\/p>\n","protected":false},"excerpt":{"rendered":"<p>A previs\u00e3o clim\u00e1tica de consenso para o trimestre que inicia em dezembro de 2011 e termina em fevereiro de 2012 (DJF\/2012) indica maior probabilidade (45%) das chuvas ocorrerem na categoria acima da normal climatol\u00f3gica nos setores central e norte da Regi\u00e3o Norte e no norte do Maranh\u00e3o. No norte do Nordeste, a previs\u00e3o de consenso [&hellip;]<\/p>\n","protected":false},"author":3,"featured_media":28411,"comment_status":"open","ping_status":"closed","sticky":false,"template":"","format":"standard","meta":{"_genesis_hide_title":false,"_genesis_hide_breadcrumbs":false,"_genesis_hide_singular_image":false,"_genesis_hide_footer_widgets":false,"_genesis_custom_body_class":"","_genesis_custom_post_class":"","_genesis_layout":"","_jetpack_memberships_contains_paid_content":false,"footnotes":""},"categories":[22,327,376],"tags":[],"class_list":{"0":"post-37448","1":"post","2":"type-post","3":"status-publish","4":"format-standard","5":"has-post-thumbnail","7":"category-brasil","8":"category-clima","9":"category-clima-brasil","10":"entry","11":"gs-1","12":"gs-odd","13":"gs-even","14":"gs-featured-content-entry"},"jetpack_featured_media_url":"https:\/\/www.redenoticia.com.br\/noticia\/imagens\/previsao-trimestre-tempo-clima.jpg","jetpack_sharing_enabled":true,"jetpack_likes_enabled":true,"_links":{"self":[{"href":"https:\/\/www.redenoticia.com.br\/noticia\/wp-json\/wp\/v2\/posts\/37448","targetHints":{"allow":["GET"]}}],"collection":[{"href":"https:\/\/www.redenoticia.com.br\/noticia\/wp-json\/wp\/v2\/posts"}],"about":[{"href":"https:\/\/www.redenoticia.com.br\/noticia\/wp-json\/wp\/v2\/types\/post"}],"author":[{"embeddable":true,"href":"https:\/\/www.redenoticia.com.br\/noticia\/wp-json\/wp\/v2\/users\/3"}],"replies":[{"embeddable":true,"href":"https:\/\/www.redenoticia.com.br\/noticia\/wp-json\/wp\/v2\/comments?post=37448"}],"version-history":[{"count":0,"href":"https:\/\/www.redenoticia.com.br\/noticia\/wp-json\/wp\/v2\/posts\/37448\/revisions"}],"wp:featuredmedia":[{"embeddable":true,"href":"https:\/\/www.redenoticia.com.br\/noticia\/wp-json\/wp\/v2\/media\/28411"}],"wp:attachment":[{"href":"https:\/\/www.redenoticia.com.br\/noticia\/wp-json\/wp\/v2\/media?parent=37448"}],"wp:term":[{"taxonomy":"category","embeddable":true,"href":"https:\/\/www.redenoticia.com.br\/noticia\/wp-json\/wp\/v2\/categories?post=37448"},{"taxonomy":"post_tag","embeddable":true,"href":"https:\/\/www.redenoticia.com.br\/noticia\/wp-json\/wp\/v2\/tags?post=37448"}],"curies":[{"name":"wp","href":"https:\/\/api.w.org\/{rel}","templated":true}]}}