{"id":37441,"date":"2011-11-30T13:09:00","date_gmt":"2011-11-30T15:09:00","guid":{"rendered":"http:\/\/www.redenoticia.com.br\/noticia\/?p=37441"},"modified":"2011-11-30T19:09:21","modified_gmt":"2011-11-30T21:09:21","slug":"ong-cobra-mais-participacao-popular-nas-decisoes-da-copa-de-2014","status":"publish","type":"post","link":"https:\/\/www.redenoticia.com.br\/noticia\/2011\/ong-cobra-mais-participacao-popular-nas-decisoes-da-copa-de-2014\/37441","title":{"rendered":"ONG cobra mais participa\u00e7\u00e3o popular nas decis\u00f5es da Copa de 2014"},"content":{"rendered":"<p><img loading=\"lazy\" decoding=\"async\" class=\"alignleft size-full wp-image-30249\" title=\"copa do mundo 2014\" src=\"https:\/\/www.redenoticia.com.br\/noticia\/imagens\/copa-do-mundo-2014.jpg\" alt=\"\" width=\"300\" height=\"193\" srcset=\"https:\/\/www.redenoticia.com.br\/noticia\/imagens\/copa-do-mundo-2014.jpg 300w, https:\/\/www.redenoticia.com.br\/noticia\/imagens\/copa-do-mundo-2014-250x161.jpg 250w, https:\/\/www.redenoticia.com.br\/noticia\/imagens\/copa-do-mundo-2014-150x97.jpg 150w\" sizes=\"auto, (max-width: 300px) 100vw, 300px\" \/>Rio de Janeiro &#8211; Mais participa\u00e7\u00e3o popular nas decis\u00f5es envolvendo investimentos p\u00fablicos nas obras da <em><strong>Copa de 2014<\/strong><\/em> e garantia de legados concretos para o pa\u00eds s\u00e3o reivindica\u00e7\u00f5es feitas pela organiza\u00e7\u00e3o n\u00e3o governamental (ONG) Comit\u00ea Popular da Copa e das Olimp\u00edadas do Rio de Janeiro. O grupo chegou a fazer protestos e panfletagem durante a feira Soccerex Global Convention, que termina hoje (30) no Forte de Copacabana, reunindo grandes empresas mundiais ligadas ao futebol.<\/p>\n<p>Uma das cr\u00edticas da\u00a0ONG refere-se \u00e0 elitiza\u00e7\u00e3o do esporte, com ingressos cada vez mais inacess\u00edveis \u00e0 popula\u00e7\u00e3o de baixa renda, que perdeu espa\u00e7os nos est\u00e1dios, com o fechamento de \u00e1reas tradicionais e baratas, como as arquibancadas e as gerais, substitu\u00eddas por setores com cadeiras numeradas.<\/p>\n<p>\u201cO futebol come\u00e7ou como\u00a0um esporte elitista e depois se tornou popular. Agora corre o risco de se tornar elitista novamente. Com o pre\u00e7o m\u00e9dio praticado em muitos est\u00e1dios, uma fam\u00edlia com quatro pessoas gasta mais de R$ 100 para assistir a uma partida\u201d, alertou Renato Cosentino, integrante do Comit\u00ea Popular da Copa e das Olimp\u00edadas.<\/p>\n<p>P\u00f3s-graduado em Pol\u00edtica\u00a0e Planejamento Urbano pela Universidade Federal do Rio de Janeiro (UFRJ), Cosentino tamb\u00e9m criticou a pouca participa\u00e7\u00e3o popular nos projetos referentes \u00e0 Copa de 2014 e \u00e0s Olimp\u00edadas de 2016. &#8220;\u00c9 dif\u00edcil saber quanto custa cada obra. Falta discuss\u00e3o p\u00fablica\u201d, ressaltou o pesquisador.<\/p>\n<p>Para ele, isso acaba inviabilizando\u00a0os prometidos legados esportivos, sempre citados quando o assunto \u00e9 investir milh\u00f5es de reais em obras. \u201cReformamos o Maracan\u00e3 para os Jogos Pan-Americanos de 2007, ao custo de R$ 400 milh\u00f5es, com a justificativa de que ele ficaria para uma futura Copa do Mundo ou uma Olimp\u00edada. Agora estamos gastando quase R$ 1 bilh\u00e3o novamente. O mesmo aconteceu com o Parque Aqu\u00e1tico Maria Lenk e j\u00e1 se fala em construir outro complexo de piscinas\u201d, destacou.<\/p>\n<p>Para os empres\u00e1rios e agentes p\u00fablicos\u00a0envolvidos na Soccerex, a Copa de 2014 garantir\u00e1 legados para a popula\u00e7\u00e3o brasileira, principalmente com a constru\u00e7\u00e3o de est\u00e1dios e o aumento do fluxo de turistas durante e ap\u00f3s a competi\u00e7\u00e3o. Segundo o diretor executivo de Opera\u00e7\u00f5es e Competi\u00e7\u00f5es do Comit\u00ea Organizador Local, Ricardo Trade, a Copa vai movimentar um total de R$ 112 bilh\u00f5es at\u00e9 2014. Segundo ele, at\u00e9 2016, ser\u00e3o investidos R$ 22 bilh\u00f5es em infraestrutura.<\/p>\n<p>\u201cHaver\u00e1 um legado para o turismo, com a\u00a0consolida\u00e7\u00e3o de uma nova imagem do pa\u00eds e o aumento progressivo de turistas e de divisas. S\u00f3 para os jogos da Copa s\u00e3o esperados 600 mil visitantes\u201d, disse Trade, durante palestra para empres\u00e1rios e especialistas em marketing esportivo.<\/p>\n<p>A vis\u00e3o \u00e9 compartilhada pelo ex-capit\u00e3o do\u00a0time que ganhou a Copa de 70, Carlos Alberto Torres. \u201cHoje, os turistas praticamente s\u00f3 ouvem falar em Copacabana e Ipanema. Desconhecem as praias do Nordeste, o Pantanal, Foz do Igua\u00e7u e a Amaz\u00f4nia. Depois que conhecerem o pa\u00eds durante a Copa, v\u00e3o voltar sempre\u201d, disse Carlos Alberto, que participou de uma mesa-redonda com outros craques do passado.<\/p>\n<p>Edi\u00e7\u00e3o: Gra\u00e7a Adjuto e Talita Cavalcante<\/p>\n<p>Vladimir Platonow<br \/>\nRep\u00f3rter\u00a0da Ag\u00eancia Brasil<\/p>\n","protected":false},"excerpt":{"rendered":"<p>Rio de Janeiro &#8211; Mais participa\u00e7\u00e3o popular nas decis\u00f5es envolvendo investimentos p\u00fablicos nas obras da Copa de 2014 e garantia de legados concretos para o pa\u00eds s\u00e3o reivindica\u00e7\u00f5es feitas pela organiza\u00e7\u00e3o n\u00e3o governamental (ONG) Comit\u00ea Popular da Copa e das Olimp\u00edadas do Rio de Janeiro. O grupo chegou a fazer protestos e panfletagem durante a [&hellip;]<\/p>\n","protected":false},"author":3,"featured_media":30249,"comment_status":"open","ping_status":"closed","sticky":false,"template":"","format":"standard","meta":{"_genesis_hide_title":false,"_genesis_hide_breadcrumbs":false,"_genesis_hide_singular_image":false,"_genesis_hide_footer_widgets":false,"_genesis_custom_body_class":"","_genesis_custom_post_class":"","_genesis_layout":"","_jetpack_memberships_contains_paid_content":false,"footnotes":""},"categories":[22],"tags":[],"class_list":{"0":"post-37441","1":"post","2":"type-post","3":"status-publish","4":"format-standard","5":"has-post-thumbnail","7":"category-brasil","8":"entry","9":"gs-1","10":"gs-odd","11":"gs-even","12":"gs-featured-content-entry"},"jetpack_featured_media_url":"https:\/\/www.redenoticia.com.br\/noticia\/imagens\/copa-do-mundo-2014.jpg","jetpack_sharing_enabled":true,"jetpack_likes_enabled":true,"_links":{"self":[{"href":"https:\/\/www.redenoticia.com.br\/noticia\/wp-json\/wp\/v2\/posts\/37441","targetHints":{"allow":["GET"]}}],"collection":[{"href":"https:\/\/www.redenoticia.com.br\/noticia\/wp-json\/wp\/v2\/posts"}],"about":[{"href":"https:\/\/www.redenoticia.com.br\/noticia\/wp-json\/wp\/v2\/types\/post"}],"author":[{"embeddable":true,"href":"https:\/\/www.redenoticia.com.br\/noticia\/wp-json\/wp\/v2\/users\/3"}],"replies":[{"embeddable":true,"href":"https:\/\/www.redenoticia.com.br\/noticia\/wp-json\/wp\/v2\/comments?post=37441"}],"version-history":[{"count":0,"href":"https:\/\/www.redenoticia.com.br\/noticia\/wp-json\/wp\/v2\/posts\/37441\/revisions"}],"wp:featuredmedia":[{"embeddable":true,"href":"https:\/\/www.redenoticia.com.br\/noticia\/wp-json\/wp\/v2\/media\/30249"}],"wp:attachment":[{"href":"https:\/\/www.redenoticia.com.br\/noticia\/wp-json\/wp\/v2\/media?parent=37441"}],"wp:term":[{"taxonomy":"category","embeddable":true,"href":"https:\/\/www.redenoticia.com.br\/noticia\/wp-json\/wp\/v2\/categories?post=37441"},{"taxonomy":"post_tag","embeddable":true,"href":"https:\/\/www.redenoticia.com.br\/noticia\/wp-json\/wp\/v2\/tags?post=37441"}],"curies":[{"name":"wp","href":"https:\/\/api.w.org\/{rel}","templated":true}]}}