{"id":37317,"date":"2011-11-22T18:18:25","date_gmt":"2011-11-22T20:18:25","guid":{"rendered":"http:\/\/www.redenoticia.com.br\/noticia\/?p=37317"},"modified":"2011-11-22T18:18:26","modified_gmt":"2011-11-22T20:18:26","slug":"virada-inclusiva-sp-tera-24-horas-de-cultura-e-esporte-em-dezembro","status":"publish","type":"post","link":"https:\/\/www.redenoticia.com.br\/noticia\/2011\/virada-inclusiva-sp-tera-24-horas-de-cultura-e-esporte-em-dezembro\/37317","title":{"rendered":"Virada Inclusiva SP ter\u00e1 24 horas de cultura e esporte em dezembro"},"content":{"rendered":"<p><img loading=\"lazy\" decoding=\"async\" class=\"alignleft size-full wp-image-27918\" title=\"virada cultural sp\" src=\"https:\/\/www.redenoticia.com.br\/noticia\/imagens\/virada-cultural-sp-2010.jpg\" alt=\"\" width=\"300\" height=\"193\" srcset=\"https:\/\/www.redenoticia.com.br\/noticia\/imagens\/virada-cultural-sp-2010.jpg 300w, https:\/\/www.redenoticia.com.br\/noticia\/imagens\/virada-cultural-sp-2010-250x160.jpg 250w, https:\/\/www.redenoticia.com.br\/noticia\/imagens\/virada-cultural-sp-2010-150x96.jpg 150w\" sizes=\"auto, (max-width: 300px) 100vw, 300px\" \/>Mais de 500 atra\u00e7\u00f5es culturais &#8211; shows, mostras de teatro e oficinas &#8211; e esportivas apresentadas ao longo de dois dias, em 35 munic\u00edpios. Assim ser\u00e1 a segunda edi\u00e7\u00e3o da <em><strong>Virada Inclusiva<\/strong><\/em>, nos dias 3 e 4 de dezembro (s\u00e1bado e domingo).<\/p>\n<p>Coordenada pela Secretaria de Estado dos Direitos da Pessoa com Defici\u00eancia, a 2\u00aa Virada Inclusiva re\u00fane mais de 75 parceiros, entre organiza\u00e7\u00f5es da sociedade civil, prefeituras e a participa\u00e7\u00e3o volunt\u00e1ria de artistas e esportistas.<\/p>\n<p>As atra\u00e7\u00f5es ocorrem em espa\u00e7os com acessibilidade f\u00edsica. Em muitas delas os protagonistas ser\u00e3o pessoas com defici\u00eancia e tamb\u00e9m haver\u00e1 recursos para facilitar o acesso ao conte\u00fado, como informa\u00e7\u00f5es em braile e tradu\u00e7\u00e3o em Libras.<\/p>\n<p>O evento tem como objetivo celebrar as conquistas dos cerca de 30 milh\u00f5es de brasileiros com algum tipo de defici\u00eancia, al\u00e9m de mostrar que a inclus\u00e3o j\u00e1 \u00e9 uma realidade nos mais diversos segmentos da sociedade.<\/p>\n<p>Destaques<\/p>\n<p>Entre os destaques da programa\u00e7\u00e3o art\u00edstica est\u00e3o shows como os da cantora Adriana Calcanhoto e da banda Tribo de Jah, oficinas de percuss\u00e3o com deficientes auditivos, bal\u00e9 inclusivo, coral em Libras, sess\u00f5es de cinema e exposi\u00e7\u00e3o fotogr\u00e1fica com audiodescri\u00e7\u00e3o para cegos, conta\u00e7\u00e3o de hist\u00f3rias em Libras, teatro para o p\u00fablico adulto e infantil, exposi\u00e7\u00f5es sensoriais de artes pl\u00e1sticas, visitas monitoradas aos museus e ao Zool\u00f3gico.<\/p>\n<p>No campo esportivo, haver\u00e1 exibi\u00e7\u00f5es e oficinas de v\u00f4lei sentado, basquete, esgrima e t\u00eanis em cadeira de rodas, surfe, futsal, xadrez e futebol de 5 (para deficientes visuais), jud\u00f4, bocha, goalball, capoeira, nata\u00e7\u00e3o, caminhadas e passeios a p\u00e9 e de bicicleta, entre outras a\u00e7\u00f5es recreativas.<\/p>\n<p>Locais<\/p>\n<p>Na capital, as atividades ser\u00e3o realizadas em pontos como as unidades do Sesc, Parque do Ibirapuera, Parque Villa-Lobos, Zool\u00f3gico, Parque da Juventude, Parque Ecol\u00f3gico Guarapiranga, Pinacoteca do Estado, Museu Afro Brasil, Museu de Arte Moderna (MAM), Museu de Arte de S\u00e3o Paulo (Masp), Museu do Futebol e Teatro Municipal.<\/p>\n<p>No interior, as a\u00e7\u00f5es ocorrem nas cidades de Araraquara, Barueri, Bauru, Bertioga, Birigui, Botucatu, Campinas, Capivari, Caraguatatuba, Catanduva, Descalvado, Diadema, Ferraz de Vasconcelos, Hortol\u00e2ndia, Itatiba, Mau\u00e1, Mogi das Cruzes, Mogi Mirim, Osasco, Piracicaba, Presidente Prudente, Quadra, Ribeir\u00e3o Preto, Santos, Santo Andr\u00e9, S\u00e3o Bernardo do Campo, S\u00e3o Caetano do Sul, S\u00e3o Jos\u00e9 dos Campos, S\u00e3o Jos\u00e9 do Rio Preto, Sorocaba, Sumar\u00e9, Tatu\u00ed e Taubat\u00e9.<\/p>\n<p>Servi\u00e7o<\/p>\n<p>Confira programa\u00e7\u00e3o completa no site <a href=\"http:\/\/viradainclusiva.sedpcd.sp.gov.br\" target=\"_blank\">http:\/\/viradainclusiva.sedpcd.sp.gov.br<\/a>.<br \/>\nOutras informa\u00e7\u00f5es, ligue (11) 5212-3705<\/p>\n<p>Da Ag\u00eancia Imprensa Oficial e da Secretaria dos Direitos da Pessoa com Defici\u00eancia<\/p>\n","protected":false},"excerpt":{"rendered":"<p>Mais de 500 atra\u00e7\u00f5es culturais &#8211; shows, mostras de teatro e oficinas &#8211; e esportivas apresentadas ao longo de dois dias, em 35 munic\u00edpios. Assim ser\u00e1 a segunda edi\u00e7\u00e3o da Virada Inclusiva, nos dias 3 e 4 de dezembro (s\u00e1bado e domingo). Coordenada pela Secretaria de Estado dos Direitos da Pessoa com Defici\u00eancia, a 2\u00aa [&hellip;]<\/p>\n","protected":false},"author":3,"featured_media":27918,"comment_status":"open","ping_status":"closed","sticky":false,"template":"","format":"standard","meta":{"_genesis_hide_title":false,"_genesis_hide_breadcrumbs":false,"_genesis_hide_singular_image":false,"_genesis_hide_footer_widgets":false,"_genesis_custom_body_class":"","_genesis_custom_post_class":"","_genesis_layout":"","_jetpack_memberships_contains_paid_content":false,"footnotes":""},"categories":[22],"tags":[],"class_list":{"0":"post-37317","1":"post","2":"type-post","3":"status-publish","4":"format-standard","5":"has-post-thumbnail","7":"category-brasil","8":"entry","9":"gs-1","10":"gs-odd","11":"gs-even","12":"gs-featured-content-entry"},"jetpack_featured_media_url":"https:\/\/www.redenoticia.com.br\/noticia\/imagens\/virada-cultural-sp-2010.jpg","jetpack_sharing_enabled":true,"jetpack_likes_enabled":true,"_links":{"self":[{"href":"https:\/\/www.redenoticia.com.br\/noticia\/wp-json\/wp\/v2\/posts\/37317","targetHints":{"allow":["GET"]}}],"collection":[{"href":"https:\/\/www.redenoticia.com.br\/noticia\/wp-json\/wp\/v2\/posts"}],"about":[{"href":"https:\/\/www.redenoticia.com.br\/noticia\/wp-json\/wp\/v2\/types\/post"}],"author":[{"embeddable":true,"href":"https:\/\/www.redenoticia.com.br\/noticia\/wp-json\/wp\/v2\/users\/3"}],"replies":[{"embeddable":true,"href":"https:\/\/www.redenoticia.com.br\/noticia\/wp-json\/wp\/v2\/comments?post=37317"}],"version-history":[{"count":0,"href":"https:\/\/www.redenoticia.com.br\/noticia\/wp-json\/wp\/v2\/posts\/37317\/revisions"}],"wp:featuredmedia":[{"embeddable":true,"href":"https:\/\/www.redenoticia.com.br\/noticia\/wp-json\/wp\/v2\/media\/27918"}],"wp:attachment":[{"href":"https:\/\/www.redenoticia.com.br\/noticia\/wp-json\/wp\/v2\/media?parent=37317"}],"wp:term":[{"taxonomy":"category","embeddable":true,"href":"https:\/\/www.redenoticia.com.br\/noticia\/wp-json\/wp\/v2\/categories?post=37317"},{"taxonomy":"post_tag","embeddable":true,"href":"https:\/\/www.redenoticia.com.br\/noticia\/wp-json\/wp\/v2\/tags?post=37317"}],"curies":[{"name":"wp","href":"https:\/\/api.w.org\/{rel}","templated":true}]}}