{"id":37272,"date":"2011-11-17T19:49:51","date_gmt":"2011-11-17T21:49:51","guid":{"rendered":"http:\/\/www.redenoticia.com.br\/noticia\/?p=37272"},"modified":"2011-11-17T19:49:51","modified_gmt":"2011-11-17T21:49:51","slug":"enade-mec-ira-cortar-50-mil-vagas-em-faculdades","status":"publish","type":"post","link":"https:\/\/www.redenoticia.com.br\/noticia\/2011\/enade-mec-ira-cortar-50-mil-vagas-em-faculdades\/37272","title":{"rendered":"Enade &#8211; MEC ir\u00e1 cortar 50 mil vagas em faculdades"},"content":{"rendered":"<p><img loading=\"lazy\" decoding=\"async\" class=\"alignleft size-full wp-image-36265\" title=\"aluno b\" src=\"https:\/\/www.redenoticia.com.br\/noticia\/imagens\/aluno-b.jpg\" alt=\"\" width=\"300\" height=\"193\" srcset=\"https:\/\/www.redenoticia.com.br\/noticia\/imagens\/aluno-b.jpg 300w, https:\/\/www.redenoticia.com.br\/noticia\/imagens\/aluno-b-250x161.jpg 250w, https:\/\/www.redenoticia.com.br\/noticia\/imagens\/aluno-b-150x97.jpg 150w\" sizes=\"auto, (max-width: 300px) 100vw, 300px\" \/>Bras\u00edlia &#8211; At\u00e9 o fim do ano, o Minist\u00e9rio da Educa\u00e7\u00e3o ir\u00e1 cortar 50 mil vagas de cursos nas \u00e1reas de sa\u00fade, administra\u00e7\u00e3o e ci\u00eancias cont\u00e1beis, que tiveram resultados insatisfat\u00f3rios em avalia\u00e7\u00f5es aplicadas pela pasta. O an\u00fancio foi feito hoje (17) pelo secret\u00e1rio de Regula\u00e7\u00e3o e Supervis\u00e3o do Ensino Superior, Luis Fernando Massonetto, durante a divulga\u00e7\u00e3o dos resultados Exame Nacional de Desempenho de Estudantes (<em><strong>Enade<\/strong><\/em>) de 2010.<\/p>\n<p>O minist\u00e9rio ainda n\u00e3o informou quais institui\u00e7\u00f5es ser\u00e3o afetadas com a redu\u00e7\u00e3o das vagas. As informa\u00e7\u00f5es ser\u00e3o divulgadas nas pr\u00f3ximas semanas. Os cortes incluir\u00e3o cursos que tiveram resultados insatisfat\u00f3rios no Conceito Preliminar de Curso (CPC) em pelo menos dois anos do \u00faltimo ciclo avaliativo (2008-2010). O corte de vagas se dar\u00e1 entre 20% e 65% da oferta de cada curso, dependo do resultado das avalia\u00e7\u00f5es.<\/p>\n<p>O secret\u00e1rio tamb\u00e9m informou que, pelo menos, oito centros universit\u00e1rios que tiveram IGC 1 ou 2, considerados insatisfat\u00f3rios, perder\u00e3o a autonomia para abrir cursos ou ampliar o n\u00famero de vagas. J\u00e1 as faculdades com baixo desempenho no mesmo indicador e que n\u00e3o t\u00eam autonomia administrativa para ampliar ou criar cursos, dever\u00e3o passar por um processo de supervis\u00e3o que incluir\u00e1 a ado\u00e7\u00e3o de medidas de saneamento, como corte de vagas e suspens\u00e3o de novos ingressos.<\/p>\n<p>Os processos anteriores de supervis\u00e3o do MEC tinham se concentrado nos cursos de medicina, pedagogia e direito. Ao todo, mais de 34 mil vagas foram cortadas nessas \u00e1reas desde 2006.<\/p>\n<p>Amanda Cieglinski<br \/>\nRep\u00f3rter da Ag\u00eancia Brasil<br \/>\nEdi\u00e7\u00e3o: Vinicius Doria<\/p>\n","protected":false},"excerpt":{"rendered":"<p>Bras\u00edlia &#8211; At\u00e9 o fim do ano, o Minist\u00e9rio da Educa\u00e7\u00e3o ir\u00e1 cortar 50 mil vagas de cursos nas \u00e1reas de sa\u00fade, administra\u00e7\u00e3o e ci\u00eancias cont\u00e1beis, que tiveram resultados insatisfat\u00f3rios em avalia\u00e7\u00f5es aplicadas pela pasta. O an\u00fancio foi feito hoje (17) pelo secret\u00e1rio de Regula\u00e7\u00e3o e Supervis\u00e3o do Ensino Superior, Luis Fernando Massonetto, durante a [&hellip;]<\/p>\n","protected":false},"author":3,"featured_media":36265,"comment_status":"open","ping_status":"closed","sticky":false,"template":"","format":"standard","meta":{"_genesis_hide_title":false,"_genesis_hide_breadcrumbs":false,"_genesis_hide_singular_image":false,"_genesis_hide_footer_widgets":false,"_genesis_custom_body_class":"","_genesis_custom_post_class":"","_genesis_layout":"","_jetpack_memberships_contains_paid_content":false,"footnotes":""},"categories":[22],"tags":[],"class_list":{"0":"post-37272","1":"post","2":"type-post","3":"status-publish","4":"format-standard","5":"has-post-thumbnail","7":"category-brasil","8":"entry","9":"gs-1","10":"gs-odd","11":"gs-even","12":"gs-featured-content-entry"},"jetpack_featured_media_url":"https:\/\/www.redenoticia.com.br\/noticia\/imagens\/aluno-b.jpg","jetpack_sharing_enabled":true,"jetpack_likes_enabled":true,"_links":{"self":[{"href":"https:\/\/www.redenoticia.com.br\/noticia\/wp-json\/wp\/v2\/posts\/37272","targetHints":{"allow":["GET"]}}],"collection":[{"href":"https:\/\/www.redenoticia.com.br\/noticia\/wp-json\/wp\/v2\/posts"}],"about":[{"href":"https:\/\/www.redenoticia.com.br\/noticia\/wp-json\/wp\/v2\/types\/post"}],"author":[{"embeddable":true,"href":"https:\/\/www.redenoticia.com.br\/noticia\/wp-json\/wp\/v2\/users\/3"}],"replies":[{"embeddable":true,"href":"https:\/\/www.redenoticia.com.br\/noticia\/wp-json\/wp\/v2\/comments?post=37272"}],"version-history":[{"count":0,"href":"https:\/\/www.redenoticia.com.br\/noticia\/wp-json\/wp\/v2\/posts\/37272\/revisions"}],"wp:featuredmedia":[{"embeddable":true,"href":"https:\/\/www.redenoticia.com.br\/noticia\/wp-json\/wp\/v2\/media\/36265"}],"wp:attachment":[{"href":"https:\/\/www.redenoticia.com.br\/noticia\/wp-json\/wp\/v2\/media?parent=37272"}],"wp:term":[{"taxonomy":"category","embeddable":true,"href":"https:\/\/www.redenoticia.com.br\/noticia\/wp-json\/wp\/v2\/categories?post=37272"},{"taxonomy":"post_tag","embeddable":true,"href":"https:\/\/www.redenoticia.com.br\/noticia\/wp-json\/wp\/v2\/tags?post=37272"}],"curies":[{"name":"wp","href":"https:\/\/api.w.org\/{rel}","templated":true}]}}