{"id":3727,"date":"2009-06-25T13:31:21","date_gmt":"2009-06-25T17:31:21","guid":{"rendered":"http:\/\/www.redenoticia.com.br\/noticia\/?p=3727"},"modified":"2009-06-25T17:17:00","modified_gmt":"2009-06-25T21:17:00","slug":"camara-de-ji-parana-homenageia-os-10-anos-da-ji-cred","status":"publish","type":"post","link":"https:\/\/www.redenoticia.com.br\/noticia\/2009\/camara-de-ji-parana-homenageia-os-10-anos-da-ji-cred\/3727","title":{"rendered":"C\u00e2mara de Ji-Paran\u00e1 homenageia os 10 anos da Ji-Cred"},"content":{"rendered":"<p><span style=\"font-family: 'Times New Roman'; font-size: small;\">Uma Sess\u00e3o Solene ser\u00e1 realizada na pr\u00f3xima segunda-feira, 29 de junho, em homenagem aos dez anos de cria\u00e7\u00e3o da Ji-Cred. A homenagem foi solicitada pela Vereadora Solange Pereira (PMDB) que utilizou a tribuna nesta semana para ressaltar a import\u00e2ncia do trabalho prestado pela entidade.<\/span><\/p>\n<p><span style=\"font-family: 'Times New Roman'; font-size: small;\">Solange ressaltou que a Ji-Cred \u00e9 uma iniciativa que tem contribu\u00eddo para o desenvolvimento de Ji-Paran\u00e1 implantando v\u00e1rios projetos voltados para sociedade. A vereadora citou como exemplo, os projetos desenvolvidos pela Funda\u00e7\u00e3o Ji-Cred, respons\u00e1vel pela administra\u00e7\u00e3o do Aeroporto Municipal, projeto Social Sonho Meu, que atende dezenas de crian\u00e7as de nossa cidade e o Projeto Ceasa voltado para a agricultura.<\/span><\/p>\n<p><span style=\"font-family: 'Times New Roman'; font-size: small;\">\u201c\u00c9 uma institui\u00e7\u00e3o que s\u00f3 tem trazido benef\u00edcios para nosso munic\u00edpio e merece tamanha homenagem\u201d, disse Solange.<\/span><\/p>\n<p><span style=\"font-family: 'Times New Roman'; font-size: small;\">O Presidente da C\u00e2mara, vereador Nilton Cezar Rios (PSB), lembrou que a Funda\u00e7\u00e3o Ji-Cred tem atuado em v\u00e1rios setores produtivos da cidade, apoiando a agricultura melhorando a economia local. Nilton ressaltou ainda que por meio da Cooperativa de Credito Rural de Ji-Paran\u00e1, a cidade ganha duas vezes, porque ao contr\u00e1rios dos grandes bancos nacionais, o dinheiro aplicado pelos cooperados ficam em Ji-Paran\u00e1 e acabam investidos na cidade, estimulando a ind\u00fastria, com\u00e9rcio, servi\u00e7os e novos neg\u00f3cios.<\/span><\/p>\n<p><span style=\"font-family: 'Times New Roman'; font-size: small;\"><strong>Ji &#8211; Cred &#8211;<\/strong> A Cooperativa de Cr\u00e9dito Rural de Ji-Paran\u00e1, Ji-Cred foi inaugurada oficialmente no dia 16 de junho de 1999, a cooperativa surgiu com o desafio de vencer barreiras e conquistar a confian\u00e7a de centenas de s\u00f3cios-investidores. Fez bem mais do que isso. Tornou-se uma institui\u00e7\u00e3o financeira de sucesso, com grande envolvimento junto \u00e0 sociedade local e destacadas a\u00e7\u00f5es de responsabilidade social.<\/span><\/p>\n<p><span style=\"font-family: 'Times New Roman'; font-size: small;\">Hoje, a Ji-Cred lidera o ranking das cooperativas participantes do Sistema de Cr\u00e9dito Cooperativo do Noroeste Brasileiro (Sistema Credisis) e se transformou numa das maiores institui\u00e7\u00f5es financeiras do Estado, com benef\u00edcios diretos e indiretos para toda a popula\u00e7\u00e3o da regi\u00e3o de Ji-Paran\u00e1, onde a cooperativa concentra suas atividades.<\/span><\/p>\n","protected":false},"excerpt":{"rendered":"<p>Uma Sess\u00e3o Solene ser\u00e1 realizada na pr\u00f3xima segunda-feira, 29 de junho, em homenagem aos dez anos de cria\u00e7\u00e3o da Ji-Cred. A homenagem foi solicitada pela Vereadora Solange Pereira (PMDB) que utilizou a tribuna nesta semana para ressaltar a import\u00e2ncia do trabalho prestado pela entidade. Solange ressaltou que a Ji-Cred \u00e9 uma iniciativa que tem contribu\u00eddo [&hellip;]<\/p>\n","protected":false},"author":2,"featured_media":0,"comment_status":"open","ping_status":"open","sticky":false,"template":"","format":"standard","meta":{"_genesis_hide_title":false,"_genesis_hide_breadcrumbs":false,"_genesis_hide_singular_image":false,"_genesis_hide_footer_widgets":false,"_genesis_custom_body_class":"","_genesis_custom_post_class":"","_genesis_layout":"","_jetpack_memberships_contains_paid_content":false,"footnotes":""},"categories":[22],"tags":[],"class_list":{"0":"post-3727","1":"post","2":"type-post","3":"status-publish","4":"format-standard","6":"category-brasil","7":"entry","8":"gs-1","9":"gs-odd","10":"gs-even","11":"gs-featured-content-entry"},"jetpack_featured_media_url":"","jetpack_sharing_enabled":true,"jetpack_likes_enabled":true,"_links":{"self":[{"href":"https:\/\/www.redenoticia.com.br\/noticia\/wp-json\/wp\/v2\/posts\/3727","targetHints":{"allow":["GET"]}}],"collection":[{"href":"https:\/\/www.redenoticia.com.br\/noticia\/wp-json\/wp\/v2\/posts"}],"about":[{"href":"https:\/\/www.redenoticia.com.br\/noticia\/wp-json\/wp\/v2\/types\/post"}],"author":[{"embeddable":true,"href":"https:\/\/www.redenoticia.com.br\/noticia\/wp-json\/wp\/v2\/users\/2"}],"replies":[{"embeddable":true,"href":"https:\/\/www.redenoticia.com.br\/noticia\/wp-json\/wp\/v2\/comments?post=3727"}],"version-history":[{"count":0,"href":"https:\/\/www.redenoticia.com.br\/noticia\/wp-json\/wp\/v2\/posts\/3727\/revisions"}],"wp:attachment":[{"href":"https:\/\/www.redenoticia.com.br\/noticia\/wp-json\/wp\/v2\/media?parent=3727"}],"wp:term":[{"taxonomy":"category","embeddable":true,"href":"https:\/\/www.redenoticia.com.br\/noticia\/wp-json\/wp\/v2\/categories?post=3727"},{"taxonomy":"post_tag","embeddable":true,"href":"https:\/\/www.redenoticia.com.br\/noticia\/wp-json\/wp\/v2\/tags?post=3727"}],"curies":[{"name":"wp","href":"https:\/\/api.w.org\/{rel}","templated":true}]}}