{"id":37214,"date":"2011-11-11T20:29:26","date_gmt":"2011-11-11T22:29:26","guid":{"rendered":"http:\/\/www.redenoticia.com.br\/noticia\/?p=37214"},"modified":"2011-11-11T20:29:26","modified_gmt":"2011-11-11T22:29:26","slug":"agenda-cultural-da-semana-no-estado-sp-12-a-18112011","status":"publish","type":"post","link":"https:\/\/www.redenoticia.com.br\/noticia\/2011\/agenda-cultural-da-semana-no-estado-sp-12-a-18112011\/37214","title":{"rendered":"Agenda cultural da semana no Estado SP (12 a 18\/11\/2011)"},"content":{"rendered":"<h2><span class=\"Apple-style-span\" style=\"font-size: 13px; font-weight: normal;\"><img loading=\"lazy\" decoding=\"async\" class=\"alignleft size-full wp-image-27918\" title=\"virada cultural sp\" src=\"https:\/\/www.redenoticia.com.br\/noticia\/imagens\/virada-cultural-sp-2010.jpg\" alt=\"\" width=\"300\" height=\"193\" srcset=\"https:\/\/www.redenoticia.com.br\/noticia\/imagens\/virada-cultural-sp-2010.jpg 300w, https:\/\/www.redenoticia.com.br\/noticia\/imagens\/virada-cultural-sp-2010-250x160.jpg 250w, https:\/\/www.redenoticia.com.br\/noticia\/imagens\/virada-cultural-sp-2010-150x96.jpg 150w\" sizes=\"auto, (max-width: 300px) 100vw, 300px\" \/>Toda sexta-feira, o Portal do Governo do Estado de S\u00e3o Paulo e a Ag\u00eancia Di\u00e1rio Oficial preparam uma <em><strong>programa\u00e7\u00e3o cultural<\/strong><\/em> com v\u00e1rias op\u00e7\u00f5es para aproveitar o <em><strong>final de semana<\/strong><\/em>. Um dos destaques \u00e9 a exposi\u00e7\u00e3o, no Museu do Caf\u00e9, sobre a influ\u00eancia do caf\u00e9 no porto e na cidade de Santos. O Parque Villa-Lobos recebe o show gratuito de Marcelo Jeneci e Tulipa Ruiz. Tem ainda outras dicas para as crian\u00e7as, m\u00fasica e exposi\u00e7\u00f5es. Confira as novidades da pr\u00f3xima semana:<\/span><\/h2>\n<p>Marcelo Jeneci e Tulipa Ruiz sobem ao Palco do Parque Villa-Lobos<br \/>\nO Cultura Livre SP traz mais uma s\u00e9rie de atra\u00e7\u00f5es no fim de semana. Amanh\u00e3, 12, Marcelo Jeneci e Tulipa Ruiz dividem o palco no Parque Villa-Lobos. No programa, can\u00e7\u00f5es do CD Feito para acabar, de Marcelo Jeneci, considerado um dos melhores \u00e1lbuns de 2010 no Brasil. Tulipa Ruiz faz participa\u00e7\u00e3o especial na m\u00fasica Dia a dia, lado a lado &#8211; a primeira composi\u00e7\u00e3o feita em parceria pelos dois -, al\u00e9m de oferecer uma surpresa no bis. No acompanhamento, Laura Lavi\u00e8re (voz e piano), R\u00e9gis Damasceno (baixo), Estevan Sinkovitz (guitarra), Jo\u00e3o Erbetta (guitarra) e Richard Ribeiro (bateria).<\/p>\n<p>Parque Villa-Lobos<br \/>\nAv. Prof. Fonseca Rodrigues, 2.001 &#8211; Alto dos Pinheiros &#8211; S\u00e3o Paulo<br \/>\nS\u00e1bado, 12, \u00e0s 16h<br \/>\nEntrada franca &#8211; Classifica\u00e7\u00e3o: livre<\/p>\n<p>Exposi\u00e7\u00e3o<\/p>\n<p>A influ\u00eancia do caf\u00e9 no porto e na cidade de Santos<br \/>\nA influ\u00eancia dos neg\u00f3cios do caf\u00e9 no desenvolvimento do porto e da cidade de Santos nos \u00faltimos 120 anos \u00e9 tema da exposi\u00e7\u00e3o Caf\u00e9, Porto, Cidade &#8211; Uma rela\u00e7\u00e3o muito mais que econ\u00f4mica. Parceria entre o Museu do Caf\u00e9 (da Secretaria da Cultura) e o N\u00facleo de Estudos Portu\u00e1rios, Mar\u00edtimos e Territoriais, da Universidade Santa Cec\u00edlia, a mostra revela como o trip\u00e9 ferrovia, porto e caf\u00e9 foi fundamental para o desenvolvimento da cidade. A expans\u00e3o da produ\u00e7\u00e3o cafeeira no Oeste paulista e a crescente demanda internacional do produto impulsionaram a implanta\u00e7\u00e3o da linha f\u00e9rrea, permitindo ao porto sair de uma posi\u00e7\u00e3o sem muita import\u00e2ncia e se tornar &#8216;o porto do caf\u00e9&#8217;. A exposi\u00e7\u00e3o \u00e9 composta de ilustra\u00e7\u00f5es, fotografias, v\u00eddeos, cenografia e objetos. As imagens e pe\u00e7as reunidas pertencem ao acervo dos Museus do Caf\u00e9, do Porto e da Funda\u00e7\u00e3o Arquivo e Mem\u00f3ria de Santos.<\/p>\n<p>Museu do Caf\u00e9 &#8211; Edif\u00edcio da Bolsa Oficial de Caf\u00e9<br \/>\nRua XV de Novembro, 95 &#8211; Centro Hist\u00f3rico &#8211; Santos &#8211; SP<br \/>\nTer\u00e7a-feira a s\u00e1bado, das 9h \u00e0s 17h; domingo, entre 10h e 17h<br \/>\nA Cafeteria do Museu funciona de segunda-feira a s\u00e1bado, das 8h \u00e0s 18h; domingo, das 10h \u00e0s 18h<br \/>\nIngressos: R$ 5; estudantes e pessoas com mais de 60 anos pagam meia-entrada<br \/>\nInaugura\u00e7\u00e3o: hoje, \u00e0s 19h<br \/>\nClassifica\u00e7\u00e3o: livre<br \/>\nAt\u00e9 25 de mar\u00e7o de 2012<\/p>\n<p>Olhar com outro olhar<br \/>\nUma \u00fanica fotografia de um jogo de futebol \u00e9 apresentada por meio de cinco recursos sensoriais &#8211; braile, relevo, alto-contraste, maquete t\u00e1til e audiodescri\u00e7\u00e3o. Para entender o conte\u00fado e o significado da imagem, o visitante pode usar m\u00e3os e ouvidos &#8211; e, se quiser, usar venda. Para se locomover, ter\u00e1 seus passos orientados por um piso t\u00e1til e um audioguia. A mostra apresenta ainda o universo do Futebol de 5, esporte praticado por deficientes visuais, no qual o Brasil j\u00e1 conquistou duas medalhas de ouro: a primeira, na Paraolimp\u00edada de Atenas, em 2004; e a segunda, em Pequim, em 2008. Curadoria de Leonel Kaz.<\/p>\n<p>Museu Hist\u00f3rico e Pedag\u00f3gico Volunt\u00e1rios da P\u00e1tria<br \/>\nPra\u00e7a Pedro de Toledo, s\/n\u00ba &#8211; centro &#8211; Araraquara<br \/>\nTelefone (16) 3322-4887<br \/>\nSegunda, das 13h \u00e0s 18h; de ter\u00e7a a sexta-feira, das 9h \u00e0s 12h e das 13h \u00e0s 18h; s\u00e1bado, das 9h \u00e0s 12h<br \/>\nEntrada franca &#8211; Classifica\u00e7\u00e3o: livre<br \/>\nAt\u00e9 o dia 30<\/p>\n<p>Com a\u00e7\u00facar &amp; com afeto &#8211; Arte Na\u00eff<br \/>\nAs reprodu\u00e7\u00f5es de 36 pinturas de t\u00e9cnica livre e espont\u00e2nea comp\u00f5em a exposi\u00e7\u00e3o Com a\u00e7\u00facar &amp; com afeto &#8211; arte na\u00eff uma oportunidade para conhecer os maiores representantes dessa t\u00e9cnica no Pa\u00eds. S\u00e3o pessoas que, longe das acad\u00eamicas, criaram materiais e formas de se expressar, tornando-se artistas consagrados aqui e no exterior. Entre os 24 autodidatas com trabalhos expostos est\u00e3o pioneiros na\u00effs como Heitor dos Prazeres, Lia Mittarakis, Cardosinho, Miranda e Iracema, al\u00e9m de contempor\u00e2neos como Ivonaldo, Lourdes de Deus, Menezes de Souza, Oberdan e Zeny. A curadoria \u00e9 de Mariza Campos da Paz, presidente da Funda\u00e7\u00e3o Lucien Finkelstein. Itinerante, a mostra j\u00e1 foi vista em S\u00e3o Jos\u00e9 do Rio Preto, Catanduva, Araraquara e Campinas. A exposi\u00e7\u00e3o tem patroc\u00ednio da Usina Colombo S.A. A\u00e7\u00facar e \u00c1lcool, e gerenciamento da Arquiprom &#8211; Arquitetura Promo\u00e7\u00f5es e Exposi\u00e7\u00f5es.<\/p>\n<p>Biblioteca de S\u00e3o Paulo (BSP) &#8211; Parque da Juventude<br \/>\nAv. Cruzeiro do Sul, 2.630 (pr\u00f3ximo \u00e0 Esta\u00e7\u00e3o Carandiru do Metr\u00f4)<br \/>\nTelefone (11) 2089-0800<br \/>\nTer\u00e7a a sexta-feira, das 9h \u00e0s 21h; s\u00e1bado, domingo e feriado, das 9h \u00e0s 19h<br \/>\nEntrada franca<br \/>\nClassifica\u00e7\u00e3o: livre<br \/>\nAt\u00e9 4 de dezembro<\/p>\n<p>Casas Museu: janelas abertas para a cultura italiana<br \/>\nOs pain\u00e9is fotogr\u00e1ficos retratam 13 resid\u00eancias hist\u00f3ricas italianas. As imagens de Omar Kheiraoui permitem ao visitante perceber aspectos da cultura italiana, como a arte, o artesanato, a m\u00fasica, entre outros. As casas s\u00e3o exemplos de diferentes tipos de resid\u00eancias: as pertencentes a personalidades; as casas de colecionadores; as moradias de integrantes da nobreza e do clero; e as casas de camponeses. Cada exemplar possibilita um passeio pelo edif\u00edcio e a observa\u00e7\u00e3o de seus objetos, como se janelas fossem se abrindo para mostrar diferentes aspectos da cultura italiana: arte, artesanato, m\u00fasica, poesia e gastronomia. Apresentada pela primeira vez em Istambul &#8211; capital europeia da cultura de 2010 -, a mostra integra a programa\u00e7\u00e3o de eventos que o Minist\u00e9rio das Rela\u00e7\u00f5es Exteriores da It\u00e1lia prop\u00f5e para 2011 para celebrar o 150\u00ba anivers\u00e1rio da Unifica\u00e7\u00e3o italiana, bem como para marcar o in\u00edcio das comemora\u00e7\u00f5es do Ano da It\u00e1lia no Brasil. Curadoria de Rosanna Pavoni.<\/p>\n<p>Museu da Casa Brasileira<br \/>\nAv. Faria Lima, 2.705 &#8211; Jardim Paulistano &#8211; S\u00e3o Paulo<br \/>\nHor\u00e1rio: das 10 \u00e0s 18h<br \/>\nTelefone (11) 3032-3727<br \/>\nEntrada franca &#8211; Classifica\u00e7\u00e3o: livre<br \/>\nAt\u00e9 o dia 20<\/p>\n<p>Esta\u00e7\u00f5es do Metr\u00f4: espa\u00e7os abertos para arte e a cultura<br \/>\nNuma iniciativa pioneira, o projeto Encontros transforma esta\u00e7\u00f5es do Metr\u00f4 de S\u00e3o Paulo em espa\u00e7os culturais, com atra\u00e7\u00f5es gratuitas. A primeira esta\u00e7\u00e3o a ser usada para esse fim foi a Para\u00edso, em outubro de 2010, depois de a empresa Cinemagia vencer a licita\u00e7\u00e3o para gerir o projeto por 10 anos. Atualmente, s\u00e3o 18 esta\u00e7\u00f5es, levando cultura para todas as regi\u00f5es da cidade. M\u00fasica, cinema, dan\u00e7a, teatro, exposi\u00e7\u00f5es permanentes e itinerantes, oficinas culturais e muitas outras atividades fazem parte da programa\u00e7\u00e3o, acess\u00edvel a 4 milh\u00f5es de pessoas que circulam diariamente pelo Metr\u00f4. Nos pr\u00f3ximos dias, al\u00e9m de exibir filmes da mostra competitiva do Festival Cine Favela, alguns desses espa\u00e7os acolhem programa\u00e7\u00e3o bem diversificada, com espet\u00e1culos musicais, dan\u00e7a, capoeira e a apresenta\u00e7\u00e3o de um coral.<\/p>\n<p>A programa\u00e7\u00e3o completa est\u00e1 no site <a href=\"http:\/\/projetoencontros.com.br\/\" target=\"_blank\">http:\/\/projetoencontros.com.br\/<\/a><\/p>\n<p>&nbsp;<\/p>\n<p>Miscel\u00e2nea<br \/>\nMapa Cultural tem extensa programa\u00e7\u00e3o no interior do Estado<br \/>\nMais de 50 artistas e grupos selecionados, na fase regional, pelo Mapa Cultural Paulista se apresentam em cidades das regi\u00f5es de S\u00e3o Jos\u00e9 dos Campos, Sorocaba e Campinas. As exposi\u00e7\u00f5es e os espet\u00e1culos contemplam diversas linguagens art\u00edsticas &#8211; artes visuais, teatro, dan\u00e7a e m\u00fasica. Criado h\u00e1 16 anos pela Secretaria de Estado da Cultura, a cada dois anos o programa promove a identifica\u00e7\u00e3o e o interc\u00e2mbio dos produtores de cultura do Estado, com a realiza\u00e7\u00e3o de um concurso em tr\u00eas fases: municipal, regional e estadual. Os selecionados em cada munic\u00edpio mostram seus trabalhos em outras cidades da mesma regi\u00e3o. Nesta edi\u00e7\u00e3o, na fase municipal, 286 cidades participaram. A etapa estadual ocorre em 2012, com representantes de todo o Estado exibindo suas obras na capital. A programa\u00e7\u00e3o completa est\u00e1 no site <a href=\"http:\/\/www.cultura.sp.gov.br\/\">www.cultura.sp.gov.br<\/a><\/p>\n<p>Mapa Cultural Paulista &#8211; Programa\u00e7\u00e3o Fase Regional<br \/>\n(H\u00e1 casos em que \u00e9 necess\u00e1rio consultar a programa\u00e7\u00e3o local sobre o hor\u00e1rio das apresenta\u00e7\u00f5es e a classifica\u00e7\u00e3o et\u00e1ria)<\/p>\n<p>Regi\u00e3o de S\u00e3o Jos\u00e9 dos Campos<\/p>\n<p>Artes Visuais, V\u00eddeo e Literatura &#8211; Ubatuba<br \/>\nExposi\u00e7\u00e3o: de 11\/11 a 15\/11<br \/>\nSeletiva: sexta-feira, 11, \u00e0s 19h<br \/>\nV\u00eddeo: s\u00e1bado, 12, \u00e0s 19h<br \/>\nLiteratura: domingo, 13, \u00e0s 19h<br \/>\nSobrad\u00e3o do Porto<br \/>\nPra\u00e7a Anchieta, 38 &#8211; centro<\/p>\n<p>Canto Coral &#8211; S\u00e3o Sebasti\u00e3o<br \/>\nS\u00e1bado, 19, \u00e0s 19h<br \/>\nTeatro Municipal de S\u00e3o Sebasti\u00e3o<br \/>\nAv. Dr. Altino Arantes, 2 &#8211; centro<\/p>\n<p>Dan\u00e7a &#8211; Guaratinguet\u00e1<br \/>\nS\u00e1bado, 19, \u00e0s 19h<br \/>\nEspa\u00e7o VivArte<br \/>\nRua Guaranis, 121 &#8211; Bairro Pedregulho<\/p>\n<p>M\u00fasica instrumental &#8211; Caraguatatuba<br \/>\nTer\u00e7a, 22, \u00e0s 20h, solistas; quarta-feira, 23, \u00e0s 20h, grupos<br \/>\nTeatro M\u00e1rio Covas<br \/>\nAv. Goi\u00e1s, 187 &#8211; Indai\u00e1<\/p>\n<p>Teatro &#8211; Jacare\u00ed<br \/>\nDe 11\/11 a 20\/11<br \/>\nSala M\u00e1rio Lago &#8211; P\u00e1tio dos Trilhos<br \/>\nPra\u00e7a Raul Chaves, 110 &#8211; centro<\/p>\n<p>Regi\u00e3o de Sorocaba<\/p>\n<p>Artes Visuais &#8211; Conchas<br \/>\nExposi\u00e7\u00e3o: at\u00e9 18\/11<br \/>\nSeletiva: s\u00e1bado, 19, \u00e0s 18h<br \/>\nLions Clube de Conchas<br \/>\nRua Rio de Janeiro, 458 &#8211; centro<\/p>\n<p>Canto Coral &#8211; Itapeva<br \/>\nDomingo, 20, \u00e0s 15h<br \/>\nCatedral de Santana<br \/>\nPra\u00e7a Central (Pra\u00e7a Anchieta, s\/n\u00ba)<\/p>\n<p>Dan\u00e7a &#8211; Salto<br \/>\nDomingo, 27, \u00e0s 16h<br \/>\nSala Palma de Ouro &#8211; CEC<br \/>\nRua Prudente de Moraes, 580 &#8211; centro<\/p>\n<p>Literatura &#8211; Ara\u00e7oiaba da Serra<br \/>\nSexta-feira, 25, \u00e0s 18h<br \/>\nOficina Cultural Paulo Betti<br \/>\nRua Pedro Nolasco Vieira, 120 &#8211; centro<\/p>\n<p>M\u00fasica Instrumental &#8211; Mairinque<br \/>\nS\u00e1bado, 26, \u00e0s 18h<br \/>\nCentro Municipal de Educa\u00e7\u00e3o e Cultura<br \/>\nPra\u00e7a Dom Jos\u00e9 Gaspar da Fonseca, 23 &#8211; centro<\/p>\n<p>V\u00eddeo &#8211; Itatinga<br \/>\nSexta-feira, 11, \u00e0s 20h<br \/>\nEMEF Prefeito Aristeu Pedroso de Almeida &#8211; Audit\u00f3rio Appar\u00edcio Mariano Franzolin<br \/>\nRua Altair Stengel Tieghi, 36 &#8211; Jardim Parente II<\/p>\n<p>Regi\u00e3o de Campinas<\/p>\n<p>Artes Visuais e V\u00eddeo &#8211; Santa B\u00e1rbara D&#8217;Oeste<br \/>\nExposi\u00e7\u00e3o: de 12\/11 a 27\/11<br \/>\nSeletiva: s\u00e1bado, 12, \u00e0s 20h<br \/>\nV\u00eddeo: s\u00e1bado, 12, \u00e0s 20h<br \/>\nCentro de Documenta\u00e7\u00e3o Hist\u00f3rica da Funda\u00e7\u00e3o Romi &#8211; Cedoc<br \/>\nAv. Jo\u00e3o Ometto, 118 &#8211; Jardim Panambi<\/p>\n<p>Dan\u00e7a &#8211; S\u00e3o Jos\u00e9 do Rio Pardo<br \/>\nS\u00e1bado, 19, e domingo, 20, \u00e0s 19h<br \/>\nLocal: Gin\u00e1sio de Esportes Adhemar Machado de Almeida (Tartarug\u00e3o)<br \/>\nAv. Euclides da Cunha, 145 &#8211; centro<\/p>\n<p>Literatura &#8211; Limeira<br \/>\nSexta-feira, 25, \u00e0s 20h<br \/>\nTeatro Vit\u00f3ria<br \/>\nPra\u00e7a Toledo Barros, s\/n\u00ba &#8211; centro<\/p>\n<p>M\u00fasica Instrumental &#8211; Jundia\u00ed<br \/>\nDomingo, 13; e s\u00e1bado, 19<br \/>\nSala Gl\u00f3ria Rocha<br \/>\nRua Bar\u00e3o de Jundia\u00ed, 1.093 &#8211; centro<\/p>\n<p>Teatro &#8211; Esp\u00edrito Santo do Pinhal<br \/>\nDomingos, 13, 20 e 27; s\u00e1bado, 19<br \/>\nTeatro Avenida<br \/>\nAv. Oliveira Mota, s\/n\u00ba &#8211; centro<\/p>\n<p>Teatro &#8211; Louveira<br \/>\nQuartas, 16 e 30; sexta, 18; segundas, 21 e 28; ter\u00e7a-feira, 29<br \/>\nTeatro da C\u00e2mara Municipal<br \/>\nRua Wagner Luis Bevil\u00e1cqua, 35 &#8211; Guembe<br \/>\nTeatro de Rua: Antiga Esta\u00e7\u00e3o Ferrovi\u00e1ria<br \/>\nRua 21 de Mar\u00e7o, s\/n\u00ba &#8211; centro<\/p>\n<p>Teatro &#8211; Serra Negra<br \/>\nDe 22\/11 a 27\/11<br \/>\nCentro de Conven\u00e7\u00f5es Circuito das \u00c1guas<br \/>\nRua Nossa Senhora do Ros\u00e1rio, s\/n\u00ba &#8211; centro<\/p>\n<p>Infantil<\/p>\n<p>Dois artistas contam hist\u00f3rias do folclore do Norte do Brasil<br \/>\nO Grupo Redondilha, formado pelos atores Ivon Mendes e Andreia Santos, se apresenta no s\u00e1bado, no Museu da L\u00edngua Portuguesa. Eles far\u00e3o a Conta\u00e7\u00e3o de Hist\u00f3rias sobre o folclore e os mitos da regi\u00e3o Norte do Pa\u00eds. Para enriquecer a encena\u00e7\u00e3o, lan\u00e7am m\u00e3o de instrumentos musicais, bonecos, objetos de anima\u00e7\u00e3o e adere\u00e7os. As hist\u00f3rias &#8211; A vit\u00f3ria-r\u00e9gia, A lenda do guaran\u00e1 e A cria\u00e7\u00e3o da noite &#8211; s\u00e3o acompanhadas de cantigas, parlendas, adivinhas, trava-l\u00ednguas, quadrinhas e outros elementos da literatura folcl\u00f3rica. A produ\u00e7\u00e3o \u00e9 de Calu Baroncelli; e a supervis\u00e3o musical, de Jo\u00e3o Urb\u00edlio.<\/p>\n<p>Museu da L\u00edngua Portuguesa &#8211; Espa\u00e7o Caf\u00e9<br \/>\nPra\u00e7a da Luz, s\/n\u00ba &#8211; centro<br \/>\nTelefone (11) 3326-0775<br \/>\nS\u00e1bado, 12, \u00e0s 14h<br \/>\nEntrada franca &#8211; Classifica\u00e7\u00e3o: livre<\/p>\n<p>M\u00fasica erudita<\/p>\n<p>Orquestra Jovem faz concerto na Sala S\u00e3o Paulo<br \/>\nNo domingo, a Sala S\u00e3o Paulo ser\u00e1 palco da apresenta\u00e7\u00e3o da Orquestra Jovem do Estado. No programa, a abertura da \u00f3pera Fierrabr\u00e1s, de Franz Schubert, a su\u00edte A Arlesiana, n\u00ba 2, de Georges Bizet, o Concerto para trompete, de Alexander Arutiunyan (tendo como solista Gustavo Ara\u00fajo Leite) e a Sinfonieta prima, de Ernani Aguiar. A reg\u00eancia \u00e9 de Jo\u00e3o Maur\u00edcio Galindo. A Orquestra Jovem \u00e9 um dos grupos de difus\u00e3o e de forma\u00e7\u00e3o musical da Escola de M\u00fasica do Estado de S\u00e3o Paulo (Emesp) &#8211; Tom Jobim, escola do governo de S\u00e3o Paulo, que tem como executora a Santa Marcelina Cultura. O patroc\u00ednio \u00e9 da Companhia de Transmiss\u00e3o de Energia El\u00e9trica Paulista. Realiza\u00e7\u00e3o do Minist\u00e9rio da Cultura (Lei Rouanet) e do Governo do Estado de S\u00e3o Paulo, por meio da Secretaria de Estado da Cultura.<\/p>\n<p>Sala S\u00e3o Paulo<br \/>\nPra\u00e7a J\u00falio Prestes, 16 &#8211; Luz &#8211; S\u00e3o Paulo<br \/>\nTelefone (11) 3367-9500<br \/>\nEntrada franca &#8211; Classifica\u00e7\u00e3o: 7 anos<\/p>\n<p>Domingo na Yay\u00e1 oferece m\u00fasica cl\u00e1ssica indiana<br \/>\nH\u00e1 mais de 20 anos, Helder Araujo dedica-se ao estudo e \u00e0 pesquisa da M\u00fasica Cl\u00e1ssica Indiana. Morou na \u00cdndia em 1996 e 1997, tendo retornado \u00e0quele pa\u00eds v\u00e1rias vezes para se especializar na interpreta\u00e7\u00e3o da m\u00fasica cl\u00e1ssica hindust\u00e2ni (m\u00fasica do Norte da \u00cdndia). Recebeu ensinamentos de grandes gurus de Benares (\u00cdndia), como Raj Bhan Sing, Debashis Sanial, Dr Prakash, Sukdev Mishra, Matar Prasad e Sohan Lal. Helder toca sitar, tabla, violino indiano e bansuri, al\u00e9m de compor. Em suas composi\u00e7\u00f5es \u00e9 poss\u00edvel identificar as v\u00e1rias influ\u00eancias: indiana, \u00e1rabe, rock e worldmusic. Helder Araujo j\u00e1 se apresentou em v\u00e1rias capitais brasileiras, abriu show de Hermeto Pascoal, fez turn\u00eas pelo Brasil com Marcus Viana e a Transf\u00f4nica Orkestra. Atualmente, realiza workshops e concertos pelo Pa\u00eds, tendo gravado tr\u00eas CDs: Samadhi, Atmanam e Jhala. O projeto Domingo na Yay\u00e1 recebe Helder Ara\u00fajo neste fim de semana.<\/p>\n<p>Centro de Preserva\u00e7\u00e3o Cultural &#8211; CPC-USP &#8211; Casa de Dona Yay\u00e1<br \/>\nRua Major Diogo, 353 &#8211; Bela Vista &#8211; S\u00e3o Paulo<br \/>\nTelefone (11) 3106-3562<br \/>\nDomingo, 13, \u00e0s 11h<br \/>\nDura\u00e7\u00e3o: 60 minutos, aproximadamente<br \/>\nEntrada franca &#8211; Classifica\u00e7\u00e3o: livre<\/p>\n<p>M\u00fasica popular<\/p>\n<p>Rog\u00e9rio Botter Maio Trio faz show no M\u00fasica no Museu<br \/>\nO contrabaixista est\u00e1 cercado de jovens talentos na nova forma\u00e7\u00e3o de seu Rog\u00e9rio Botter Maio Trio. Nenhum deles tem mais de 27 anos. O grupo se apresenta neste domingo no projeto M\u00fasica no Museu, executando novas composi\u00e7\u00f5es do CD Desde sempre, ainda em fase de produ\u00e7\u00e3o. Eles tamb\u00e9m fazem releituras de algumas composi\u00e7\u00f5es de seus CDs Crescendo (1996), Aprendiz (2000) e Prazer da espera (2006) e Tudo por um ocaso (2009). O repert\u00f3rio inclui, ainda, alguns arranjos inovadores do cancioneiro brasileiro em vers\u00e3o instrumental. Rog\u00e9rio Botter &#8211; que criou sua primeira composi\u00e7\u00e3o, intitulada 1984, aos 27 anos &#8211; costuma mesclar em sua obra ritmos bem brasileiros (como xaxado, frevo, choro, samba e bai\u00e3o) com improvisa\u00e7\u00f5es de jazz, mantendo um sabor, ao mesmo tempo, sul-americano e de m\u00fasica do mundo.<\/p>\n<p>Museu da Casa Brasileira<br \/>\nAv. Faria Lima, 2.705 &#8211; Jardim Paulistano &#8211; S\u00e3o Paulo<br \/>\nTelefone (11) 3032-3727<br \/>\nDomingo, 13, \u00e0s 11h<br \/>\nEntrada franca &#8211; Classifica\u00e7\u00e3o: livre<\/p>\n<p>Da Ag\u00eancia Imprensa Oficial<\/p>\n","protected":false},"excerpt":{"rendered":"<p>Toda sexta-feira, o Portal do Governo do Estado de S\u00e3o Paulo e a Ag\u00eancia Di\u00e1rio Oficial preparam uma programa\u00e7\u00e3o cultural com v\u00e1rias op\u00e7\u00f5es para aproveitar o final de semana. Um dos destaques \u00e9 a exposi\u00e7\u00e3o, no Museu do Caf\u00e9, sobre a influ\u00eancia do caf\u00e9 no porto e na cidade de Santos. O Parque Villa-Lobos recebe [&hellip;]<\/p>\n","protected":false},"author":3,"featured_media":27918,"comment_status":"open","ping_status":"closed","sticky":false,"template":"","format":"standard","meta":{"_genesis_hide_title":false,"_genesis_hide_breadcrumbs":false,"_genesis_hide_singular_image":false,"_genesis_hide_footer_widgets":false,"_genesis_custom_body_class":"","_genesis_custom_post_class":"","_genesis_layout":"","_jetpack_memberships_contains_paid_content":false,"footnotes":""},"categories":[22],"tags":[],"class_list":{"0":"post-37214","1":"post","2":"type-post","3":"status-publish","4":"format-standard","5":"has-post-thumbnail","7":"category-brasil","8":"entry","9":"gs-1","10":"gs-odd","11":"gs-even","12":"gs-featured-content-entry"},"jetpack_featured_media_url":"https:\/\/www.redenoticia.com.br\/noticia\/imagens\/virada-cultural-sp-2010.jpg","jetpack_sharing_enabled":true,"jetpack_likes_enabled":true,"_links":{"self":[{"href":"https:\/\/www.redenoticia.com.br\/noticia\/wp-json\/wp\/v2\/posts\/37214","targetHints":{"allow":["GET"]}}],"collection":[{"href":"https:\/\/www.redenoticia.com.br\/noticia\/wp-json\/wp\/v2\/posts"}],"about":[{"href":"https:\/\/www.redenoticia.com.br\/noticia\/wp-json\/wp\/v2\/types\/post"}],"author":[{"embeddable":true,"href":"https:\/\/www.redenoticia.com.br\/noticia\/wp-json\/wp\/v2\/users\/3"}],"replies":[{"embeddable":true,"href":"https:\/\/www.redenoticia.com.br\/noticia\/wp-json\/wp\/v2\/comments?post=37214"}],"version-history":[{"count":0,"href":"https:\/\/www.redenoticia.com.br\/noticia\/wp-json\/wp\/v2\/posts\/37214\/revisions"}],"wp:featuredmedia":[{"embeddable":true,"href":"https:\/\/www.redenoticia.com.br\/noticia\/wp-json\/wp\/v2\/media\/27918"}],"wp:attachment":[{"href":"https:\/\/www.redenoticia.com.br\/noticia\/wp-json\/wp\/v2\/media?parent=37214"}],"wp:term":[{"taxonomy":"category","embeddable":true,"href":"https:\/\/www.redenoticia.com.br\/noticia\/wp-json\/wp\/v2\/categories?post=37214"},{"taxonomy":"post_tag","embeddable":true,"href":"https:\/\/www.redenoticia.com.br\/noticia\/wp-json\/wp\/v2\/tags?post=37214"}],"curies":[{"name":"wp","href":"https:\/\/api.w.org\/{rel}","templated":true}]}}