{"id":37095,"date":"2011-10-31T21:55:53","date_gmt":"2011-10-31T23:55:53","guid":{"rendered":"http:\/\/www.redenoticia.com.br\/noticia\/?p=37095"},"modified":"2011-10-31T21:55:53","modified_gmt":"2011-10-31T23:55:53","slug":"justica-anula-13-questoes-do-enem-em-todo-o-pais","status":"publish","type":"post","link":"https:\/\/www.redenoticia.com.br\/noticia\/2011\/justica-anula-13-questoes-do-enem-em-todo-o-pais\/37095","title":{"rendered":"Justi\u00e7a anula 13 quest\u00f5es do Enem em todo o pa\u00eds"},"content":{"rendered":"<p><img loading=\"lazy\" decoding=\"async\" class=\"alignleft size-full wp-image-36938\" title=\"enem gabarito resultado\" src=\"https:\/\/www.redenoticia.com.br\/noticia\/imagens\/enem-gabarito-resultado.jpg\" alt=\"\" width=\"300\" height=\"193\" srcset=\"https:\/\/www.redenoticia.com.br\/noticia\/imagens\/enem-gabarito-resultado.jpg 300w, https:\/\/www.redenoticia.com.br\/noticia\/imagens\/enem-gabarito-resultado-250x161.jpg 250w, https:\/\/www.redenoticia.com.br\/noticia\/imagens\/enem-gabarito-resultado-150x97.jpg 150w\" sizes=\"auto, (max-width: 300px) 100vw, 300px\" \/>Bras\u00edlia \u2013 A Justi\u00e7a Federal no Cear\u00e1 decidiu hoje (31) \u00e0 noite anular 13 quest\u00f5es do Exame Nacional do Ensino M\u00e9dio (<em><strong>Enem<\/strong><\/em>) de 2011 em todo o pa\u00eds devido ao vazamento das perguntas antes da aplica\u00e7\u00e3o do exame. De acordo com o juiz Lu\u00eds Praxedes Vieira da Silva, a divulga\u00e7\u00e3o pr\u00e9via de parte do conte\u00fado da prova fere o princ\u00edpio da isonomia.<\/p>\n<p>\u201cN\u00e3o \u00e9 o erro, mas o vazamento das quest\u00f5es que leva \u00e0 nulidade das mesmas, por quebrar o princ\u00edpio da isonomia. Assim, entendo razo\u00e1vel e proporcional, nesta oportunidade e neste momento processual, declarar a nulidade apenas das quest\u00f5es do certame Enem 2011 que foram objeto de vazamento e pr\u00e9vio conhecimento\u201d, justifica o juiz em trecho da decis\u00e3o. O Minist\u00e9rio da Educa\u00e7\u00e3o (MEC) considerou a decis\u00e3o desproporcional e exagerada e disse que vai recorrer nos pr\u00f3ximos dias.<\/p>\n<p>O pedido para que as provas do Enem fossem canceladas foi feito pelo Minist\u00e9rio P\u00fablico Federal no Cear\u00e1 (MPF-CE), ap\u00f3s a constata\u00e7\u00e3o de que alunos do Col\u00e9gio Christus, de Fortaleza, tiveram acesso antecipado a cerca de 14 quest\u00f5es que foram cobradas no exame. Os itens estavam em apostila distribu\u00edda pela escola semanas antes da aplica\u00e7\u00e3o do Enem e vazaram da fase de pr\u00e9-testes do exame, da qual a escola participou em outubro de 2010.<\/p>\n<p>A solu\u00e7\u00e3o defendida pelo MEC \u00e9 que os 639 alunos da escola cearense tenham as provas anuladas e fa\u00e7am um novo teste no fim de novembro. Mas o procurador da Rep\u00fablica Oscar Costa Filho pediu \u00e0 Justi\u00e7a que o Enem seja anulado \u2013 ou pelo menos as quest\u00f5es que estavam na apostila do Christus. O Inep argumentou ao juiz que o epis\u00f3dio ocorreu de forma localizada e que a reaplica\u00e7\u00e3o do exame aos alunos do col\u00e9gio de Fortaleza n\u00e3o traz preju\u00edzo \u00e0 isonomia do concurso.<\/p>\n<p>O pr\u00e9-teste \u00e9 feito pelo Inep para avaliar se as quest\u00f5es em an\u00e1lise s\u00e3o v\u00e1lidas e qual \u00e9 o grau de dificuldade de cada uma. Os cadernos de quest\u00f5es do pr\u00e9-teste deveriam ter sido devolvidos ap\u00f3s a aplica\u00e7\u00e3o e incinerados pelo Inep. A Pol\u00edcia Federal investiga se houve fraude na aplica\u00e7\u00e3o do pr\u00e9-teste. O MEC confirma que 14 quest\u00f5es que estavam na apostila foram copiadas de dois dos 32 cadernos de pr\u00e9-teste do Enem aplicado no ano passado a 91 alunos da escola.<\/p>\n<p>As provas do Enem de 2011 foram aplicadas nos dias 22 e 23 deste m\u00eas.<\/p>\n<p>D\u00e9bora Zampier, Luana Louren\u00e7o e Amanda Cieglinski<br \/>\nRep\u00f3rteres da Ag\u00eancia Brasil<br \/>\nEdi\u00e7\u00e3o: Lana Cristina<\/p>\n","protected":false},"excerpt":{"rendered":"<p>Bras\u00edlia \u2013 A Justi\u00e7a Federal no Cear\u00e1 decidiu hoje (31) \u00e0 noite anular 13 quest\u00f5es do Exame Nacional do Ensino M\u00e9dio (Enem) de 2011 em todo o pa\u00eds devido ao vazamento das perguntas antes da aplica\u00e7\u00e3o do exame. De acordo com o juiz Lu\u00eds Praxedes Vieira da Silva, a divulga\u00e7\u00e3o pr\u00e9via de parte do conte\u00fado [&hellip;]<\/p>\n","protected":false},"author":3,"featured_media":36938,"comment_status":"open","ping_status":"closed","sticky":false,"template":"","format":"standard","meta":{"_genesis_hide_title":false,"_genesis_hide_breadcrumbs":false,"_genesis_hide_singular_image":false,"_genesis_hide_footer_widgets":false,"_genesis_custom_body_class":"","_genesis_custom_post_class":"","_genesis_layout":"","_jetpack_memberships_contains_paid_content":false,"footnotes":""},"categories":[22,370,295],"tags":[],"class_list":{"0":"post-37095","1":"post","2":"type-post","3":"status-publish","4":"format-standard","5":"has-post-thumbnail","7":"category-brasil","8":"category-inscricao","9":"category-vestibular","10":"entry","11":"gs-1","12":"gs-odd","13":"gs-even","14":"gs-featured-content-entry"},"jetpack_featured_media_url":"https:\/\/www.redenoticia.com.br\/noticia\/imagens\/enem-gabarito-resultado.jpg","jetpack_sharing_enabled":true,"jetpack_likes_enabled":true,"_links":{"self":[{"href":"https:\/\/www.redenoticia.com.br\/noticia\/wp-json\/wp\/v2\/posts\/37095","targetHints":{"allow":["GET"]}}],"collection":[{"href":"https:\/\/www.redenoticia.com.br\/noticia\/wp-json\/wp\/v2\/posts"}],"about":[{"href":"https:\/\/www.redenoticia.com.br\/noticia\/wp-json\/wp\/v2\/types\/post"}],"author":[{"embeddable":true,"href":"https:\/\/www.redenoticia.com.br\/noticia\/wp-json\/wp\/v2\/users\/3"}],"replies":[{"embeddable":true,"href":"https:\/\/www.redenoticia.com.br\/noticia\/wp-json\/wp\/v2\/comments?post=37095"}],"version-history":[{"count":0,"href":"https:\/\/www.redenoticia.com.br\/noticia\/wp-json\/wp\/v2\/posts\/37095\/revisions"}],"wp:featuredmedia":[{"embeddable":true,"href":"https:\/\/www.redenoticia.com.br\/noticia\/wp-json\/wp\/v2\/media\/36938"}],"wp:attachment":[{"href":"https:\/\/www.redenoticia.com.br\/noticia\/wp-json\/wp\/v2\/media?parent=37095"}],"wp:term":[{"taxonomy":"category","embeddable":true,"href":"https:\/\/www.redenoticia.com.br\/noticia\/wp-json\/wp\/v2\/categories?post=37095"},{"taxonomy":"post_tag","embeddable":true,"href":"https:\/\/www.redenoticia.com.br\/noticia\/wp-json\/wp\/v2\/tags?post=37095"}],"curies":[{"name":"wp","href":"https:\/\/api.w.org\/{rel}","templated":true}]}}