{"id":36970,"date":"2011-10-20T17:07:35","date_gmt":"2011-10-20T19:07:35","guid":{"rendered":"http:\/\/www.redenoticia.com.br\/noticia\/?p=36970"},"modified":"2011-10-20T17:07:35","modified_gmt":"2011-10-20T19:07:35","slug":"sao-paulo-sera-sede-da-abertura-da-copa-do-mundo-2014","status":"publish","type":"post","link":"https:\/\/www.redenoticia.com.br\/noticia\/2011\/sao-paulo-sera-sede-da-abertura-da-copa-do-mundo-2014\/36970","title":{"rendered":"S\u00e3o Paulo ser\u00e1 sede da abertura da Copa do Mundo 2014"},"content":{"rendered":"<p><img loading=\"lazy\" decoding=\"async\" class=\"alignleft size-full wp-image-30249\" title=\"copa do mundo 2014\" src=\"https:\/\/www.redenoticia.com.br\/noticia\/imagens\/copa-do-mundo-2014.jpg\" alt=\"\" width=\"300\" height=\"193\" srcset=\"https:\/\/www.redenoticia.com.br\/noticia\/imagens\/copa-do-mundo-2014.jpg 300w, https:\/\/www.redenoticia.com.br\/noticia\/imagens\/copa-do-mundo-2014-250x161.jpg 250w, https:\/\/www.redenoticia.com.br\/noticia\/imagens\/copa-do-mundo-2014-150x97.jpg 150w\" sizes=\"auto, (max-width: 300px) 100vw, 300px\" \/>A Fifa anunciou nesta quinta-feira, 20, a cidade de S\u00e3o Paulo como sede da abertura da<em><strong> Copa do Mundo de 2014<\/strong><\/em>. A primeira partida de futebol do torneio est\u00e1 confirmada para acontecer na cidade no dia 12 de junho de 2014. O governador Geraldo Alckmin e o prefeito da capital Gilberto Kassab acompanharam o an\u00fancio, ao vivo, do canteiro de obras do est\u00e1dio que sediar\u00e1 os jogos em Itaquera, na zona leste.<\/p>\n<p>&#8220;\u00c9 com grande alegria que n\u00f3s recebemos o an\u00fancio de que S\u00e3o Paulo ter\u00e1 a abertura da Copa do Mundo. Mais de meio s\u00e9culo depois, 64 anos depois, o Brasil recebe a Copa do Mundo e \u00e9 uma grande alegria. S\u00e3o Paulo far\u00e1 todo o esfor\u00e7o para que possa receber aqui a Copa da melhor maneira, com toda a infraestrutura, com toda as condi\u00e7\u00f5es e com enorme confian\u00e7a de que o Brasil vai vencer essa abertura, que a cidade vai dar muita sorte&#8221;, comemorou o governador.<\/p>\n<p>O anuncio refor\u00e7a ainda mais as boas not\u00edcias para a zona leste da capital, que j\u00e1 se prepara para o evento. Al\u00e9m das obras vi\u00e1rias e de infraestrutura, o Governo do Estado est\u00e1 investindo em projetos tamb\u00e9m para Educa\u00e7\u00e3o, Cultura, Lazer e Seguran\u00e7a. Trata-se do P\u00f3lo Institucional de Itaquera, vizinho ao est\u00e1dio e que contar\u00e1 com um F\u00f3rum, Centro Cultural, Rodovi\u00e1ria, Batalh\u00e3o da Policia Militar e Bombeiros, Etec (Escola T\u00e9cnica) e uma Fatec (Faculdade de Tecnologia) em fase final de constru\u00e7\u00e3o.<\/p>\n<p>Infraestrutura<\/p>\n<p>O Governo do Estado tamb\u00e9m aloca recursos para coordenar as melhorias de mobilidade urbana. Cinco obras vi\u00e1rias est\u00e3o sendo feitas no entorno do est\u00e1dio, promovendo novas alternativas de circula\u00e7\u00e3o e integra\u00e7\u00e3o com o esquema de tr\u00e2nsito j\u00e1 existente. Gra\u00e7as a investimentos j\u00e1 previstos, ser\u00e1 poss\u00edvel ampliar a capacidade das linhas de trem e metr\u00f4 que chegam ao local e oferecer mais conforto e seguran\u00e7a aos passageiros.<\/p>\n<p>Os investimentos, por\u00e9m, n\u00e3o est\u00e3o direcionados somente ao bairro de Itaquera. Todas as linhas existentes de trem e metr\u00f4 passam por expans\u00e3o e moderniza\u00e7\u00e3o, e S\u00e3o Paulo ganhar\u00e1 duas novas linhas quer permitir\u00e3o a integra\u00e7\u00e3o dos aeroportos de Congonhas e Guarulhos \u00e0 rede sobre trilhos: a Linha 17-Ouro do Metr\u00f4 e a Linha 13-Jade\/Trem de Guaruhos, da CPTM, facilitando os deslocamentos dos turistas, da popula\u00e7\u00e3o e dos trabalhadores.<\/p>\n<p>Nas \u00e1reas da Sa\u00fade e da Seguran\u00e7a, os respectivos profissionais j\u00e1 come\u00e7aram as atividades de planejamento, treinamentos e simula\u00e7\u00f5es para que em 2014, todo o efetivo esteja preparado para lidar com este evento de car\u00e1ter internacional e de grande porte, al\u00e9m de poss\u00edveis situa\u00e7\u00f5es emergenciais.<\/p>\n<p>Em rela\u00e7\u00e3o \u00e0 hotelaria, S\u00e3o Paulo j\u00e1 \u00e9 a cidade da Am\u00e9rica Latina com o maior n\u00famero de quartos &#8211; 42 mil &#8211; e atende com folga a oferta m\u00ednima requerida pelo Mundial. Espera-se que este n\u00famero chegue a pelo menos 45 mil at\u00e9 2014. Op\u00e7\u00f5es de lazer, tanto na capital quanto no estado, tamb\u00e9m n\u00e3o faltar\u00e3o aos turistas: 12.500 restaurantes, 15.000 bares, 6 mil pizzarias, 160 teatros, 299 salas de cinema, sete parques tem\u00e1ticos, 79 shoppings, sete est\u00e1dios de futebol, 110 museus, entre dezenas de outras atra\u00e7\u00f5es. S\u00e3o Paulo \u00e9, hoje, a cidade mais visitada do Brasil, com mais de 11 milh\u00f5es de turistas ao ano.<\/p>\n<p>O interior na Copa<\/p>\n<p>O Estado tamb\u00e9m trabalha para que mais cidades se envolvam e se beneficiem deste megaevento. Para alcan\u00e7ar esta meta foi lan\u00e7ado o guia Cidade Base, que apresenta o potencial de 37 munic\u00edpios que se candidataram a receber uma sele\u00e7\u00e3o de futebol e cumpriram os pr\u00e9-requisitos do Comit\u00ea Organizador. Essa iniciativa deu t\u00e3o certo que, dos 145 Centros de Treinamento pr\u00e9-selecionados em todo o Pa\u00eds pelo COL, 64 est\u00e3o em S\u00e3o Paulo (em 32 cidades), ou seja, mais de 40%. Esta lista ainda \u00e9 preliminar e os munic\u00edpios ter\u00e3o duas novas oportunidades de se inscrever em 2012.<\/p>\n<p>A lista definitiva dever\u00e1 ser divulgada somente no final de 2013, junto da tabela final do evento.<\/p>\n<p>Da Secretaria de Planejamento e Desenvolvimento Regional e do Portal do Governo do Estado<\/p>\n","protected":false},"excerpt":{"rendered":"<p>A Fifa anunciou nesta quinta-feira, 20, a cidade de S\u00e3o Paulo como sede da abertura da Copa do Mundo de 2014. A primeira partida de futebol do torneio est\u00e1 confirmada para acontecer na cidade no dia 12 de junho de 2014. O governador Geraldo Alckmin e o prefeito da capital Gilberto Kassab acompanharam o an\u00fancio, [&hellip;]<\/p>\n","protected":false},"author":3,"featured_media":30249,"comment_status":"open","ping_status":"closed","sticky":false,"template":"","format":"standard","meta":{"_genesis_hide_title":false,"_genesis_hide_breadcrumbs":false,"_genesis_hide_singular_image":false,"_genesis_hide_footer_widgets":false,"_genesis_custom_body_class":"","_genesis_custom_post_class":"","_genesis_layout":"","_jetpack_memberships_contains_paid_content":false,"footnotes":""},"categories":[22],"tags":[],"class_list":{"0":"post-36970","1":"post","2":"type-post","3":"status-publish","4":"format-standard","5":"has-post-thumbnail","7":"category-brasil","8":"entry","9":"gs-1","10":"gs-odd","11":"gs-even","12":"gs-featured-content-entry"},"jetpack_featured_media_url":"https:\/\/www.redenoticia.com.br\/noticia\/imagens\/copa-do-mundo-2014.jpg","jetpack_sharing_enabled":true,"jetpack_likes_enabled":true,"_links":{"self":[{"href":"https:\/\/www.redenoticia.com.br\/noticia\/wp-json\/wp\/v2\/posts\/36970","targetHints":{"allow":["GET"]}}],"collection":[{"href":"https:\/\/www.redenoticia.com.br\/noticia\/wp-json\/wp\/v2\/posts"}],"about":[{"href":"https:\/\/www.redenoticia.com.br\/noticia\/wp-json\/wp\/v2\/types\/post"}],"author":[{"embeddable":true,"href":"https:\/\/www.redenoticia.com.br\/noticia\/wp-json\/wp\/v2\/users\/3"}],"replies":[{"embeddable":true,"href":"https:\/\/www.redenoticia.com.br\/noticia\/wp-json\/wp\/v2\/comments?post=36970"}],"version-history":[{"count":0,"href":"https:\/\/www.redenoticia.com.br\/noticia\/wp-json\/wp\/v2\/posts\/36970\/revisions"}],"wp:featuredmedia":[{"embeddable":true,"href":"https:\/\/www.redenoticia.com.br\/noticia\/wp-json\/wp\/v2\/media\/30249"}],"wp:attachment":[{"href":"https:\/\/www.redenoticia.com.br\/noticia\/wp-json\/wp\/v2\/media?parent=36970"}],"wp:term":[{"taxonomy":"category","embeddable":true,"href":"https:\/\/www.redenoticia.com.br\/noticia\/wp-json\/wp\/v2\/categories?post=36970"},{"taxonomy":"post_tag","embeddable":true,"href":"https:\/\/www.redenoticia.com.br\/noticia\/wp-json\/wp\/v2\/tags?post=36970"}],"curies":[{"name":"wp","href":"https:\/\/api.w.org\/{rel}","templated":true}]}}