{"id":36906,"date":"2011-10-14T17:21:24","date_gmt":"2011-10-14T21:21:24","guid":{"rendered":"http:\/\/www.redenoticia.com.br\/noticia\/?p=36906"},"modified":"2011-10-14T17:21:24","modified_gmt":"2011-10-14T21:21:24","slug":"governo-e-fifa-discutem-lei-geral-da-copa","status":"publish","type":"post","link":"https:\/\/www.redenoticia.com.br\/noticia\/2011\/governo-e-fifa-discutem-lei-geral-da-copa\/36906","title":{"rendered":"Governo e Fifa discutem Lei Geral da Copa"},"content":{"rendered":"<p><img loading=\"lazy\" decoding=\"async\" class=\"alignleft size-full wp-image-30249\" title=\"copa do mundo 2014\" src=\"https:\/\/www.redenoticia.com.br\/noticia\/imagens\/copa-do-mundo-2014.jpg\" alt=\"\" width=\"300\" height=\"193\" srcset=\"https:\/\/www.redenoticia.com.br\/noticia\/imagens\/copa-do-mundo-2014.jpg 300w, https:\/\/www.redenoticia.com.br\/noticia\/imagens\/copa-do-mundo-2014-250x161.jpg 250w, https:\/\/www.redenoticia.com.br\/noticia\/imagens\/copa-do-mundo-2014-150x97.jpg 150w\" sizes=\"auto, (max-width: 300px) 100vw, 300px\" \/>Bras\u00edlia \u2013 A tramita\u00e7\u00e3o do Projeto de Lei Geral da <em><strong>Copa<\/strong><\/em> no Congresso Nacional foi o principal assunto discutido na reuni\u00e3o desta sexta (13) no Minist\u00e9rio do Esporte. O encontro durou cerca de seis horas e, ao final, foi divulgada uma nota sobre o que foi tratado entre os representantes do governo brasileiro, da Federa\u00e7\u00e3o Internacional de Futebol (Fifa) e do Comit\u00ea Local (COL) da Copa do Mundo de 2014.<\/p>\n<p>Na nota, o minist\u00e9rio informa que a reuni\u00e3o foi agendada ap\u00f3s encontro da Presidenta Dilma Rousseff com o secret\u00e1rio-geral da Fifa, J\u00e9r\u00f4me Valcke, em Bruxelas, para discutir a tramita\u00e7\u00e3o do projeto de Lei Geral da Copa no Congresso Nacional e dar continuidade ao esfor\u00e7o conjunto para realiza\u00e7\u00e3o bem-sucedida da Copa do Mundo no Brasil.<\/p>\n<p>Diz ainda que \u201cos pontos debatidos na reuni\u00e3o ser\u00e3o ponto de partida para aprofundar o di\u00e1logo entre as partes envolvidas e o Congresso Nacional, que examina o Projeto de Lei Geral da Copa. Os temas envolvem artigos que tratam de quest\u00f5es ligadas fundamentalmente ao credenciamento, direitos de transmiss\u00e3o, combate ao marketing de emboscada (quando uma empresa, por exemplo, que n\u00e3o patrocina o evento, consegue divulgar sua marca usando um torcedor no est\u00e1dio) e responsabilidade civil da Uni\u00e3o\u201d.<\/p>\n<p>Participaram da reuni\u00e3o o secret\u00e1rio nacional de Futebol e Direitos do Torcedor do Minist\u00e9rio do Esporte, Alcino Rocha; o consultor Jur\u00eddico do Minist\u00e9rio do Esporte, Wladimyr Camargos; o subchefe de Assuntos Jur\u00eddicos da Casa Civil, Ivo da Motta Azevedo Correa; o subchefe adjunto de Assuntos Jur\u00eddicos da Casa Civil, Felipe de Paula; o chefe de Direito Comercial da Divis\u00e3o de Assuntos Jur\u00eddicos da Fifa, J\u00f6rg Vollm\u00fcller; o advogado da Fifa, Julian Chediak; o advogado da BM&amp;A, representando o Comit\u00ea Organizador Local da Copa de 2014, \u00c1lvaro Jorge, e a assessora da C\u00e2mara dos Deputados, Nathalie Proen\u00e7a.<\/p>\n<p>Jorge Wamburg<br \/>\nRep\u00f3rter da Ag\u00eancia Brasil<br \/>\nEdi\u00e7\u00e3o: A\u00e9cio Amado<\/p>\n","protected":false},"excerpt":{"rendered":"<p>Bras\u00edlia \u2013 A tramita\u00e7\u00e3o do Projeto de Lei Geral da Copa no Congresso Nacional foi o principal assunto discutido na reuni\u00e3o desta sexta (13) no Minist\u00e9rio do Esporte. O encontro durou cerca de seis horas e, ao final, foi divulgada uma nota sobre o que foi tratado entre os representantes do governo brasileiro, da Federa\u00e7\u00e3o [&hellip;]<\/p>\n","protected":false},"author":3,"featured_media":30249,"comment_status":"open","ping_status":"closed","sticky":false,"template":"","format":"standard","meta":{"_genesis_hide_title":false,"_genesis_hide_breadcrumbs":false,"_genesis_hide_singular_image":false,"_genesis_hide_footer_widgets":false,"_genesis_custom_body_class":"","_genesis_custom_post_class":"","_genesis_layout":"","_jetpack_memberships_contains_paid_content":false,"footnotes":""},"categories":[22],"tags":[],"class_list":{"0":"post-36906","1":"post","2":"type-post","3":"status-publish","4":"format-standard","5":"has-post-thumbnail","7":"category-brasil","8":"entry","9":"gs-1","10":"gs-odd","11":"gs-even","12":"gs-featured-content-entry"},"jetpack_featured_media_url":"https:\/\/www.redenoticia.com.br\/noticia\/imagens\/copa-do-mundo-2014.jpg","jetpack_sharing_enabled":true,"jetpack_likes_enabled":true,"_links":{"self":[{"href":"https:\/\/www.redenoticia.com.br\/noticia\/wp-json\/wp\/v2\/posts\/36906","targetHints":{"allow":["GET"]}}],"collection":[{"href":"https:\/\/www.redenoticia.com.br\/noticia\/wp-json\/wp\/v2\/posts"}],"about":[{"href":"https:\/\/www.redenoticia.com.br\/noticia\/wp-json\/wp\/v2\/types\/post"}],"author":[{"embeddable":true,"href":"https:\/\/www.redenoticia.com.br\/noticia\/wp-json\/wp\/v2\/users\/3"}],"replies":[{"embeddable":true,"href":"https:\/\/www.redenoticia.com.br\/noticia\/wp-json\/wp\/v2\/comments?post=36906"}],"version-history":[{"count":0,"href":"https:\/\/www.redenoticia.com.br\/noticia\/wp-json\/wp\/v2\/posts\/36906\/revisions"}],"wp:featuredmedia":[{"embeddable":true,"href":"https:\/\/www.redenoticia.com.br\/noticia\/wp-json\/wp\/v2\/media\/30249"}],"wp:attachment":[{"href":"https:\/\/www.redenoticia.com.br\/noticia\/wp-json\/wp\/v2\/media?parent=36906"}],"wp:term":[{"taxonomy":"category","embeddable":true,"href":"https:\/\/www.redenoticia.com.br\/noticia\/wp-json\/wp\/v2\/categories?post=36906"},{"taxonomy":"post_tag","embeddable":true,"href":"https:\/\/www.redenoticia.com.br\/noticia\/wp-json\/wp\/v2\/tags?post=36906"}],"curies":[{"name":"wp","href":"https:\/\/api.w.org\/{rel}","templated":true}]}}