{"id":36862,"date":"2011-10-11T13:55:17","date_gmt":"2011-10-11T17:55:17","guid":{"rendered":"http:\/\/www.redenoticia.com.br\/noticia\/?p=36862"},"modified":"2011-10-13T13:03:23","modified_gmt":"2011-10-13T17:03:23","slug":"funcionamento-dos-servicos-estaduais-sp-dia-1210","status":"publish","type":"post","link":"https:\/\/www.redenoticia.com.br\/noticia\/2011\/funcionamento-dos-servicos-estaduais-sp-dia-1210\/36862","title":{"rendered":"Funcionamento dos servi\u00e7os estaduais (SP) dia 12\/10"},"content":{"rendered":"<p><img loading=\"lazy\" decoding=\"async\" class=\"alignleft size-full wp-image-36739\" title=\"dia das criancas\" src=\"https:\/\/www.redenoticia.com.br\/noticia\/imagens\/dia-das-criancas.jpg\" alt=\"\" width=\"300\" height=\"193\" srcset=\"https:\/\/www.redenoticia.com.br\/noticia\/imagens\/dia-das-criancas.jpg 300w, https:\/\/www.redenoticia.com.br\/noticia\/imagens\/dia-das-criancas-250x161.jpg 250w, https:\/\/www.redenoticia.com.br\/noticia\/imagens\/dia-das-criancas-150x97.jpg 150w\" sizes=\"auto, (max-width: 300px) 100vw, 300px\" \/>Confira o <em><strong>funcionamento dos servi\u00e7os<\/strong><\/em> estaduais SP durante o <em><strong>feriado<\/strong><\/em> de 12 de Outubro:\u00a0Poupatempo &#8211;\u00a0Os Postos Poupatempo que atendem na Capital, Grande S\u00e3o Paulo e Interior, bem como o Disque Poupatempo, n\u00e3o funcionar\u00e3o na quarta-feira, 12, feriado nacional em comemora\u00e7\u00e3o ao Dia de Nossa Senhora Aparecida, padroeira do Brasil.<\/p>\n<p>A partir de quinta-feira, 13, todos os Postos Poupatempo e o servi\u00e7o de teleatendimento voltam a atender normalmente, em seus hor\u00e1rios habituais.<\/p>\n<p>Os endere\u00e7os dos postos e todos os hor\u00e1rios de funcionamento podem ser consultados no site do Poupatempo (www.poupatempo.sp.gov.br) ou atrav\u00e9s do Disque Poupatempo 0800 772 36 33 &#8211; liga\u00e7\u00e3o gratuita.<\/p>\n<p>Procon<\/p>\n<p>Funda\u00e7\u00e3o Procon-SP informa que n\u00e3o haver\u00e1 atendimento no feriado de 12 de Outubro. Os postos de atendimento pessoal, as audi\u00eancias, o atendimento telef\u00f4nico, eletr\u00f4nico, fax e administrativo voltam a funcionar normalmente no dia 13, quinta-feira. O atendimento dos Procons municipais fica a crit\u00e9rio da administra\u00e7\u00e3o municipal.<\/p>\n<p>A comunica\u00e7\u00e3o por cartas deve ser encaminhada \u00e0 Caixa Postal 3050, CEP 01031-970 e por fax ao telefone (11) 3824-0717. O telefone para informa\u00e7\u00f5es \u00e9 151, que tamb\u00e9m atende consulta para saber se uma determinada empresa tem reclama\u00e7\u00f5es no Procon-SP. O consumidor tamb\u00e9m pode procurar o \u00f3rg\u00e3o de defesa do consumidor de seu munic\u00edpio. O site da Funda\u00e7\u00e3o Procon-SP \u00e9 o www.procon.sp.gov.br.<\/p>\n<p>Postos de Atendimento ao Trabalhador<\/p>\n<p>Os PATs (Postos de Atendimento ao Trabalhador) n\u00e3o funcionar\u00e3o na quarta-feira, 12 de outubro.<\/p>\n<p>Hospitais e Unidades de Sa\u00fade<\/p>\n<p>Os hospitais e unidades de sa\u00fade funcionam em esquema de plant\u00e3o.<\/p>\n<p>Funda\u00e7\u00e3o Pr\u00f3-Sangue<\/p>\n<p>Neste feriado de 12 de Outubro a Pr\u00f3-Sangue estar\u00e1 funcionando normalmente. Mas apenas o Posto Cl\u00ednicas estar\u00e1 aberto para atendimento, das 8h \u00e0s 18h.<\/p>\n<p>Sabesp<\/p>\n<p>Atendimento telef\u00f4nico e pela internet<br \/>\nCentral de Atendimento 195 (liga\u00e7\u00e3o gratuita): funciona 24 horas, atendendo aos casos emergenciais na Grande S\u00e3o Paulo.<\/p>\n<p>Para emerg\u00eancias nos munic\u00edpios operados pela Sabesp no interior e litoral do Estado, a companhia mant\u00e9m plant\u00e3o permanente, atendendo pelo telefone 0800 055 0195, que funciona 24 horas por dia.<\/p>\n<p>Disque Sabesp &#8211; 08000 11 99 11 (liga\u00e7\u00e3o gratuita): atender\u00e1 das 10h \u00e0s 16h.<\/p>\n<p>Disque Poupatempo &#8211; 0800 772 36 33: n\u00e3o haver\u00e1 expediente no feriado.<\/p>\n<p>Sabesp Solu\u00e7\u00f5es Ambientais &#8211; 0800 771 24 82: n\u00e3o haver\u00e1 expediente no feriado.<\/p>\n<p>Atendimento online: n\u00e3o haver\u00e1 atendimento durante o feriado.<\/p>\n<p>Ouvidoria Sabesp &#8211; 0800 055 05 65: n\u00e3o haver\u00e1 atendimento durante o feriado.<\/p>\n<p>Postos e ag\u00eancias de atendimento<\/p>\n<p>Regi\u00e3o Metropolitana de S\u00e3o Paulo<br \/>\nAg\u00eancias comerciais: n\u00e3o funcionar\u00e3o durante o feriado.<br \/>\nPostos Poupatempo: n\u00e3o funcionar\u00e3o durante o feriado.<\/p>\n<p>Litoral Norte, Baixada Santista, Vale do Para\u00edba e Vale do Ribeira<br \/>\nAs ag\u00eancias da Sabesp nas cidades do Litoral Norte, da Baixada Santista, do Vale do Para\u00edba e do Vale do Ribeira permanecer\u00e3o fechadas durante o feriado.<\/p>\n<p>Poupatempo &#8211; Santos e S\u00e3o Jos\u00e9 dos Campos<br \/>\nAs ag\u00eancias de atendimento da Sabesp nas unidades do Poupatempo de S\u00e3o Jos\u00e9 dos Campos e de Santos permanecer\u00e3o fechadas nesta quarta-feira, 12, retornando atendimento na quinta-feira, 13.<\/p>\n<p>Do Portal do Governo do Estado<\/p>\n","protected":false},"excerpt":{"rendered":"<p>Confira o funcionamento dos servi\u00e7os estaduais SP durante o feriado de 12 de Outubro:\u00a0Poupatempo &#8211;\u00a0Os Postos Poupatempo que atendem na Capital, Grande S\u00e3o Paulo e Interior, bem como o Disque Poupatempo, n\u00e3o funcionar\u00e3o na quarta-feira, 12, feriado nacional em comemora\u00e7\u00e3o ao Dia de Nossa Senhora Aparecida, padroeira do Brasil. A partir de quinta-feira, 13, todos [&hellip;]<\/p>\n","protected":false},"author":3,"featured_media":36739,"comment_status":"open","ping_status":"closed","sticky":false,"template":"","format":"standard","meta":{"_genesis_hide_title":false,"_genesis_hide_breadcrumbs":false,"_genesis_hide_singular_image":false,"_genesis_hide_footer_widgets":false,"_genesis_custom_body_class":"","_genesis_custom_post_class":"","_genesis_layout":"","_jetpack_memberships_contains_paid_content":false,"footnotes":""},"categories":[22],"tags":[],"class_list":{"0":"post-36862","1":"post","2":"type-post","3":"status-publish","4":"format-standard","5":"has-post-thumbnail","7":"category-brasil","8":"entry","9":"gs-1","10":"gs-odd","11":"gs-even","12":"gs-featured-content-entry"},"jetpack_featured_media_url":"https:\/\/www.redenoticia.com.br\/noticia\/imagens\/dia-das-criancas.jpg","jetpack_sharing_enabled":true,"jetpack_likes_enabled":true,"_links":{"self":[{"href":"https:\/\/www.redenoticia.com.br\/noticia\/wp-json\/wp\/v2\/posts\/36862","targetHints":{"allow":["GET"]}}],"collection":[{"href":"https:\/\/www.redenoticia.com.br\/noticia\/wp-json\/wp\/v2\/posts"}],"about":[{"href":"https:\/\/www.redenoticia.com.br\/noticia\/wp-json\/wp\/v2\/types\/post"}],"author":[{"embeddable":true,"href":"https:\/\/www.redenoticia.com.br\/noticia\/wp-json\/wp\/v2\/users\/3"}],"replies":[{"embeddable":true,"href":"https:\/\/www.redenoticia.com.br\/noticia\/wp-json\/wp\/v2\/comments?post=36862"}],"version-history":[{"count":0,"href":"https:\/\/www.redenoticia.com.br\/noticia\/wp-json\/wp\/v2\/posts\/36862\/revisions"}],"wp:featuredmedia":[{"embeddable":true,"href":"https:\/\/www.redenoticia.com.br\/noticia\/wp-json\/wp\/v2\/media\/36739"}],"wp:attachment":[{"href":"https:\/\/www.redenoticia.com.br\/noticia\/wp-json\/wp\/v2\/media?parent=36862"}],"wp:term":[{"taxonomy":"category","embeddable":true,"href":"https:\/\/www.redenoticia.com.br\/noticia\/wp-json\/wp\/v2\/categories?post=36862"},{"taxonomy":"post_tag","embeddable":true,"href":"https:\/\/www.redenoticia.com.br\/noticia\/wp-json\/wp\/v2\/tags?post=36862"}],"curies":[{"name":"wp","href":"https:\/\/api.w.org\/{rel}","templated":true}]}}