{"id":36818,"date":"2011-10-06T16:05:31","date_gmt":"2011-10-06T20:05:31","guid":{"rendered":"http:\/\/www.redenoticia.com.br\/noticia\/?p=36818"},"modified":"2011-10-06T16:05:31","modified_gmt":"2011-10-06T20:05:31","slug":"preparacao-dos-estadios-para-copa-de-2014","status":"publish","type":"post","link":"https:\/\/www.redenoticia.com.br\/noticia\/2011\/preparacao-dos-estadios-para-copa-de-2014\/36818","title":{"rendered":"Prepara\u00e7\u00e3o dos est\u00e1dios para Copa de 2014"},"content":{"rendered":"<p><img loading=\"lazy\" decoding=\"async\" class=\"alignleft size-full wp-image-30249\" title=\"copa do mundo 2014\" src=\"https:\/\/www.redenoticia.com.br\/noticia\/imagens\/copa-do-mundo-2014.jpg\" alt=\"\" width=\"300\" height=\"193\" srcset=\"https:\/\/www.redenoticia.com.br\/noticia\/imagens\/copa-do-mundo-2014.jpg 300w, https:\/\/www.redenoticia.com.br\/noticia\/imagens\/copa-do-mundo-2014-250x161.jpg 250w, https:\/\/www.redenoticia.com.br\/noticia\/imagens\/copa-do-mundo-2014-150x97.jpg 150w\" sizes=\"auto, (max-width: 300px) 100vw, 300px\" \/>Rio de Janeiro \u2013 O diretor executivo de Opera\u00e7\u00f5es do Comit\u00ea Organizador Local da <em><strong>Copa do Mundo de 2014<\/strong><\/em>, Ricardo Trade, disse hoje (6) que a constru\u00e7\u00e3o e a reforma de est\u00e1dios para o evento est\u00e3o em ritmo acelerado. Ele participou de encontro, no Rio de Janeiro, com representantes das 12 cidades-sedes da Copa.<\/p>\n<p>\u201cEstamos muito tranquilos com rela\u00e7\u00e3o ao andamento [das obras] dos est\u00e1dios. Tanto que a Fifa [Federa\u00e7\u00e3o Internacional de Futebol] confirmou que vai anunciar no dia 20 de outubro a tabela de jogos da Copa das Confedera\u00e7\u00f5es e da Copa do Mundo. Isso d\u00e1 tranquilidade para que possamos trabalhar j\u00e1 sabendo o que temos pela frente\u201d, destacou Trade.<\/p>\n<p>Segundo ele, mesmo os est\u00e1dios de Curitiba e Porto Alegre, que est\u00e3o enfrentando problemas de financiamento, n\u00e3o preocupam o comit\u00ea organizador, j\u00e1 que s\u00e3o arenas que precisam apenas de pequenas interven\u00e7\u00f5es. \u201cS\u00e3o obras s\u00f3 de reforma pequena dos est\u00e1dios. N\u00e3o \u00e9 como os est\u00e1dios de Recife e de S\u00e3o Paulo, que sa\u00edram do nada e est\u00e3o indo muito bem, ou como o Maracan\u00e3, que tem uma obra enorme pela frente\u201d, comparou.<\/p>\n<p>Vitor Abdala<br \/>\nRep\u00f3rter da Ag\u00eancia Brasil<\/p>\n<p>Edi\u00e7\u00e3o: Juliana Andrade<\/p>\n","protected":false},"excerpt":{"rendered":"<p>Rio de Janeiro \u2013 O diretor executivo de Opera\u00e7\u00f5es do Comit\u00ea Organizador Local da Copa do Mundo de 2014, Ricardo Trade, disse hoje (6) que a constru\u00e7\u00e3o e a reforma de est\u00e1dios para o evento est\u00e3o em ritmo acelerado. Ele participou de encontro, no Rio de Janeiro, com representantes das 12 cidades-sedes da Copa. \u201cEstamos [&hellip;]<\/p>\n","protected":false},"author":3,"featured_media":30249,"comment_status":"open","ping_status":"closed","sticky":false,"template":"","format":"standard","meta":{"_genesis_hide_title":false,"_genesis_hide_breadcrumbs":false,"_genesis_hide_singular_image":false,"_genesis_hide_footer_widgets":false,"_genesis_custom_body_class":"","_genesis_custom_post_class":"","_genesis_layout":"","_jetpack_memberships_contains_paid_content":false,"footnotes":""},"categories":[22],"tags":[],"class_list":{"0":"post-36818","1":"post","2":"type-post","3":"status-publish","4":"format-standard","5":"has-post-thumbnail","7":"category-brasil","8":"entry","9":"gs-1","10":"gs-odd","11":"gs-even","12":"gs-featured-content-entry"},"jetpack_featured_media_url":"https:\/\/www.redenoticia.com.br\/noticia\/imagens\/copa-do-mundo-2014.jpg","jetpack_sharing_enabled":true,"jetpack_likes_enabled":true,"_links":{"self":[{"href":"https:\/\/www.redenoticia.com.br\/noticia\/wp-json\/wp\/v2\/posts\/36818","targetHints":{"allow":["GET"]}}],"collection":[{"href":"https:\/\/www.redenoticia.com.br\/noticia\/wp-json\/wp\/v2\/posts"}],"about":[{"href":"https:\/\/www.redenoticia.com.br\/noticia\/wp-json\/wp\/v2\/types\/post"}],"author":[{"embeddable":true,"href":"https:\/\/www.redenoticia.com.br\/noticia\/wp-json\/wp\/v2\/users\/3"}],"replies":[{"embeddable":true,"href":"https:\/\/www.redenoticia.com.br\/noticia\/wp-json\/wp\/v2\/comments?post=36818"}],"version-history":[{"count":0,"href":"https:\/\/www.redenoticia.com.br\/noticia\/wp-json\/wp\/v2\/posts\/36818\/revisions"}],"wp:featuredmedia":[{"embeddable":true,"href":"https:\/\/www.redenoticia.com.br\/noticia\/wp-json\/wp\/v2\/media\/30249"}],"wp:attachment":[{"href":"https:\/\/www.redenoticia.com.br\/noticia\/wp-json\/wp\/v2\/media?parent=36818"}],"wp:term":[{"taxonomy":"category","embeddable":true,"href":"https:\/\/www.redenoticia.com.br\/noticia\/wp-json\/wp\/v2\/categories?post=36818"},{"taxonomy":"post_tag","embeddable":true,"href":"https:\/\/www.redenoticia.com.br\/noticia\/wp-json\/wp\/v2\/tags?post=36818"}],"curies":[{"name":"wp","href":"https:\/\/api.w.org\/{rel}","templated":true}]}}