{"id":36584,"date":"2011-09-16T16:37:59","date_gmt":"2011-09-16T20:37:59","guid":{"rendered":"http:\/\/www.redenoticia.com.br\/noticia\/?p=36584"},"modified":"2011-09-16T16:37:59","modified_gmt":"2011-09-16T20:37:59","slug":"mestrado-em-engenharia-urbana","status":"publish","type":"post","link":"https:\/\/www.redenoticia.com.br\/noticia\/2011\/mestrado-em-engenharia-urbana\/36584","title":{"rendered":"Mestrado em Engenharia Urbana"},"content":{"rendered":"<p><img loading=\"lazy\" decoding=\"async\" class=\"alignleft size-full wp-image-34767\" title=\"bolsa de estudo\" src=\"https:\/\/www.redenoticia.com.br\/noticia\/imagens\/bolsa-de-estudo.jpg\" alt=\"\" width=\"300\" height=\"193\" srcset=\"https:\/\/www.redenoticia.com.br\/noticia\/imagens\/bolsa-de-estudo.jpg 300w, https:\/\/www.redenoticia.com.br\/noticia\/imagens\/bolsa-de-estudo-250x160.jpg 250w, https:\/\/www.redenoticia.com.br\/noticia\/imagens\/bolsa-de-estudo-150x96.jpg 150w\" sizes=\"auto, (max-width: 300px) 100vw, 300px\" \/>Ag\u00eancia FAPESP \u2013 O Programa de P\u00f3s-Gradua\u00e7\u00e3o em Engenharia Urbana (PPGEU) da Universidade Federal de S\u00e3o Carlos (UFSCar) est\u00e1 com inscri\u00e7\u00f5es abertas at\u00e9 30 de setembro para o <em><strong>processo seletivo de mestrado<\/strong><\/em>.<\/p>\n<p>O objetivo do programa \u00e9 desenvolver uma vis\u00e3o integrada entre as \u00e1reas de saneamento, transportes, urbanismo, geotecnia e geoprocessamento, visando o enfrentamento da quest\u00e3o urbana no \u00e2mbito da engenharia.<\/p>\n<p>S\u00e3o 22 vagas distribu\u00eddas em duas linhas de pesquisa. A primeira \u00e9 \u201cEstudos de Processos e Fen\u00f4menos Aplicados \u00e0 Engenharia Urbana\u201d, cujos estudos visam identificar, sistematizar, avaliar, analisar, monitorar ou modelar diferentes processos e fen\u00f4menos que ocorrem no meio urbano.<\/p>\n<p>A segunda linha de pesquisa \u00e9 \u201cGest\u00e3o, Planejamento e Tecnologias Aplicados \u00e0 Engenharia Urbana\u201d, voltada ao desenvolvimento e a avalia\u00e7\u00e3o de modelos e instrumentos de gest\u00e3o e planejamento do meio urbano e regional.<\/p>\n<p>A sele\u00e7\u00e3o para o mestrado conta com uma prova escrita envolvendo conhecimentos b\u00e1sicos de saneamento, transportes, urbanismo e geotecnia e geoprocessamento aplicado.<\/p>\n<p>As inscri\u00e7\u00f5es podem ser feitas pessoalmente, das 14h \u00e0s 16h30, na secretaria do programa, localizada na \u00e1rea norte do campus S\u00e3o Carlos, ou pelos correios, desde que o envio da documenta\u00e7\u00e3o seja feito at\u00e9 23 de setembro.<\/p>\n<p>Mais informa\u00e7\u00f5es: <a href=\"http:\/\/www.ufscar.br\/~ppgeu\" target=\"_blank\">www.ufscar.br\/~ppgeu<\/a> ou ppgeu@ufscar.br<\/p>\n","protected":false},"excerpt":{"rendered":"<p>Ag\u00eancia FAPESP \u2013 O Programa de P\u00f3s-Gradua\u00e7\u00e3o em Engenharia Urbana (PPGEU) da Universidade Federal de S\u00e3o Carlos (UFSCar) est\u00e1 com inscri\u00e7\u00f5es abertas at\u00e9 30 de setembro para o processo seletivo de mestrado. O objetivo do programa \u00e9 desenvolver uma vis\u00e3o integrada entre as \u00e1reas de saneamento, transportes, urbanismo, geotecnia e geoprocessamento, visando o enfrentamento da [&hellip;]<\/p>\n","protected":false},"author":3,"featured_media":34767,"comment_status":"open","ping_status":"closed","sticky":false,"template":"","format":"standard","meta":{"_genesis_hide_title":false,"_genesis_hide_breadcrumbs":false,"_genesis_hide_singular_image":false,"_genesis_hide_footer_widgets":false,"_genesis_custom_body_class":"","_genesis_custom_post_class":"","_genesis_layout":"","_jetpack_memberships_contains_paid_content":false,"footnotes":""},"categories":[22,351,370],"tags":[],"class_list":{"0":"post-36584","1":"post","2":"type-post","3":"status-publish","4":"format-standard","5":"has-post-thumbnail","7":"category-brasil","8":"category-cursos","9":"category-inscricao","10":"entry","11":"gs-1","12":"gs-odd","13":"gs-even","14":"gs-featured-content-entry"},"jetpack_featured_media_url":"https:\/\/www.redenoticia.com.br\/noticia\/imagens\/bolsa-de-estudo.jpg","jetpack_sharing_enabled":true,"jetpack_likes_enabled":true,"_links":{"self":[{"href":"https:\/\/www.redenoticia.com.br\/noticia\/wp-json\/wp\/v2\/posts\/36584","targetHints":{"allow":["GET"]}}],"collection":[{"href":"https:\/\/www.redenoticia.com.br\/noticia\/wp-json\/wp\/v2\/posts"}],"about":[{"href":"https:\/\/www.redenoticia.com.br\/noticia\/wp-json\/wp\/v2\/types\/post"}],"author":[{"embeddable":true,"href":"https:\/\/www.redenoticia.com.br\/noticia\/wp-json\/wp\/v2\/users\/3"}],"replies":[{"embeddable":true,"href":"https:\/\/www.redenoticia.com.br\/noticia\/wp-json\/wp\/v2\/comments?post=36584"}],"version-history":[{"count":0,"href":"https:\/\/www.redenoticia.com.br\/noticia\/wp-json\/wp\/v2\/posts\/36584\/revisions"}],"wp:featuredmedia":[{"embeddable":true,"href":"https:\/\/www.redenoticia.com.br\/noticia\/wp-json\/wp\/v2\/media\/34767"}],"wp:attachment":[{"href":"https:\/\/www.redenoticia.com.br\/noticia\/wp-json\/wp\/v2\/media?parent=36584"}],"wp:term":[{"taxonomy":"category","embeddable":true,"href":"https:\/\/www.redenoticia.com.br\/noticia\/wp-json\/wp\/v2\/categories?post=36584"},{"taxonomy":"post_tag","embeddable":true,"href":"https:\/\/www.redenoticia.com.br\/noticia\/wp-json\/wp\/v2\/tags?post=36584"}],"curies":[{"name":"wp","href":"https:\/\/api.w.org\/{rel}","templated":true}]}}