{"id":36399,"date":"2011-08-31T17:05:41","date_gmt":"2011-08-31T21:05:41","guid":{"rendered":"http:\/\/www.redenoticia.com.br\/noticia\/?p=36399"},"modified":"2011-08-31T17:05:41","modified_gmt":"2011-08-31T21:05:41","slug":"candidatas-ao-miss-universo-recebem-kits-turisticos-de-sp","status":"publish","type":"post","link":"https:\/\/www.redenoticia.com.br\/noticia\/2011\/candidatas-ao-miss-universo-recebem-kits-turisticos-de-sp\/36399","title":{"rendered":"Candidatas ao Miss Universo recebem kits tur\u00edsticos de SP"},"content":{"rendered":"<p><img loading=\"lazy\" decoding=\"async\" class=\"alignleft size-full wp-image-36370\" title=\"miss universo 2011 band credito fotoarena\" src=\"https:\/\/www.redenoticia.com.br\/noticia\/imagens\/miss-universo-2011-band-credito-fotoarena.jpg\" alt=\"\" width=\"300\" height=\"193\" srcset=\"https:\/\/www.redenoticia.com.br\/noticia\/imagens\/miss-universo-2011-band-credito-fotoarena.jpg 300w, https:\/\/www.redenoticia.com.br\/noticia\/imagens\/miss-universo-2011-band-credito-fotoarena-250x161.jpg 250w, https:\/\/www.redenoticia.com.br\/noticia\/imagens\/miss-universo-2011-band-credito-fotoarena-150x97.jpg 150w\" sizes=\"auto, (max-width: 300px) 100vw, 300px\" \/>S\u00e3o Paulo, agosto de 2011 \u2013 Nesta quarta-feira (31), a diretora de Turismo e Entretenimento da S\u00e3o Paulo Turismo (SPTuris, empresa municipal de promo\u00e7\u00e3o tur\u00edstica e eventos), Luciane Leite, recepcionou as candidatas ao <em><strong>Miss Universo<\/strong><\/em> em visita feita ao Museu do Futebol, um dos pontos mais visitados de S\u00e3o Paulo. Na ocasi\u00e3o, todas as misses receberam um kit da cidade composto por guias, mapas e folhetos em diferentes idiomas com informa\u00e7\u00f5es sobre as principais atra\u00e7\u00f5es paulistanas.<\/p>\n<p>\u201c\u00c9 um prazer receber essas beldades aqui em S\u00e3o Paulo. Al\u00e9m de tornarem a cidade ainda mais alegre e bonita, sua presen\u00e7a est\u00e1 projetando a metr\u00f3pole para o mundo\u201d, disse a diretora da SPTuris.<\/p>\n<p>A Miss Gr\u00e9cia, Iliana Papageorgiou, ficou encantada com a visita ao Museu do Futebol e comparou a capital paulista \u00e0 sua terra de origem. \u201cMoro em Atenas, que tamb\u00e9m \u00e9 uma cidade grande e um lugar bastante frequentado por turistas, muitos deles em busca de festas e a vida noturna, assim como S\u00e3o Paulo\u201d, contou.<\/p>\n<p>As candidatas, que j\u00e1 percorreram v\u00e1rios locais de S\u00e3o Paulo, ter\u00e3o at\u00e9 o dia 12 de setembro \u2013 data do concurso \u2013 para visitar outros pontos tur\u00edsticos da cidade programados pela organiza\u00e7\u00e3o do evento.<\/p>\n","protected":false},"excerpt":{"rendered":"<p>S\u00e3o Paulo, agosto de 2011 \u2013 Nesta quarta-feira (31), a diretora de Turismo e Entretenimento da S\u00e3o Paulo Turismo (SPTuris, empresa municipal de promo\u00e7\u00e3o tur\u00edstica e eventos), Luciane Leite, recepcionou as candidatas ao Miss Universo em visita feita ao Museu do Futebol, um dos pontos mais visitados de S\u00e3o Paulo. Na ocasi\u00e3o, todas as misses [&hellip;]<\/p>\n","protected":false},"author":3,"featured_media":36370,"comment_status":"open","ping_status":"closed","sticky":false,"template":"","format":"standard","meta":{"_genesis_hide_title":false,"_genesis_hide_breadcrumbs":false,"_genesis_hide_singular_image":false,"_genesis_hide_footer_widgets":false,"_genesis_custom_body_class":"","_genesis_custom_post_class":"","_genesis_layout":"","_jetpack_memberships_contains_paid_content":false,"footnotes":""},"categories":[22],"tags":[],"class_list":{"0":"post-36399","1":"post","2":"type-post","3":"status-publish","4":"format-standard","5":"has-post-thumbnail","7":"category-brasil","8":"entry","9":"gs-1","10":"gs-odd","11":"gs-even","12":"gs-featured-content-entry"},"jetpack_featured_media_url":"https:\/\/www.redenoticia.com.br\/noticia\/imagens\/miss-universo-2011-band-credito-fotoarena.jpg","jetpack_sharing_enabled":true,"jetpack_likes_enabled":true,"_links":{"self":[{"href":"https:\/\/www.redenoticia.com.br\/noticia\/wp-json\/wp\/v2\/posts\/36399","targetHints":{"allow":["GET"]}}],"collection":[{"href":"https:\/\/www.redenoticia.com.br\/noticia\/wp-json\/wp\/v2\/posts"}],"about":[{"href":"https:\/\/www.redenoticia.com.br\/noticia\/wp-json\/wp\/v2\/types\/post"}],"author":[{"embeddable":true,"href":"https:\/\/www.redenoticia.com.br\/noticia\/wp-json\/wp\/v2\/users\/3"}],"replies":[{"embeddable":true,"href":"https:\/\/www.redenoticia.com.br\/noticia\/wp-json\/wp\/v2\/comments?post=36399"}],"version-history":[{"count":0,"href":"https:\/\/www.redenoticia.com.br\/noticia\/wp-json\/wp\/v2\/posts\/36399\/revisions"}],"wp:featuredmedia":[{"embeddable":true,"href":"https:\/\/www.redenoticia.com.br\/noticia\/wp-json\/wp\/v2\/media\/36370"}],"wp:attachment":[{"href":"https:\/\/www.redenoticia.com.br\/noticia\/wp-json\/wp\/v2\/media?parent=36399"}],"wp:term":[{"taxonomy":"category","embeddable":true,"href":"https:\/\/www.redenoticia.com.br\/noticia\/wp-json\/wp\/v2\/categories?post=36399"},{"taxonomy":"post_tag","embeddable":true,"href":"https:\/\/www.redenoticia.com.br\/noticia\/wp-json\/wp\/v2\/tags?post=36399"}],"curies":[{"name":"wp","href":"https:\/\/api.w.org\/{rel}","templated":true}]}}