{"id":3625,"date":"2009-06-24T17:02:38","date_gmt":"2009-06-24T21:02:38","guid":{"rendered":"http:\/\/www.redenoticia.com.br\/noticia\/?p=3625"},"modified":"2009-06-24T17:02:38","modified_gmt":"2009-06-24T21:02:38","slug":"governadores-da-amazonia-legal-se-reunem-em-palmas-nesta-sexta-feira","status":"publish","type":"post","link":"https:\/\/www.redenoticia.com.br\/noticia\/2009\/governadores-da-amazonia-legal-se-reunem-em-palmas-nesta-sexta-feira\/3625","title":{"rendered":"Governadores da Amaz\u00f4nia Legal se re\u00fanem em Palmas nesta sexta-feira"},"content":{"rendered":"<p>O governador Ivo Cassol confirmou presen\u00e7a em Palmas, capital do estado do Tocantins, nesta sexta-feira, 26, onde participa de dois eventos importantes dentro do contexto de desenvolvimento da regi\u00e3o Amaz\u00f4nica: o V F\u00f3rum de Governadores da Amaz\u00f4nia Legal e a 5\u00aa Reuni\u00e3o Ordin\u00e1ria do Condel\/Sudam &#8211; Conselho Deliberativo da Superintend\u00eancia de Desenvolvimento da Amaz\u00f4nia. Ambos os eventos acontecem no Pal\u00e1cio Araguaia, sede do Governo do Estado, e reunir\u00e3o os nove governadores da Amaz\u00f4nia Legal al\u00e9m de ministros, palestrantes e representantes de minist\u00e9rios.<\/p>\n<p>O governador de Tocantins, Marcelo Miranda, que recebe os participantes, abre os trabalhos \u00e0s 08h00min com caf\u00e9 da manh\u00e3 aos participantes da reuni\u00e3o do Condel\/Sudam, cujas atividades ser\u00e3o iniciadas \u00e0s 8h30. \u00c0s 10h00min Marcelo Miranda abre as atividades e participa do F\u00f3rum de Governadores com os demais gestores dos estados que compreendem a regi\u00e3o da Amaz\u00f4nia Legal \u2013 Roraima, Amazonas, Acre, Par\u00e1, Amap\u00e1, Maranh\u00e3o, Mato Grosso e Rond\u00f4nia.<br \/>\nA reuni\u00e3o dos conselheiros da Sudam tratar\u00e1 da pol\u00edtica de apoio \u00e0 pesquisa de desenvolvimento de novas tecnologias; do andamento da elabora\u00e7\u00e3o do PRDA &#8211; Plano Regional de Desenvolvimento da Amaz\u00f4nia e assuntos referentes ao FNO &#8211; Fundo Constitucional do Norte. As atividades se encerram \u00e0s 9h45min.<\/p>\n<p><strong>F\u00f3rum de Governadores<\/strong><\/p>\n<p>Quanto ao f\u00f3rum, que ocorre das 10h \u00e0s 12h, tem como objetivo fortalecer a pol\u00edtica de desenvolvimento sustent\u00e1vel. Para isso, ser\u00e3o discutidos mecanismos de coopera\u00e7\u00e3o regional, nacional e internacional que contemplem, por exemplo, a remunera\u00e7\u00e3o por servi\u00e7os ambientais, investimentos em educa\u00e7\u00e3o, sa\u00fade, energia, transporte e produ\u00e7\u00e3o do conhecimento.<br \/>\nParalelamente ao evento ser\u00e1 realizada a 3\u00aa Reuni\u00e3o da CGPAS &#8211; Comiss\u00e3o Gestora do Plano Amaz\u00f4nia Sustent\u00e1vel, que ser\u00e1 presidida pelo ministro-chefe da Secretaria de Assuntos Estrat\u00e9gicos da Presid\u00eancia da Rep\u00fablica, Mangabeira Unger. Tamb\u00e9m ser\u00e1 ministrada a palestra \u201cO Est\u00e1gio Atual das Negocia\u00e7\u00f5es Internacionais em Mudan\u00e7a de Clima\u201d, pelo embaixador extraordin\u00e1rio de Mudan\u00e7as Clim\u00e1ticas do Itamaraty, S\u00e9rgio Serra. Outro tema apresentado no evento ser\u00e1 \u201cO Enfrentamento da Crise\u201d, pelo subchefe de Assuntos Federativos da Secretaria de Rela\u00e7\u00f5es Institucionais, Alexandre Padilha. Ao final do encontro, previsto para \u00e0s 12h30, haver\u00e1 debate entre os governadores.<br \/>\nO V F\u00f3rum resultar\u00e1 na Carta de Palmas, um documento que ser\u00e1 elaborado e assinado pelos governadores da Amaz\u00f4nia Legal a partir das discuss\u00f5es do evento e que nortear\u00e1 as a\u00e7\u00f5es dos respectivos estados e ser\u00e1 lida ao final do evento. O encontro encerra com confraterniza\u00e7\u00e3o entre os gestores com um almo\u00e7o.<\/p>\n<p><strong>Presen\u00e7as confirmadas<\/strong><\/p>\n<p>Al\u00e9m do governador Ivo Cassol, que estar\u00e1 acompanhado na reuni\u00e3o do secret\u00e1rio de Planejamento, Jo\u00e3o Carlos Ribeiro, confirmaram presen\u00e7a os governadores do Acre, Amap\u00e1, Amazonas, Par\u00e1, Roraima e Mato Grosso. Tamb\u00e9m confirmaram participa\u00e7\u00e3o o ministro-chefe da Secretaria de Assuntos Estrat\u00e9gicos da Presid\u00eancia da Rep\u00fablica, Mangabeira Unger; os representantes dos minist\u00e9rios da Integra\u00e7\u00e3o Nacional, dos Transportes, o superintendente de Desenvolvimento da Amaz\u00f4nia, Djalma Bezerra Melo; o secret\u00e1rio de Pol\u00edtica Nacional de Transportes, Marcelo Perrupato; o diretor do Centro Gestor e Operacional do Sistema de Prote\u00e7\u00e3o da Amaz\u00f4nia, Rog\u00e9rio Soares; do Minist\u00e9rio do Desenvolvimento, Ind\u00fastria e Com\u00e9rcio, o secret\u00e1rio de Com\u00e9rcio e Servi\u00e7os, Edson Lupatine; Minist\u00e9rio do Desenvolvimeno Agr\u00e1rio, a assessora da Secretaria Extraordin\u00e1ria, Shirley Anny Abreu do Nascimento; e o representante do Minist\u00e9rio da Justi\u00e7a, o secret\u00e1rio executivo Luiz Paulo Barreto.<\/p>\n<p><strong>Fonte: <\/strong>DECOM &#8211; Departamento de Comunica\u00e7\u00e3o Social<\/p>\n","protected":false},"excerpt":{"rendered":"<p>O governador Ivo Cassol confirmou presen\u00e7a em Palmas, capital do estado do Tocantins, nesta sexta-feira, 26, onde participa de dois eventos importantes dentro do contexto de desenvolvimento da regi\u00e3o Amaz\u00f4nica: o V F\u00f3rum de Governadores da Amaz\u00f4nia Legal e a 5\u00aa Reuni\u00e3o Ordin\u00e1ria do Condel\/Sudam &#8211; Conselho Deliberativo da Superintend\u00eancia de Desenvolvimento da Amaz\u00f4nia. Ambos [&hellip;]<\/p>\n","protected":false},"author":3,"featured_media":0,"comment_status":"open","ping_status":"open","sticky":false,"template":"","format":"standard","meta":{"_genesis_hide_title":false,"_genesis_hide_breadcrumbs":false,"_genesis_hide_singular_image":false,"_genesis_hide_footer_widgets":false,"_genesis_custom_body_class":"","_genesis_custom_post_class":"","_genesis_layout":"","_jetpack_memberships_contains_paid_content":false,"footnotes":""},"categories":[22],"tags":[],"class_list":{"0":"post-3625","1":"post","2":"type-post","3":"status-publish","4":"format-standard","6":"category-brasil","7":"entry","8":"gs-1","9":"gs-odd","10":"gs-even","11":"gs-featured-content-entry"},"jetpack_featured_media_url":"","jetpack_sharing_enabled":true,"jetpack_likes_enabled":true,"_links":{"self":[{"href":"https:\/\/www.redenoticia.com.br\/noticia\/wp-json\/wp\/v2\/posts\/3625","targetHints":{"allow":["GET"]}}],"collection":[{"href":"https:\/\/www.redenoticia.com.br\/noticia\/wp-json\/wp\/v2\/posts"}],"about":[{"href":"https:\/\/www.redenoticia.com.br\/noticia\/wp-json\/wp\/v2\/types\/post"}],"author":[{"embeddable":true,"href":"https:\/\/www.redenoticia.com.br\/noticia\/wp-json\/wp\/v2\/users\/3"}],"replies":[{"embeddable":true,"href":"https:\/\/www.redenoticia.com.br\/noticia\/wp-json\/wp\/v2\/comments?post=3625"}],"version-history":[{"count":0,"href":"https:\/\/www.redenoticia.com.br\/noticia\/wp-json\/wp\/v2\/posts\/3625\/revisions"}],"wp:attachment":[{"href":"https:\/\/www.redenoticia.com.br\/noticia\/wp-json\/wp\/v2\/media?parent=3625"}],"wp:term":[{"taxonomy":"category","embeddable":true,"href":"https:\/\/www.redenoticia.com.br\/noticia\/wp-json\/wp\/v2\/categories?post=3625"},{"taxonomy":"post_tag","embeddable":true,"href":"https:\/\/www.redenoticia.com.br\/noticia\/wp-json\/wp\/v2\/tags?post=3625"}],"curies":[{"name":"wp","href":"https:\/\/api.w.org\/{rel}","templated":true}]}}