{"id":36166,"date":"2011-08-11T16:49:45","date_gmt":"2011-08-11T20:49:45","guid":{"rendered":"http:\/\/www.redenoticia.com.br\/noticia\/?p=36166"},"modified":"2011-08-11T16:49:45","modified_gmt":"2011-08-11T20:49:45","slug":"governo-pretende-aproveitar-ao-maximo-intercambio-cultural-na-copa-e-nas-olimpiadas","status":"publish","type":"post","link":"https:\/\/www.redenoticia.com.br\/noticia\/2011\/governo-pretende-aproveitar-ao-maximo-intercambio-cultural-na-copa-e-nas-olimpiadas\/36166","title":{"rendered":"Governo pretende aproveitar ao m\u00e1ximo interc\u00e2mbio cultural na Copa e nas Olimp\u00edadas"},"content":{"rendered":"<p><img loading=\"lazy\" decoding=\"async\" class=\"alignleft size-full wp-image-30597\" title=\"seminario copa 2014\" src=\"https:\/\/www.redenoticia.com.br\/noticia\/imagens\/seminario-copa-2014.jpg\" alt=\"\" width=\"301\" height=\"194\" srcset=\"https:\/\/www.redenoticia.com.br\/noticia\/imagens\/seminario-copa-2014.jpg 301w, https:\/\/www.redenoticia.com.br\/noticia\/imagens\/seminario-copa-2014-250x161.jpg 250w, https:\/\/www.redenoticia.com.br\/noticia\/imagens\/seminario-copa-2014-150x97.jpg 150w\" sizes=\"auto, (max-width: 301px) 100vw, 301px\" \/>Bras\u00edlia &#8211; Grandes eventos esportivos atraem p\u00fablico de todas as partes do mundo. O interc\u00e2mbio cultural decorrente desses eventos pode trazer diversos tipos de benef\u00edcios. A fim de maximizar esses benef\u00edcios e conhecer melhor a experi\u00eancia de outros pa\u00edses para elaborar estrat\u00e9gias, principalmente para a <em><strong>Copa de 2014<\/strong><\/em> e para as Olimp\u00edadas de 2016, o Minist\u00e9rio da Cultura promove hoje (11) e amanh\u00e3 (12) o Semin\u00e1rio Interc\u00e2mbio de Experi\u00eancias Culturais em Megaeventos Esportivos.<\/p>\n<p>O evento contou com a participa\u00e7\u00e3o do ministro do Esporte, Orlando Silva. \u201cSempre digo que a Copa do Mundo \u00e9 muito mais do que 32 equipes disputando 64 partidas de futebol. Tem muito mais dimens\u00f5es no campo da economia, da sociedade, e da cultura. Nossa expectativa \u00e9 liderar um processo em que o Brasil possa celebrar a sua diversidade cultural e mostrar ao mundo suas possibilidades\u201d, disse Orlando Silva minutos antes de participar da mesa de abertura do semin\u00e1rio.<\/p>\n<p>Para ele, o sucesso do evento estimular\u00e1 outros p\u00fablicos, al\u00e9m do esportivo, a visitar o Brasil, ampliando o alcance desse setor no pa\u00eds. \u201cIsso significa a gera\u00e7\u00e3o de emprego extensiva, j\u00e1 que o turismo \u00e9 uma das ind\u00fastrias que mais geram empregos\u201d, ressaltou.<\/p>\n<p>\u201cO Brasil \u00e9 um pa\u00eds bonito, alegre, organizado e capaz. Al\u00e9m disso, com um povo bonito e receptivo. Ainda que estejamos longe do ideal, estamos caminhando para isso. Esse semin\u00e1rio n\u00e3o ser\u00e1 definitivo para decidirmos o que vai acontecer. Mas \u00e9 parte de um processo de constru\u00e7\u00e3o\u201d, acrescentou a ministra da Cultura, Ana de Hollanda.<\/p>\n<p>As experi\u00eancias da \u00c1frica do Sul, na Copa de 2010, e da Espanha, durante as Olimp\u00edadas de 1992, foram apresentadas durante o primeiro dia de semin\u00e1rio.<\/p>\n<p>Entre as vantagens obtidas pela \u00c1frica do Sul, a diretora-geral adjunta do governo provincial de Western Cape, Laurine Platzky, destacou o desenvolvimento da infraestrutura, as oportunidades econ\u00f4micas e o turismo, sempre com um vi\u00e9s ligado \u00e0 cultura.<\/p>\n<p>O vereador da C\u00e2mara Municipal e delegado de Cultura de Barcelona entre 2006 e 2011, Jordi Mart\u00ed, lembrou a cria\u00e7\u00e3o de uma lei de incentivo para eventos culturais que estimulou os empres\u00e1rios. \u201cAs Olimp\u00edadas, claro, estavam enquadradas nessa lei por tamb\u00e9m envolver in\u00fameros aspectos ligados \u00e0 cultura. O sucesso dessa lei acabou fazendo com que ela fosse mantida ap\u00f3s o evento, e isso nos trouxe ganhos\u201d, disse.<\/p>\n<p>Os participantes do encontro integrar\u00e3o grupos tem\u00e1ticos para discutir assuntos como cultura de paz, cidadania, mobiliza\u00e7\u00e3o e participa\u00e7\u00e3o da popula\u00e7\u00e3o; economia criativa, infraestrutura cultural e sustentabilidade; patrim\u00f4nio, museus e turismo cultural; e diversidade e express\u00f5es art\u00edsticas e culturais. A ideia \u00e9 elaborar propostas que, se aprovadas, ser\u00e3o apresentadas ao final do semin\u00e1rio na tarde de amanh\u00e3 (12).<\/p>\n<p>Pedro Peduzzi<\/p>\n<p>Rep\u00f3rter da Ag\u00eancia Brasil<br \/>\nEdi\u00e7\u00e3o: Juliana Andrade<\/p>\n","protected":false},"excerpt":{"rendered":"<p>Bras\u00edlia &#8211; Grandes eventos esportivos atraem p\u00fablico de todas as partes do mundo. O interc\u00e2mbio cultural decorrente desses eventos pode trazer diversos tipos de benef\u00edcios. A fim de maximizar esses benef\u00edcios e conhecer melhor a experi\u00eancia de outros pa\u00edses para elaborar estrat\u00e9gias, principalmente para a Copa de 2014 e para as Olimp\u00edadas de 2016, o [&hellip;]<\/p>\n","protected":false},"author":3,"featured_media":30597,"comment_status":"open","ping_status":"closed","sticky":false,"template":"","format":"standard","meta":{"_genesis_hide_title":false,"_genesis_hide_breadcrumbs":false,"_genesis_hide_singular_image":false,"_genesis_hide_footer_widgets":false,"_genesis_custom_body_class":"","_genesis_custom_post_class":"","_genesis_layout":"","_jetpack_memberships_contains_paid_content":false,"footnotes":""},"categories":[22],"tags":[],"class_list":{"0":"post-36166","1":"post","2":"type-post","3":"status-publish","4":"format-standard","5":"has-post-thumbnail","7":"category-brasil","8":"entry","9":"gs-1","10":"gs-odd","11":"gs-even","12":"gs-featured-content-entry"},"jetpack_featured_media_url":"https:\/\/www.redenoticia.com.br\/noticia\/imagens\/seminario-copa-2014.jpg","jetpack_sharing_enabled":true,"jetpack_likes_enabled":true,"_links":{"self":[{"href":"https:\/\/www.redenoticia.com.br\/noticia\/wp-json\/wp\/v2\/posts\/36166","targetHints":{"allow":["GET"]}}],"collection":[{"href":"https:\/\/www.redenoticia.com.br\/noticia\/wp-json\/wp\/v2\/posts"}],"about":[{"href":"https:\/\/www.redenoticia.com.br\/noticia\/wp-json\/wp\/v2\/types\/post"}],"author":[{"embeddable":true,"href":"https:\/\/www.redenoticia.com.br\/noticia\/wp-json\/wp\/v2\/users\/3"}],"replies":[{"embeddable":true,"href":"https:\/\/www.redenoticia.com.br\/noticia\/wp-json\/wp\/v2\/comments?post=36166"}],"version-history":[{"count":0,"href":"https:\/\/www.redenoticia.com.br\/noticia\/wp-json\/wp\/v2\/posts\/36166\/revisions"}],"wp:featuredmedia":[{"embeddable":true,"href":"https:\/\/www.redenoticia.com.br\/noticia\/wp-json\/wp\/v2\/media\/30597"}],"wp:attachment":[{"href":"https:\/\/www.redenoticia.com.br\/noticia\/wp-json\/wp\/v2\/media?parent=36166"}],"wp:term":[{"taxonomy":"category","embeddable":true,"href":"https:\/\/www.redenoticia.com.br\/noticia\/wp-json\/wp\/v2\/categories?post=36166"},{"taxonomy":"post_tag","embeddable":true,"href":"https:\/\/www.redenoticia.com.br\/noticia\/wp-json\/wp\/v2\/tags?post=36166"}],"curies":[{"name":"wp","href":"https:\/\/api.w.org\/{rel}","templated":true}]}}