{"id":3605,"date":"2009-06-24T13:21:39","date_gmt":"2009-06-24T17:21:39","guid":{"rendered":"http:\/\/www.redenoticia.com.br\/noticia\/?p=3605"},"modified":"2009-06-24T16:45:49","modified_gmt":"2009-06-24T20:45:49","slug":"maioridade-aos-16-anos-voce-concorda","status":"publish","type":"post","link":"https:\/\/www.redenoticia.com.br\/noticia\/2009\/maioridade-aos-16-anos-voce-concorda\/3605","title":{"rendered":"Maioridade aos 16 anos? Voc\u00ea concorda?"},"content":{"rendered":"<p>O Brasil est\u00e1 em discuss\u00e3o, maioridade penal, que ira cair de 18 anos para 16 anos.<\/p>\n<p><strong>Jovens agora respondera pelos seus atos?<\/strong><\/p>\n<p>Foi feita uma pesquisa em Ji-paran\u00e1 (RO) na escola Julio guerra o que os alunos achavam sobre a diminui\u00e7\u00e3o da maioridade penal?<\/p>\n<p>De 10 alunos entrevistados todos estavam a favor de diminui\u00e7\u00e3o da maioridade criminal.<\/p>\n<p>O Aluno\u00a0<strong>Felipe Oliveira<\/strong> de 15 anos que faz o 2\u00ba ano do ensino m\u00e9dio e a favor da nova proposta de maioridade ser 16 anos e ele diz mais:<\/p>\n<p><em><span style=\"text-decoration: underline;\">Por que a criminalidade ela esta sendo mais usado por menores, e esta virando tudo uns bando de \u201cvagabundos\u201d, e t\u00e3o matando e roubando e n\u00e3o acontece nada com eles, eu gostaria mesmo e que seja a maioridade a partir dos 14 anos.<\/span><\/em><\/p>\n<p>A Aluna\u00a0<strong>Yonara Torres<\/strong> de 17 anos que faz o 3\u00ba ano do ensino m\u00e9dio ela tamb\u00e9m e a favor da maioridade ser 16 anos e ela fala:<\/p>\n<p><em><span style=\"text-decoration: underline;\">Um jovem menor de idade que comete um ato criminoso j\u00e1 possui plena consci\u00eancia de seus atos, e deve pagar pelo que faz!!<\/span><\/em><\/p>\n<p>O Aluno\u00a0<strong>Fidelcino Luiz<\/strong> de 15 anos que faz o 2\u00ba ano do ensino m\u00e9dio e a favor da proposta e fala mais:<\/p>\n<p><em><span style=\"text-decoration: underline;\">Sou a favor sim, e tem mais, muitas crian\u00e7as e jovens est\u00e3o ai matando e furtando, e como eles mesmo fala, isso vai dar em nada!!<\/span><\/em><\/p>\n<p>O Aluno\u00a0<strong>Lucas Lago<\/strong> de 18 anos que faz o 3\u00ba ano do ensino m\u00e9dio tamb\u00e9m e a favor da diminui\u00e7\u00e3o da maioridade penal!!! E fala:<\/p>\n<p><em><span style=\"text-decoration: underline;\">Com essa nova lei os marginais v\u00e3o pensar duas vezes antes de cometer qualquer crime!!<\/span><\/em><\/p>\n<p><strong>(E outros!!)<\/strong><\/p>\n<p><strong>Essas s\u00e3o opini\u00f5es de alguns jovens consciente, que j\u00e1 votam e\u00a0 escolhe seus representantes pol\u00edticos e esperam que a lei entre em vigor.<\/strong><\/p>\n<p>Luiz Enrik Cardoso<br \/>\nAluno Reporter<\/p>\n","protected":false},"excerpt":{"rendered":"<p>O Brasil est\u00e1 em discuss\u00e3o, maioridade penal, que ira cair de 18 anos para 16 anos. Jovens agora respondera pelos seus atos? Foi feita uma pesquisa em Ji-paran\u00e1 (RO) na escola Julio guerra o que os alunos achavam sobre a diminui\u00e7\u00e3o da maioridade penal? De 10 alunos entrevistados todos estavam a favor de diminui\u00e7\u00e3o da [&hellip;]<\/p>\n","protected":false},"author":2,"featured_media":0,"comment_status":"open","ping_status":"open","sticky":false,"template":"","format":"standard","meta":{"_genesis_hide_title":false,"_genesis_hide_breadcrumbs":false,"_genesis_hide_singular_image":false,"_genesis_hide_footer_widgets":false,"_genesis_custom_body_class":"","_genesis_custom_post_class":"","_genesis_layout":"","_jetpack_memberships_contains_paid_content":false,"footnotes":""},"categories":[22],"tags":[],"class_list":{"0":"post-3605","1":"post","2":"type-post","3":"status-publish","4":"format-standard","6":"category-brasil","7":"entry","8":"gs-1","9":"gs-odd","10":"gs-even","11":"gs-featured-content-entry"},"jetpack_featured_media_url":"","jetpack_sharing_enabled":true,"jetpack_likes_enabled":true,"_links":{"self":[{"href":"https:\/\/www.redenoticia.com.br\/noticia\/wp-json\/wp\/v2\/posts\/3605","targetHints":{"allow":["GET"]}}],"collection":[{"href":"https:\/\/www.redenoticia.com.br\/noticia\/wp-json\/wp\/v2\/posts"}],"about":[{"href":"https:\/\/www.redenoticia.com.br\/noticia\/wp-json\/wp\/v2\/types\/post"}],"author":[{"embeddable":true,"href":"https:\/\/www.redenoticia.com.br\/noticia\/wp-json\/wp\/v2\/users\/2"}],"replies":[{"embeddable":true,"href":"https:\/\/www.redenoticia.com.br\/noticia\/wp-json\/wp\/v2\/comments?post=3605"}],"version-history":[{"count":0,"href":"https:\/\/www.redenoticia.com.br\/noticia\/wp-json\/wp\/v2\/posts\/3605\/revisions"}],"wp:attachment":[{"href":"https:\/\/www.redenoticia.com.br\/noticia\/wp-json\/wp\/v2\/media?parent=3605"}],"wp:term":[{"taxonomy":"category","embeddable":true,"href":"https:\/\/www.redenoticia.com.br\/noticia\/wp-json\/wp\/v2\/categories?post=3605"},{"taxonomy":"post_tag","embeddable":true,"href":"https:\/\/www.redenoticia.com.br\/noticia\/wp-json\/wp\/v2\/tags?post=3605"}],"curies":[{"name":"wp","href":"https:\/\/api.w.org\/{rel}","templated":true}]}}