{"id":3579,"date":"2009-06-23T23:33:27","date_gmt":"2009-06-24T03:33:27","guid":{"rendered":"http:\/\/www.redenoticia.com.br\/noticia\/?p=3579"},"modified":"2009-06-24T16:46:53","modified_gmt":"2009-06-24T20:46:53","slug":"rondonia-nao-tem-caso-da-gripe","status":"publish","type":"post","link":"https:\/\/www.redenoticia.com.br\/noticia\/2009\/rondonia-nao-tem-caso-da-gripe\/3579","title":{"rendered":"Rond\u00f4nia n\u00e3o tem caso da gripe"},"content":{"rendered":"<h3 style=\"margin-top: 2.5pt; margin-right: 0cm; margin-bottom: 0pt; margin-left: 0cm; text-align: justify;\"><span style=\"font-weight: normal; font-size: 11pt; font-family: Arial;\">O Minist\u00e9rio da Sa\u00fade informa que foram confirmados 94 NOVOS CASOS de infec\u00e7\u00e3o pelo v\u00edrus Influenza A (H1N1): 50 em S\u00e3o Paulo, 17 em Minas Gerais, 13 no Rio de Janeiro, quatro em Santa Catarina, dois na Bahia, dois no Esp\u00edrito Santo, dois no Paran\u00e1, um em Alagoas, um em Goi\u00e1s, um no Rio Grande do Sul e um em Sergipe.<\/span><\/h3>\n<h3 style=\"margin-top: 2.5pt; margin-right: 0cm; margin-bottom: 0pt; margin-left: 0cm; text-align: justify;\"><span style=\"font-weight: normal; font-size: 11pt; font-family: Arial;\"> <\/span><\/h3>\n<h3 style=\"margin-top: 2.5pt; margin-right: 0cm; margin-bottom: 0pt; margin-left: 0cm; text-align: justify;\"><span style=\"font-weight: normal; font-size: 11pt; font-family: Arial;\">Com os novos casos, o total <span style=\"text-decoration: underline;\">acumulado<\/span> de confirmados no pa\u00eds chega a 334. PARA TODOS OS CASOS, est\u00e3o sendo realizados busca ativa e monitoramento de todas as pessoas que estabeleceram contato pr\u00f3ximo com esses pacientes.<\/span><\/h3>\n<h3 style=\"margin-top: 2.5pt; margin-right: 0cm; margin-bottom: 0pt; margin-left: 0cm; text-align: justify;\"><span style=\"font-weight: normal; font-size: 11pt; font-family: Arial;\"> <\/span><\/h3>\n<h3 style=\"margin-top: 2.5pt; margin-right: 0cm; margin-bottom: 0pt; margin-left: 0cm; text-align: justify;\"><span style=\"font-weight: normal; font-size: 11pt; font-family: Arial;\">Do total de casos confirmados, dois pacientes do Rio Grande do Sul est\u00e3o internados. A Secretaria Estadual de Sa\u00fade do Rio Grande do Sul, com apoio do Minist\u00e9rio da Sa\u00fade, acompanha a evolu\u00e7\u00e3o do quadro cl\u00ednico dos pacientes. Os dois casos foram infectados no exterior.<\/span><\/h3>\n<h3 style=\"margin-top: 2.5pt; margin-right: 0cm; margin-bottom: 0pt; margin-left: 0cm; text-align: justify;\"><span style=\"font-weight: normal; font-size: 11pt; font-family: Arial;\"> <\/span><\/h3>\n<h3 style=\"margin-top: 2.5pt; margin-right: 0cm; margin-bottom: 0pt; margin-left: 0cm; text-align: justify;\"><span style=\"font-weight: normal; font-size: 11pt; font-family: Arial;\">O Minist\u00e9rio da Sa\u00fade acompanha, ainda, 218 CASOS SUSPEITOS no pa\u00eds. As amostras com secre\u00e7\u00f5es respirat\u00f3rias dos pacientes est\u00e3o em an\u00e1lise laboratorial.<\/span><\/h3>\n<h3 style=\"margin-top: 2.5pt; margin-right: 0cm; margin-bottom: 0pt; margin-left: 0cm; text-align: justify;\"><span style=\"font-weight: normal; font-size: 11pt; font-family: Arial;\"> <\/span><\/h3>\n<h3 style=\"margin-top: 2.5pt; margin-right: 0cm; margin-bottom: 0pt; margin-left: 0cm; text-align: justify;\"><span style=\"font-weight: normal; font-size: 11pt; font-family: Arial;\">Al\u00e9m disso, 656 casos foram DESCARTADOS, at\u00e9 o momento (veja tabela abaixo).<\/span><\/h3>\n<h3 style=\"margin-top: 2.5pt; margin-right: 0cm; margin-bottom: 0pt; margin-left: 0cm; text-align: justify;\"><span style=\"font-weight: normal; font-size: 11pt; font-family: Arial;\"> <\/span><\/h3>\n<h3 style=\"margin-top: 2.5pt; margin-right: 0cm; margin-bottom: 0pt; margin-left: 0cm; text-align: justify;\"><span style=\"font-weight: normal; font-size: 11pt; font-family: Arial;\">Os n\u00fameros referem-se a informa\u00e7\u00f5es repassadas pelas Secretarias Estaduais de Sa\u00fade at\u00e9 as 17h desta ter\u00e7a-feira. <\/span><strong><span style=\"font-size: 11pt; font-family: Arial;\">TODOS OS CASOS IDENTIFICADOS AP\u00d3S ESSE HOR\u00c1RIO SER\u00c3O CONTABILIZADOS NO DOCUMENTO DO DIA SEGUINTE.<\/span><\/strong><strong> <\/strong><\/h3>\n<h3 style=\"margin-top: 2.5pt; margin-right: 0cm; margin-bottom: 0pt; margin-left: 0cm; text-align: justify;\"><span style=\"font-weight: normal; font-size: 11pt; font-family: Arial;\"> <\/span><\/h3>\n<h3 style=\"margin-top: 2.5pt; margin-right: 0cm; margin-bottom: 0pt; margin-left: 0cm; text-align: center;\"><span style=\"font-weight: normal; font-size: 11pt; background-image: initial; background-repeat: initial; background-attachment: initial; -webkit-background-clip: initial; -webkit-background-origin: initial; background-color: yellow; color: red; font-family: Arial; background-position: initial initial;\"><br \/>\n<\/span><\/h3>\n","protected":false},"excerpt":{"rendered":"<p>O Minist\u00e9rio da Sa\u00fade informa que foram confirmados 94 NOVOS CASOS de infec\u00e7\u00e3o pelo v\u00edrus Influenza A (H1N1): 50 em S\u00e3o Paulo, 17 em Minas Gerais, 13 no Rio de Janeiro, quatro em Santa Catarina, dois na Bahia, dois no Esp\u00edrito Santo, dois no Paran\u00e1, um em Alagoas, um em Goi\u00e1s, um no Rio Grande [&hellip;]<\/p>\n","protected":false},"author":2,"featured_media":0,"comment_status":"open","ping_status":"open","sticky":false,"template":"","format":"standard","meta":{"_genesis_hide_title":false,"_genesis_hide_breadcrumbs":false,"_genesis_hide_singular_image":false,"_genesis_hide_footer_widgets":false,"_genesis_custom_body_class":"","_genesis_custom_post_class":"","_genesis_layout":"","_jetpack_memberships_contains_paid_content":false,"footnotes":""},"categories":[5],"tags":[],"class_list":{"0":"post-3579","1":"post","2":"type-post","3":"status-publish","4":"format-standard","6":"category-saude-e-vida","7":"entry","8":"gs-1","9":"gs-odd","10":"gs-even","11":"gs-featured-content-entry"},"jetpack_featured_media_url":"","jetpack_sharing_enabled":true,"jetpack_likes_enabled":true,"_links":{"self":[{"href":"https:\/\/www.redenoticia.com.br\/noticia\/wp-json\/wp\/v2\/posts\/3579","targetHints":{"allow":["GET"]}}],"collection":[{"href":"https:\/\/www.redenoticia.com.br\/noticia\/wp-json\/wp\/v2\/posts"}],"about":[{"href":"https:\/\/www.redenoticia.com.br\/noticia\/wp-json\/wp\/v2\/types\/post"}],"author":[{"embeddable":true,"href":"https:\/\/www.redenoticia.com.br\/noticia\/wp-json\/wp\/v2\/users\/2"}],"replies":[{"embeddable":true,"href":"https:\/\/www.redenoticia.com.br\/noticia\/wp-json\/wp\/v2\/comments?post=3579"}],"version-history":[{"count":0,"href":"https:\/\/www.redenoticia.com.br\/noticia\/wp-json\/wp\/v2\/posts\/3579\/revisions"}],"wp:attachment":[{"href":"https:\/\/www.redenoticia.com.br\/noticia\/wp-json\/wp\/v2\/media?parent=3579"}],"wp:term":[{"taxonomy":"category","embeddable":true,"href":"https:\/\/www.redenoticia.com.br\/noticia\/wp-json\/wp\/v2\/categories?post=3579"},{"taxonomy":"post_tag","embeddable":true,"href":"https:\/\/www.redenoticia.com.br\/noticia\/wp-json\/wp\/v2\/tags?post=3579"}],"curies":[{"name":"wp","href":"https:\/\/api.w.org\/{rel}","templated":true}]}}