{"id":35732,"date":"2011-07-08T17:42:34","date_gmt":"2011-07-08T21:42:34","guid":{"rendered":"http:\/\/www.redenoticia.com.br\/noticia\/?p=35732"},"modified":"2011-07-11T09:25:07","modified_gmt":"2011-07-11T13:25:07","slug":"confira-a-agenda-cultural-da-semana-no-estado-de-sp-2","status":"publish","type":"post","link":"https:\/\/www.redenoticia.com.br\/noticia\/2011\/confira-a-agenda-cultural-da-semana-no-estado-de-sp-2\/35732","title":{"rendered":"Confira a agenda cultural da semana no Estado de SP"},"content":{"rendered":"<p><img loading=\"lazy\" decoding=\"async\" class=\"alignleft size-full wp-image-27918\" title=\"virada cultural sp\" src=\"https:\/\/www.redenoticia.com.br\/noticia\/imagens\/virada-cultural-sp-2010.jpg\" alt=\"\" width=\"300\" height=\"193\" srcset=\"https:\/\/www.redenoticia.com.br\/noticia\/imagens\/virada-cultural-sp-2010.jpg 300w, https:\/\/www.redenoticia.com.br\/noticia\/imagens\/virada-cultural-sp-2010-250x160.jpg 250w, https:\/\/www.redenoticia.com.br\/noticia\/imagens\/virada-cultural-sp-2010-150x96.jpg 150w\" sizes=\"auto, (max-width: 300px) 100vw, 300px\" \/>Os destaques v\u00e3o para Festival de Cinema Latino-Americano e as A\u00e7\u00f5es Culturais do Metr\u00f4.\u00a0Toda sexta-feira, o Portal do Governo do Estado de S\u00e3o Paulo e a Ag\u00eancia Di\u00e1rio Oficial preparam uma<em><strong> programa\u00e7\u00e3o cultural<\/strong><\/em> com v\u00e1rias op\u00e7\u00f5es para aproveitar o final de semana. O destaque fica por conta do Festival de Cinema Latino-Americano e as A\u00e7\u00f5es Culturais do Metr\u00f4, tem ainda v\u00e1rias exposi\u00e7\u00f5es, al\u00e9m de outras dicas de m\u00fasica e literatura. Confira as novidades da pr\u00f3xima semana:<\/p>\n<p>Cinema<\/p>\n<p>Festival de Cinema Latino-Americano em S\u00e3o Paulo<br \/>\nPara quem curte a s\u00e9tima arte, \u00f3tima op\u00e7\u00e3o para as f\u00e9rias do m\u00eas. O Festlatino chega \u00e0 sua 6\u00aa edi\u00e7\u00e3o com exibi\u00e7\u00e3o de mais de 100 filmes de 16 pa\u00edses da Am\u00e9rica Latina, de mostras contempor\u00e2neos e especiais. O evento ser\u00e1 realizado de ter\u00e7a-feira (12) a domingo (17) em seis salas da capital &#8211; Memorial da Am\u00e9rica Latina, Cinusp, Espa\u00e7o Unibanco, Cinesesc, Cinemateca Brasileira e Cine Olido. Conta, ainda, com retrospectivas, ciclo de debates e encontros. Todas as sess\u00f5es s\u00e3o gratuitas. Entre os v\u00e1rios t\u00edtulos da programa\u00e7\u00e3o est\u00e1 Brascuba, do diretor brasileiro Orlando Senna, um dos homenageados do festival, e do cubano Santiago Alvarez. O filme de 1987 foi a primeira produ\u00e7\u00e3o cinematogr\u00e1fica conjunta entre Brasil e Cuba e apresenta as semelhan\u00e7as culturais a partir da m\u00fasica e da dan\u00e7a de cada pa\u00eds. Senna dar\u00e1 ao p\u00fablico uma aula magna relatando sua trajet\u00f3ria profissional, epis\u00f3dios marcantes e opini\u00e3o sobre o cinema latino-americano de modo geral. O escritor colombiano Gabriel Garc\u00eda M\u00e1rquez, tamb\u00e9m homenageado, exibe A lagosta azul, filme experimental surreal, de 1954, no qual um agente da intelig\u00eancia estrangeira, conhecido como El Gringo, investiga a presen\u00e7a de radioatividade em algumas lagostas capturadas numa vila de pescadores no Caribe. Outras produ\u00e7\u00f5es com presen\u00e7a em S\u00e3o Paulo s\u00e3o Am\u00e9rica (2011), da porto-riquenha Sonia Fritz; O guardi\u00e3o (1993), do argentino Rodrigo Moreno; O pr\u00eamio (2010), da mexicana Paula Markovitch; A fronteira (2010), do peruano Salom\u00f3n Senepo Gonz\u00e1lez; Al\u00e9m do Mall, do equatoriano Miguel Alvear. Entre os brasileiros est\u00e3o O gerente (2010), de Paulo Cezar Saraceni; Os residentes (2010), de Tiago Mata Machado; Somos 1 s\u00f3 (2010), de Ana Dip; Coronel Delmiro Gouv\u00eaa (1979), de Geraldo Sarno; Brilhante (2006), de Concei\u00e7\u00e3o Senna, entre outros. O festival tem como objetivo divulgar e discutir a singularidade est\u00e9tica da cinematografia recente e hist\u00f3rica da Am\u00e9rica Latina. A curadoria \u00e9 de Andr\u00e9 Sturm, Francisco Cesar Filho e Jurandir M\u00fcller. A iniciativa do Memorial da Am\u00e9rica Latina conta com o apoio da Secretaria de Estado da Cultura e da Petrobras, atrav\u00e9s da Lei Rouanet. Classifica\u00e7\u00e3o: livre.<br \/>\nPrograma\u00e7\u00e3o completa no site www.memorial.sp.gov.br<\/p>\n<p>Memorial da Am\u00e9rica Latina &#8211; Galeria Marta Traba<br \/>\nAv. Auro Soares de Moura Andrade, 664 &#8211; Barra Funda &#8211; S\u00e3o Paulo<br \/>\nTelefone (11) 3823-4600<\/p>\n<p>Cinusp Paulo Em\u00edlio<br \/>\nRua do Anfiteatro, 181 &#8211; Colmeia &#8211; Favo 4 &#8211; Cidade Universit\u00e1ria &#8211; S\u00e3o Paulo<br \/>\nTelefone (11) 3091-3364<\/p>\n<p>Espa\u00e7o Unibanco<br \/>\nRua Augusta, 1.475 &#8211; Cerqueira C\u00e9sar &#8211; S\u00e3o Paulo<br \/>\nTelefone (11) 3288-6780<\/p>\n<p>Cinesesc<br \/>\nRua Augusta, 2.075 &#8211; Cerqueira C\u00e9sar &#8211; S\u00e3o Paulo<br \/>\nTelefone (11) 3087-0500<\/p>\n<p>Cinemateca Brasileira<br \/>\nLargo Senador Raul Cardoso, 207 &#8211; Vila Mariana &#8211; S\u00e3o Paulo<br \/>\nTelefone (11) 3512-6111<\/p>\n<p>Cine Olido<br \/>\nAv. S\u00e3o Jo\u00e3o, 473 &#8211; Rep\u00fablica &#8211; S\u00e3o Paulo<br \/>\nTelefone (11) 3331-8399<\/p>\n<p>Mostra Anime<br \/>\nDesenhos animados japoneses com imagin\u00e1rio futurista<br \/>\nA garota que saltava pelo tempo. Dire\u00e7\u00e3o de Mamoru Hosoda (Jap\u00e3o, 2006). Legendado em portugu\u00eas. Quando uma garota de 17 anos ganha a habilidade de viajar pelo tempo, tenta consertar seu futuro e o de seus amigos, mas logo descobre que brincar com o tempo pode ter consequ\u00eancias desagrad\u00e1veis. Classifica\u00e7\u00e3o: 14 anos<br \/>\nSegunda-feira (11), 16 horas<\/p>\n<p>Paprika. Dire\u00e7\u00e3o de Satoshi Kon (Jap\u00e3o, 2006). Legendado em portugu\u00eas. Num futuro pr\u00f3ximo, cientista inventa poderoso aparelho que torna poss\u00edvel o acesso aos sonhos das pessoas. Antes de seu uso ser sancionado pelo governo, a m\u00e1quina \u00e9 roubada e as barreiras entre a realidade e o imagin\u00e1rio se mesclam. Cabe \u00e0 garota dos sonhos descobrir quem est\u00e1 com o objeto. Classifica\u00e7\u00e3o: 12 anos<br \/>\nSegunda-feira (11), 19 horas<\/p>\n<p>Cinusp Paulo Em\u00edlio<br \/>\nRua do Anfiteatro, 181 &#8211; Colmeia &#8211; Favo 4 &#8211; Cidade Universit\u00e1ria &#8211; S\u00e3o Paulo<br \/>\nTelefone (11) 3091-3364<br \/>\nEntrada franca<\/p>\n<p>Literatura<\/p>\n<p>Prata da Casa<br \/>\nSarau mensal dos alunos e ex-alunos dos cursos da Casa das Rosas. Os poetas interpretam poemas pr\u00f3prios e de autores diversos. H\u00e1 tamb\u00e9m um momento musical, com artistas convidados. Curadoria de Maria Alice Vasconcelos. Participa\u00e7\u00e3o especial de Fernanda de Paula e Leo Nascimento.<\/p>\n<p>Casa das Rosas &#8211; Espa\u00e7o Haroldo de Campos de Poesia e Literatura<br \/>\nAv. Paulista, 37 &#8211; Bela Vista<br \/>\nTelefone (11) 3285-6986<br \/>\nS\u00e1bado (9), 19 horas<br \/>\nEntrada franca. Classifica\u00e7\u00e3o: livre<\/p>\n<p>Teatro Infantil<\/p>\n<p>Cada qual no seu barril<br \/>\nEspet\u00e1culo de teatro f\u00edsico infantojuvenil inspirado no livro de Ruth Rocha Dois idiotas sentados cada qual no seu barril. A linguagem corporal escolhida \u00e9 inspirada na fisicalidade dos grandes personagens de desenho animado, como Tom &amp; Jerry, Pernalonga, Patolino, Frajola e Popeye, utilizando t\u00e9cnicas de composi\u00e7\u00e3o derivada da m\u00edmica corporal dram\u00e1tica, antropologia teatral e dan\u00e7a.<\/p>\n<p>Teatro Estadual de Araras Maestro Francisco Paulo Russo<br \/>\nAv. Dona Renata, 401 &#8211; Jardim Santa Cruz &#8211; Araras<br \/>\nTelefone (19) 3541-5969<br \/>\nDomingo (10), 16 horas<br \/>\nIngressos: Infantil R$ 5 e R$ 2,50 (meia-entrada)<\/p>\n<p>M\u00fasica Erudita<\/p>\n<p>Banda Sinf\u00f4nica do Estado<br \/>\nNo projeto Pra ver a banda tocar, o solista Marcelo da Silva (trombone), acompanha o regente Marcos Sadao Shirakawa na abertura da pe\u00e7a Candide, de Leonard Bernstein; Raps\u00f3dia n\u00ba 1 para trombone, de Hudson Nogueira; Fifth su\u00edte, de Alfred Reed; Jubilance, de James Swearinger; Star wars trilogy, de John Williams.<\/p>\n<p>Sesi Paulista<br \/>\nAv. Paulista, 1.303 &#8211; Cerqueira C\u00e9sar &#8211; S\u00e3o Paulo<br \/>\nTelefone (11) 3146-7405<br \/>\nQuarta-feira (13), 12h05<br \/>\nEntrada Franca. Classifica\u00e7\u00e3o: livre<\/p>\n<p>Mirco Patarini<br \/>\nCom repert\u00f3rio predominantemente erudito, Mirco executa e faz adapta\u00e7\u00f5es para o acordeom de pe\u00e7as compostas para outros instrumentos por compositores como o alem\u00e3o Johannes Brahms, o italiano Niccol\u00f2 Paganini, o russo U?jana Semjonova, al\u00e9m de cl\u00e1ssicos do argentino Astor Piazzola.<\/p>\n<p>Museu da Casa Brasileira<br \/>\nAv. Brigadeiro Faria Lima, 2.705 &#8211; Jardim Paulistano &#8211; S\u00e3o Paulo<br \/>\nTelefone (11) 3032-3727<br \/>\nDomingo (10), 11 horas<br \/>\nEntrada franca. Classifica\u00e7\u00e3o: livre<\/p>\n<p>Exposi\u00e7\u00e3o<\/p>\n<p>Arte lus\u00f3fona contempor\u00e2nea<br \/>\nMostra produzida por artistas jovens, consagrados ou emergentes, da Comunidade dos Pa\u00edses de L\u00edngua Portuguesa. O baiano Ayrson Her\u00e1clito exibe na instala\u00e7\u00e3o de obras em imagens e v\u00eddeos o azeite de dend\u00ea como mat\u00e9ria-prima das origens \u00e9tnicas e culturais brasileiras.<\/p>\n<p>Memorial da Am\u00e9rica Latina &#8211; Galeria Marta Traba<br \/>\nAv. Auro Soares de Moura Andrade, 664 &#8211; Barra Funda &#8211; S\u00e3o Paulo<br \/>\nTelefone (11) 3823-4600<br \/>\nTer\u00e7as-feiras a domingos, das 9 \u00e0s 18 horas<br \/>\nEntrada franca. Classifica\u00e7\u00e3o: livre<br \/>\nAt\u00e9 domingo (10)<\/p>\n<p>Produtos imperfeitos, mobili\u00e1rio contempor\u00e2neo<br \/>\nObjetos do designer Christian Ullmann apresentam diferentes ideias ou conceitos relacionados \u00e0 sustentabilidade. Entre os produtos est\u00e3o mesas, lumin\u00e1rias e bancos.<\/p>\n<p>Museu da Casa Brasileira<br \/>\nAv. Brigadeiro Faria Lima, 2.705 &#8211; Jardim Paulistano &#8211; S\u00e3o Paulo<br \/>\nTelefone (11) 3032-3727<br \/>\nTer\u00e7as-feiras a domingos e feriados, das 10 \u00e0s 18 horas<br \/>\nIngressos: R$ 4 e R$ 2 (meia-entrada). Entrada franca aos domingos e feriados<br \/>\nClassifica\u00e7\u00e3o: livre<br \/>\nAt\u00e9 domingo (17)<\/p>\n<p>Paulo Werneck<br \/>\nO muralista carioca, introdutor da t\u00e9cnica do mosaico no Brasil, apresenta 110 projetos para fachadas ou interiores de edif\u00edcios, feitos com guache, desenhos de pastilhas de cer\u00e2mica e ainda 25 fotografias de murais finalizados. Colaborador dos arquitetos modernistas, a obra mais famosa de Werneck foi o painel abstrato que fez para a Igreja da Pampulha, em Belo Horizonte, projeto de Oscar Niemeyer. Curadoria de Carlos Martins ao lado de Cl\u00e1udia Saldanha.<br \/>\nAt\u00e9 domingo (17)<\/p>\n<p>Iole de Freitas<br \/>\nA arquiteta mineira exibe um sistema de linhas realizadas em tubos de a\u00e7o que sustentam placas retorcidas de policarbonato, instalados na entrada do museu. De acordo com as modifica\u00e7\u00f5es na luz que incide sobre a instala\u00e7\u00e3o, s\u00e3o criados novos ambientes e possibilidades. Curadoria de Ivo Mesquita.<br \/>\nAt\u00e9 o dia 31<\/p>\n<p>Pinacoteca do Estado<br \/>\nPra\u00e7a da Luz, 2 &#8211; Luz &#8211; S\u00e3o Paulo<br \/>\nTelefone (11) 3324-1000<br \/>\nTer\u00e7as-feiras a domingos e feriados, das 10 \u00e0s 18 horas<br \/>\nIngressos: R$ 6 e R$ 3 (meia-entrada)<br \/>\nS\u00e1bados, entrada franca. Classifica\u00e7\u00e3o: livre<\/p>\n<p>Mulheres Negras &#8211; A irmandade da Boa Morte de Cachoeira\/Arte sacra, joias e vestimentas<br \/>\nCom fotos de Pierre Verger e Adenor Gondim (1902-1996), a mostra conta com pinturas, esculturas, vestimentas e joias crioulas, os famosos balangand\u00e3s das mulheres do rec\u00f4ncavo baiano. S\u00e3o mais de 90 pe\u00e7as, al\u00e9m da imagem original do s\u00e9culo 19, da Nossa Senhora da Boa Morte, vinda diretamente de Cachoeira, da Bahia. Curadoria de Emanoel Ara\u00fajo.<br \/>\nAt\u00e9 28 de agosto<\/p>\n<p>Museu Afro-Brasil<br \/>\nAv. Pedro \u00c0lvares Cabral, s\/n\u00ba &#8211; Parque do Ibirapuera &#8211; port\u00e3o 10 &#8211; S\u00e3o Paulo<br \/>\nTelefone (11) 3320-8900<br \/>\nTer\u00e7as-feiras a domingos, das 10 \u00e0s 17 horas<br \/>\nEntrada gratuita. Classifica\u00e7\u00e3o: livre<\/p>\n<p>Paulo Bomfim: universo do poeta<br \/>\nExibi\u00e7\u00e3o de objetos, documentos e fotografias do acervo pessoal do artista, conhecido como pr\u00edncipe dos poetas brasileiros. A mostra inclui ainda 25 obras que integram a cole\u00e7\u00e3o de Arte Moderna do Acervo Art\u00edstico-Cultural dos Pal\u00e1cios do Governo de S\u00e3o Paulo. S\u00e3o trabalhos de artistas do modernismo brasileiro que conviveram com Bonfim, como Anita Malfatti, Di Cavalcanti, Victor Brecheret, C\u00e2ndido Portinari, Alfredo Volpi, Marcelo Grassman, Cl\u00f3vis Graciano, entre outros. Curadoria de Ana Cristina Carvalho.<\/p>\n<p>Pal\u00e1cio do Horto<br \/>\nRua do Horto, 931 &#8211; Horto Florestal &#8211; S\u00e3o Paulo<br \/>\nTelefone (11) 2193-8139<br \/>\nQuartas-feiras a domingos, das 9 \u00e0s 15 horas<br \/>\nEntrada franca. Classifica\u00e7\u00e3o: livre<br \/>\nAt\u00e9 14 de agosto<\/p>\n<p>Olhar com outro olhar<br \/>\nNa mostra, o visitante age como se n\u00e3o enxergasse assim como os deficientes visuais. Apenas com a utiliza\u00e7\u00e3o das m\u00e3os e ouvidos pode-se entender o conte\u00fado e o significado da imagem, com a ajuda dos recursos sensoriais &#8211; braile, relevo, alto-contraste, maquete t\u00e1til e audiodescri\u00e7\u00e3o. Uma das obras mostra o futebol de 5, esporte praticado pelas pessoas cegas, e em que o Brasil conquistou duas medalhas de ouro, a Paraol\u00edmpiada de Atenas (2004) e Pequim (2008). Curadoria de Leonel Kaz.<\/p>\n<p>Museu do Futebol<br \/>\nPra\u00e7a Charles Miller, s\/n\u00ba &#8211; Est\u00e1dio do Pacaembu &#8211; S\u00e3o Paulo<br \/>\nTelefone (11) 3664-3848<br \/>\nTer\u00e7as-feiras a domingos e feriados, das 9 \u00e0s 18 horas<br \/>\nIngressos: R$ 6 e R$ 3 (meia-entrada)<br \/>\nCrian\u00e7as menores de 10 anos e pessoas maiores de 60, entrada franca<br \/>\n\u00c0s quintas-feiras, gr\u00e1tis para todos os visitantes<br \/>\nClassifica\u00e7\u00e3o: livre<br \/>\nAt\u00e9 16 de outubro<\/p>\n<p>Bolsa do Caf\u00e9: patrim\u00f4nio nacional<br \/>\nA suntuosidade do edif\u00edcio, inaugurado em 1922, como parte das celebra\u00e7\u00f5es do Centen\u00e1rio da Independ\u00eancia do Brasil, suas c\u00fapulas, esculturas, vitrais, mosaicos de m\u00e1rmore, entre tantos outros detalhes traduzem o visual da riqueza e da prosperidade do ciclo cafeeiro do Pa\u00eds. Um dos principais destaques da mostra \u00e9 uma estrutura cil\u00edndrica em grande dimens\u00e3o na qual o visitante \u00e9 convidado a entrar para conhecer os quatro guardi\u00f5es da torre do pal\u00e1cio.<\/p>\n<p>Museu do Caf\u00e9<br \/>\nRua XV de Novembro, 95 &#8211; Centro Hist\u00f3rico &#8211; Santos<br \/>\nTer\u00e7as-feiras a s\u00e1bados, das 9h \u00e0s 17h, domingo, das 10h \u00e0s 17h<br \/>\nIngressos: R$ 5,00 e R$ 2,50 (meia-entrada)<br \/>\nClassifica\u00e7\u00e3o livre<br \/>\nAt\u00e9 o dia 22<\/p>\n<p>A\u00e7\u00e3o Cultural do Metr\u00f4<br \/>\nMostras exibidas at\u00e9 o final do m\u00eas<\/p>\n<p>O futuro da Amaz\u00f4nia<br \/>\nRegistro das belezas paisag\u00edsticas, da biodiversidade e das amea\u00e7as que pairam sobre a maior floresta do planeta. Curadoria de Matthew Shirts<br \/>\nEsta\u00e7\u00e3o Jardim S\u00e3o Paulo<\/p>\n<p>Silencioso contar<br \/>\nFotografias apresentam cen\u00e1rios rotineiros com a\u00e7\u00f5es atemporais e causas subjetivas. O objetivo \u00e9 mostrar as rela\u00e7\u00f5es de tempo, espa\u00e7o e intensidade que constru\u00edmos com nossos sentimentos. Curadoria de Mali Frota Villas-B\u00f4as<br \/>\nEsta\u00e7\u00e3o Luz<\/p>\n<p>Nem tudo acaba em pizza<br \/>\nObras criadas em caixas de pizza viradas do avesso despertam um olhar para a reciclagem por meio da arte. Produ\u00e7\u00e3o de Kak\u00e1 de Andara e Rose<br \/>\nEsta\u00e7\u00e3o S\u00e3o Bento<\/p>\n<p>Florestas de Segall<br \/>\nO tema das florestas ocupou os \u00faltimos anos de vida de Segall com pinturas, aquarelas e desenhos inspirados em suas recorda\u00e7\u00f5es da terra natal, Vilna-Litu\u00e2nia, e nos longos per\u00edodos que passou em Campos do Jord\u00e3o &#8211; SP Realiza\u00e7\u00e3o do Metr\u00f4 de S\u00e3o Paulo e Museu Lasar Segall<br \/>\nEsta\u00e7\u00e3o Santa Cruz<\/p>\n<p>O Brasil que faz<br \/>\nTelas exibem gente simples, pessoas que fora do circuito do poder, da fama, dos palcos e cen\u00e1rios fazem a vida dar seus saltos, trabalham para a evolu\u00e7\u00e3o do nosso povo. Curadoria de Mali Frota Villas-B\u00f4as<br \/>\nEsta\u00e7\u00e3o Sacom\u00e3<\/p>\n<p>Meio Ambiente e Sa\u00fade: O desafio das metr\u00f3poles<br \/>\nImagens refletem os problemas ambientais urbanos da metr\u00f3pole e como a cidade interfere na sa\u00fade de seus moradores<br \/>\nEsta\u00e7\u00e3o Ana Rosa<\/p>\n<p>Villas &#8211; Guaran I M&#8217;bya Tenon de Por\u00e3<br \/>\nMostra do cotidiano da maior aldeia ind\u00edgena da cidade de S\u00e3o Paulo. A Terra Ind\u00edgena Guarani Tenonde Por\u00e3 est\u00e1 inserida na APA Capivari-Monos, na regi\u00e3o sul da capital, e possui cerca de 900 habitantes. As legendas s\u00e3o da obra O Guarani, de Jos\u00e9 de Alencar.<br \/>\nEsta\u00e7\u00e3o Para\u00edso<\/p>\n<p>Carro de m\u00e3os<br \/>\nSobreposi\u00e7\u00e3o de desenhos feitos com carv\u00e3o sobre papel japon\u00eas ultrafino distribu\u00eddo em folhas penduradas, paralelas ao vidro, mas n\u00e3o alinhadas. Uma sequ\u00eancia de desenhos que simulam o deslocamento de um carro de m\u00e3o, como frames sobrepostos de um filme que mostra o movimento dos ve\u00edculos tracionados por catadores de lixo pelas ruas da cidade. Curadoria de Regina Silveira<br \/>\nEsta\u00e7\u00e3o Trianon-Masp<\/p>\n<p>Vida de c\u00e3o<br \/>\nInstala\u00e7\u00e3o que discute, por meio de uma narrativa em tr\u00eas cenas, o confinamento e a \u00e2nsia pela liberdade. Curadoria de Regina Silveira<br \/>\nEsta\u00e7\u00e3o Trianon-Masp<\/p>\n<p>Plataforma cidades sustent\u00e1veis<br \/>\nO s\u00e9culo 21 revelou a Era Urbana, quando a popula\u00e7\u00e3o mundial passou a se concentrar majoritariamente nas cidades. A mostra exibe imagens de experi\u00eancias bem-sucedidas em algumas partes do mundo<br \/>\nEsta\u00e7\u00e3o Cl\u00ednicas<\/p>\n<p>Diversidade das florestas brasileiras<br \/>\nO artista Nerival Rodrigues mostra em 10 obras uma vis\u00e3o panor\u00e2mica das florestas regionais brasileiras e suas diversas fontes naturais. As pinturas s\u00e3o a \u00f3leo em tela de algod\u00e3o<br \/>\nVila Madalena<\/p>\n<p>Olhares sobre a \u00e1gua e o clima<br \/>\nRetrato da \u00e1gua e clima em suas diversas manifesta\u00e7\u00f5es, sejam sociais, culturais, simb\u00f3licas, econ\u00f4micas, art\u00edsticas, religiosas. A proposta \u00e9 incentivar a sociedade a refletir sobre a necessidade da preserva\u00e7\u00e3o ambiental<br \/>\nEsta\u00e7\u00e3o S\u00e9<\/p>\n<p>Vila Zelina &#8211; bairro leste europeu de S\u00e3o Paulo<br \/>\nImagens do bairro de Vila Zelina, fundado em 27 de outubro de 1927 por 11 comunidades (b\u00falgaros, croatas, eslovenos, estonianos, h\u00fangaros, letonianos, lituanos, poloneses, russos, tchecos e ucranianos), imigrantes do leste europeu. O bairro preserva, ainda hoje, os aspectos da cultura, tradi\u00e7\u00f5es, costumes, dan\u00e7as e gastronomias de seus pa\u00edses de origens<br \/>\nEsta\u00e7\u00e3o S\u00e9<\/p>\n<p>Atl\u00e2ntica &#8211; dos \u00edndios a n\u00f3s<br \/>\nCom destaque para a flora, a exposi\u00e7\u00e3o apresenta detalhes da Mata Atl\u00e2ntica pertencente \u00e0 \u00e1rea de prote\u00e7\u00e3o ambiental Capivari-Monos, classificada como Floresta Ombr\u00f3fila Densa Montana. As imagens foram feitas em regi\u00f5es ainda pouco habitadas e ao longo da Represa Billings<br \/>\nEsta\u00e7\u00e3o Br\u00e1s<\/p>\n<p>Mestre-sala e porta-bandeira<br \/>\nO artista Silvio Galv\u00e3o criou esculturas que representam o casal de sambistas. Nas roupas, bordados e adere\u00e7os produzidos com materiais reciclados e reutilizados, como garrafas Pet, CD&#8217;s e lacres de alum\u00ednio<br \/>\nEsta\u00e7\u00e3o Tatuap\u00e9<\/p>\n<p>Florestas<br \/>\nArtistas do grupo Oka apresentam obras trabalhadas em diferentes suportes de papel e diversas t\u00e9cnicas, com recursos pl\u00e1sticos e visuais, para a explora\u00e7\u00e3o florestal sem o devido manejo dos recursos naturais. Curadoria de Oscar D&#8217;Ambrosio<br \/>\nEsta\u00e7\u00e3o Largo Treze<\/p>\n<p>Da Ag\u00eancia Imprensa Oficial<\/p>\n","protected":false},"excerpt":{"rendered":"<p>Os destaques v\u00e3o para Festival de Cinema Latino-Americano e as A\u00e7\u00f5es Culturais do Metr\u00f4.\u00a0Toda sexta-feira, o Portal do Governo do Estado de S\u00e3o Paulo e a Ag\u00eancia Di\u00e1rio Oficial preparam uma programa\u00e7\u00e3o cultural com v\u00e1rias op\u00e7\u00f5es para aproveitar o final de semana. O destaque fica por conta do Festival de Cinema Latino-Americano e as A\u00e7\u00f5es [&hellip;]<\/p>\n","protected":false},"author":3,"featured_media":27918,"comment_status":"open","ping_status":"closed","sticky":false,"template":"","format":"standard","meta":{"_genesis_hide_title":false,"_genesis_hide_breadcrumbs":false,"_genesis_hide_singular_image":false,"_genesis_hide_footer_widgets":false,"_genesis_custom_body_class":"","_genesis_custom_post_class":"","_genesis_layout":"","_jetpack_memberships_contains_paid_content":false,"footnotes":""},"categories":[22],"tags":[],"class_list":{"0":"post-35732","1":"post","2":"type-post","3":"status-publish","4":"format-standard","5":"has-post-thumbnail","7":"category-brasil","8":"entry","9":"gs-1","10":"gs-odd","11":"gs-even","12":"gs-featured-content-entry"},"jetpack_featured_media_url":"https:\/\/www.redenoticia.com.br\/noticia\/imagens\/virada-cultural-sp-2010.jpg","jetpack_sharing_enabled":true,"jetpack_likes_enabled":true,"_links":{"self":[{"href":"https:\/\/www.redenoticia.com.br\/noticia\/wp-json\/wp\/v2\/posts\/35732","targetHints":{"allow":["GET"]}}],"collection":[{"href":"https:\/\/www.redenoticia.com.br\/noticia\/wp-json\/wp\/v2\/posts"}],"about":[{"href":"https:\/\/www.redenoticia.com.br\/noticia\/wp-json\/wp\/v2\/types\/post"}],"author":[{"embeddable":true,"href":"https:\/\/www.redenoticia.com.br\/noticia\/wp-json\/wp\/v2\/users\/3"}],"replies":[{"embeddable":true,"href":"https:\/\/www.redenoticia.com.br\/noticia\/wp-json\/wp\/v2\/comments?post=35732"}],"version-history":[{"count":0,"href":"https:\/\/www.redenoticia.com.br\/noticia\/wp-json\/wp\/v2\/posts\/35732\/revisions"}],"wp:featuredmedia":[{"embeddable":true,"href":"https:\/\/www.redenoticia.com.br\/noticia\/wp-json\/wp\/v2\/media\/27918"}],"wp:attachment":[{"href":"https:\/\/www.redenoticia.com.br\/noticia\/wp-json\/wp\/v2\/media?parent=35732"}],"wp:term":[{"taxonomy":"category","embeddable":true,"href":"https:\/\/www.redenoticia.com.br\/noticia\/wp-json\/wp\/v2\/categories?post=35732"},{"taxonomy":"post_tag","embeddable":true,"href":"https:\/\/www.redenoticia.com.br\/noticia\/wp-json\/wp\/v2\/tags?post=35732"}],"curies":[{"name":"wp","href":"https:\/\/api.w.org\/{rel}","templated":true}]}}