{"id":3559,"date":"2009-06-23T19:34:45","date_gmt":"2009-06-23T23:34:45","guid":{"rendered":"http:\/\/www.redenoticia.com.br\/noticia\/?p=3559"},"modified":"2009-06-23T19:34:45","modified_gmt":"2009-06-23T23:34:45","slug":"metade-dos-usuarios-da-internet-da-america-latina-estao-no-brasil","status":"publish","type":"post","link":"https:\/\/www.redenoticia.com.br\/noticia\/2009\/metade-dos-usuarios-da-internet-da-america-latina-estao-no-brasil\/3559","title":{"rendered":"Metade dos usu\u00e1rios da internet da Am\u00e9rica Latina est\u00e3o no Brasil"},"content":{"rendered":"<p>De acordo com um estudo feito pela everis, consultoria multinacional de neg\u00f3cios e tecnologia da informa\u00e7\u00e3o, em parceria com a Escola de Neg\u00f3cios da Universidade de Navarra (IESE Business School), e tomando como base as estat\u00edsticas da Uni\u00e3o Internacional das Telecomunica\u00e7\u00f5es (ITU), um em cada dez dos 1,6 bilh\u00f5es de usu\u00e1rios de Internet no mundo est\u00e1 na Am\u00e9rica Latina. Metade deles, no Brasil.<\/p>\n<p>Dos 44 pa\u00edses avaliados entre 2000 e 2008, nove aumentaram seu n\u00famero de usu\u00e1rios a um ritmo superior a 40% por ano. Brasil, Col\u00f4mbia, Cuba e Paraguai s\u00e3o os latinos entre eles. No geral, Paquist\u00e3o e Marrocos apresentaram os crescimentos mais velozes, 57,5% e 56,2% por ano, respectivamente.<\/p>\n<p>Os pa\u00edses que concentram um n\u00famero maior de usu\u00e1rios de Internet em todo o mundo s\u00e3o China (285 milh\u00f5es), Estados Unidos (234,4 milh\u00f5es), Jap\u00e3o (89 milh\u00f5es) e \u00cdndia (86,2 milh\u00f5es). Somados \u00e0 Alemanha, o pa\u00eds europeu de maior n\u00famero de usu\u00e1rios (61,9 milh\u00f5es), correspondem a mais da metade do total mundial, quase 833 milh\u00f5es (51,4%). O Brasil \u00e9 o 5\u00ba pa\u00eds do mundo em n\u00famero total de pessoas que navegam na rede.<\/p>\n<p>Na rela\u00e7\u00e3o entre abrang\u00eancia de Internet e o PIB, pa\u00edses como o Brasil, Col\u00f4mbia e Peru apresentaram \u00edndices bem acima do esperado. O contr\u00e1rio acontece com Argentina, Chile, M\u00e9xico, Uruguai e, em especial, Venezuela que, para os seus PIBs, apresentaram baixos n\u00fameros de usu\u00e1rios.<\/p>\n<p>O estudo tamb\u00e9m revelou que, em 2008, 62% dos acessos a Internet no mundo foram feitos por banda larga. A Am\u00e9rica Latina apresenta a maior porcentagem, 79,2%. Entre os pa\u00edses avaliados, 19 t\u00eam mais de 90% das conex\u00f5es em banda larga. A Cor\u00e9ia tem 100%, Su\u00ed\u00e7a, Fran\u00e7a, Estados Unidos e Portugal t\u00eam 99% ou mais e Espanha tem 96,8%. O Chile \u00e9 o \u00fanico pa\u00eds latino-americano nessa categoria, com 97,5% de suas conex\u00f5es feitas por banda larga.<\/p>\n<p>A maior parte dos pa\u00edses da Am\u00e9rica Latina est\u00e1 na faixa entre 70% a 80% dos seus acessos feitos por banda larga. Em primeiro lugar, Col\u00f4mbia (88,8%), seguido de Venezuela (85,4%), Brasil (84,9%), Uruguai (80,1%), M\u00e9xico (80%) e Argentina (72,4%).<\/p>\n<p>No grupo analisado, al\u00e9m dos pa\u00edses da Am\u00e9rica Latina, foram inclu\u00eddos pa\u00edses desenvolvidos e em desenvolvimento para revelar a situa\u00e7\u00e3o relativa em que se encontra a Am\u00e9rica Latina em termos de acesso a Internet.<\/p>\n","protected":false},"excerpt":{"rendered":"<p>De acordo com um estudo feito pela everis, consultoria multinacional de neg\u00f3cios e tecnologia da informa\u00e7\u00e3o, em parceria com a Escola de Neg\u00f3cios da Universidade de Navarra (IESE Business School), e tomando como base as estat\u00edsticas da Uni\u00e3o Internacional das Telecomunica\u00e7\u00f5es (ITU), um em cada dez dos 1,6 bilh\u00f5es de usu\u00e1rios de Internet no mundo [&hellip;]<\/p>\n","protected":false},"author":2,"featured_media":0,"comment_status":"open","ping_status":"open","sticky":false,"template":"","format":"standard","meta":{"_genesis_hide_title":false,"_genesis_hide_breadcrumbs":false,"_genesis_hide_singular_image":false,"_genesis_hide_footer_widgets":false,"_genesis_custom_body_class":"","_genesis_custom_post_class":"","_genesis_layout":"","_jetpack_memberships_contains_paid_content":false,"footnotes":""},"categories":[22],"tags":[],"class_list":{"0":"post-3559","1":"post","2":"type-post","3":"status-publish","4":"format-standard","6":"category-brasil","7":"entry","8":"gs-1","9":"gs-odd","10":"gs-even","11":"gs-featured-content-entry"},"jetpack_featured_media_url":"","jetpack_sharing_enabled":true,"jetpack_likes_enabled":true,"_links":{"self":[{"href":"https:\/\/www.redenoticia.com.br\/noticia\/wp-json\/wp\/v2\/posts\/3559","targetHints":{"allow":["GET"]}}],"collection":[{"href":"https:\/\/www.redenoticia.com.br\/noticia\/wp-json\/wp\/v2\/posts"}],"about":[{"href":"https:\/\/www.redenoticia.com.br\/noticia\/wp-json\/wp\/v2\/types\/post"}],"author":[{"embeddable":true,"href":"https:\/\/www.redenoticia.com.br\/noticia\/wp-json\/wp\/v2\/users\/2"}],"replies":[{"embeddable":true,"href":"https:\/\/www.redenoticia.com.br\/noticia\/wp-json\/wp\/v2\/comments?post=3559"}],"version-history":[{"count":0,"href":"https:\/\/www.redenoticia.com.br\/noticia\/wp-json\/wp\/v2\/posts\/3559\/revisions"}],"wp:attachment":[{"href":"https:\/\/www.redenoticia.com.br\/noticia\/wp-json\/wp\/v2\/media?parent=3559"}],"wp:term":[{"taxonomy":"category","embeddable":true,"href":"https:\/\/www.redenoticia.com.br\/noticia\/wp-json\/wp\/v2\/categories?post=3559"},{"taxonomy":"post_tag","embeddable":true,"href":"https:\/\/www.redenoticia.com.br\/noticia\/wp-json\/wp\/v2\/tags?post=3559"}],"curies":[{"name":"wp","href":"https:\/\/api.w.org\/{rel}","templated":true}]}}