{"id":35426,"date":"2011-06-10T20:18:19","date_gmt":"2011-06-11T00:18:19","guid":{"rendered":"http:\/\/www.redenoticia.com.br\/noticia\/?p=35426"},"modified":"2011-06-10T20:18:19","modified_gmt":"2011-06-11T00:18:19","slug":"campanha-de-vacinacao-contra-a-paralisia-infantil-2011","status":"publish","type":"post","link":"https:\/\/www.redenoticia.com.br\/noticia\/2011\/campanha-de-vacinacao-contra-a-paralisia-infantil-2011\/35426","title":{"rendered":"Campanha de Vacina\u00e7\u00e3o contra a Paralisia Infantil 2011"},"content":{"rendered":"<p><img loading=\"lazy\" decoding=\"async\" class=\"alignleft size-full wp-image-35427\" title=\"vacina paralisia infantil ze gotinha\" src=\"https:\/\/www.redenoticia.com.br\/noticia\/imagens\/vacina-paralisia-infantil-ze-gotinha.jpg\" alt=\"\" width=\"300\" height=\"193\" srcset=\"https:\/\/www.redenoticia.com.br\/noticia\/imagens\/vacina-paralisia-infantil-ze-gotinha.jpg 300w, https:\/\/www.redenoticia.com.br\/noticia\/imagens\/vacina-paralisia-infantil-ze-gotinha-250x160.jpg 250w, https:\/\/www.redenoticia.com.br\/noticia\/imagens\/vacina-paralisia-infantil-ze-gotinha-150x96.jpg 150w\" sizes=\"auto, (max-width: 300px) 100vw, 300px\" \/>Vacina\u00e7\u00e3o contra a Paralisia  Infantil &#8211;\u00a0Vai ao ar a partir deste domingo, 12 de junho, a campanha publicit\u00e1ria de <em><strong>Vacina\u00e7\u00e3o<\/strong><\/em> Infantil, que contar\u00e1 com uma expressiva a\u00e7\u00e3o de divulga\u00e7\u00e3o nas m\u00eddias impressa, eletr\u00f4nica e digital. Produzidas pela ag\u00eancia de propaganda Agnelo Pacheco, as pe\u00e7as t\u00eam o objetivo de estimular a imuniza\u00e7\u00e3o de 15 milh\u00f5es de crian\u00e7as menores de cinco anos.<\/p>\n<p>O protagonista da campanha ser\u00e1 o famoso Z\u00e9 Gotinha, que, ap\u00f3s um per\u00edodo como coadjuvante das campanhas, voltou \u00e0 cena nos \u00faltimos anos como s\u00edmbolo da vacina\u00e7\u00e3o infantil.<\/p>\n<p>\u201cN\u00f3s resgatamos a for\u00e7a e o carisma do Z\u00e9 Gotinha. A diferen\u00e7a agora \u00e9 que ele se modernizou, deixando de ser um personagem formado apenas por tra\u00e7os. Ele ganhou volume, e passou a ter tr\u00eas dimens\u00f5es. \u00c9 um personagem superquerido\u201d, destaca o diretor da Agnelo Pacheco em Bras\u00edlia, Gui Pacheco.<\/p>\n<p>Os filmes s\u00e3o uma continua\u00e7\u00e3o da campanha do ano passado, quando um boneco do Z\u00e9 Gotinha ganhava vida para lembrar os pais de uma garotinha, sua dona, sobre a necessidade de vacinar as crian\u00e7as contra a paralisia infantil. Os novos filmes usam o mesmo argumento, e t\u00eam como inspira\u00e7\u00e3o o longa-metragem de anima\u00e7\u00e3o \u201cToy Story\u201d. Neles, Z\u00e9 Gotinha deixa a prateleira de brinquedos para conduzir sua fam\u00edlia at\u00e9 o posto de vacina\u00e7\u00e3o.<\/p>\n<p>\u201cNosso p\u00fablico-alvo \u00e9, na verdade, os pais das crian\u00e7as, que s\u00e3o os respons\u00e1veis por lev\u00e1-las ao posto de vacina\u00e7\u00e3o\u201d, pontua Gui Pacheco.<\/p>\n<p>A campanha contar\u00e1 ainda com pe\u00e7as para o r\u00e1dio, m\u00eddia exterior e Internet. De acordo com o publicit\u00e1rio, a meta estabelecida pelo Minist\u00e9rio da Sa\u00fade \u00e9 a manuten\u00e7\u00e3o do \u00edndice atual de imuniza\u00e7\u00e3o, de 95% de crian\u00e7as nesta faixa et\u00e1ria vacinadas contra a p\u00f3lio.<\/p>\n<p>Fique atento<\/p>\n<p>A primeira etapa da Campanha Nacional de Vacina\u00e7\u00e3o contra a Poliomielite acontecer\u00e1 no pr\u00f3ximo dia 18, um s\u00e1bado, e ser\u00e1 conduzida peloSistema \u00danico de Sa\u00fade (SUS). A segunda etapa ser\u00e1 no dia 13 de agosto, tamb\u00e9m um s\u00e1bado. Nesta data, os pais ou respons\u00e1veis devem levar as crian\u00e7as novamente aos postos de vacina\u00e7\u00e3o para que recebam mais duas gotinhas contra a p\u00f3lio. Os pais devem lembrar sempre delevar a carterinha de vacina\u00e7\u00e3o de seus filhos aos postos da Campanha para oregistro da imuniza\u00e7\u00e3o.<\/p>\n<p>A poliomielite \u00e9 uma doen\u00e7a infectocontagiosa grave. Na maioria das vezes, a crian\u00e7a n\u00e3o morre quando \u00e9 infectada, mas adquire s\u00e9rias les\u00f5es que afetam o sistema nervoso, provocando paralisia, principalmente nos membros inferiores. A doen\u00e7a \u00e9 causada e transmitida por um v\u00edrus (o poliov\u00edrus) e a infec\u00e7\u00e3o se d\u00e1 principalmente por via oral.<\/p>\n<p>Ficha t\u00e9cnica<\/p>\n<p>Ag\u00eancia: Agnelo Pacheco Comunica\u00e7\u00e3o<br \/>\nCliente: Minist\u00e9rio da Sa\u00fade<br \/>\nCria\u00e7\u00e3o: Renata Ramos e Marco Gaspar<br \/>\nDire\u00e7\u00e3o de Cria\u00e7\u00e3o: Gui Pacheco e Paulo Bertoni<br \/>\nRTVC: Wagner Almeida e Ozana Andrade<br \/>\nAtendimento: Nelson Vilalva, Sabrina Ravagnani e Paula Aguiar<br \/>\nM\u00eddia: Viviane Amaral<br \/>\nProdutora \/ Computa\u00e7\u00e3o: Studio Nitro<br \/>\nDiretor: Lucas Ribeiro e Ariel Costa<br \/>\nAtendimento Studio Nitro: Rodrigo Angello<br \/>\nTrilha: Audioxys<br \/>\nIlustra\u00e7\u00e3o: Studio Nitro<br \/>\nAprova\u00e7\u00e3o: S\u00e9rgio Faria, Maira Coelho, Isabel Aoki e Nath\u00e1lia Gardini<\/p>\n","protected":false},"excerpt":{"rendered":"<p>Vacina\u00e7\u00e3o contra a Paralisia Infantil &#8211;\u00a0Vai ao ar a partir deste domingo, 12 de junho, a campanha publicit\u00e1ria de Vacina\u00e7\u00e3o Infantil, que contar\u00e1 com uma expressiva a\u00e7\u00e3o de divulga\u00e7\u00e3o nas m\u00eddias impressa, eletr\u00f4nica e digital. Produzidas pela ag\u00eancia de propaganda Agnelo Pacheco, as pe\u00e7as t\u00eam o objetivo de estimular a imuniza\u00e7\u00e3o de 15 milh\u00f5es de [&hellip;]<\/p>\n","protected":false},"author":3,"featured_media":35427,"comment_status":"open","ping_status":"closed","sticky":false,"template":"","format":"standard","meta":{"_genesis_hide_title":false,"_genesis_hide_breadcrumbs":false,"_genesis_hide_singular_image":false,"_genesis_hide_footer_widgets":false,"_genesis_custom_body_class":"","_genesis_custom_post_class":"","_genesis_layout":"","_jetpack_memberships_contains_paid_content":false,"footnotes":""},"categories":[22,5],"tags":[],"class_list":{"0":"post-35426","1":"post","2":"type-post","3":"status-publish","4":"format-standard","5":"has-post-thumbnail","7":"category-brasil","8":"category-saude-e-vida","9":"entry","10":"gs-1","11":"gs-odd","12":"gs-even","13":"gs-featured-content-entry"},"jetpack_featured_media_url":"https:\/\/www.redenoticia.com.br\/noticia\/imagens\/vacina-paralisia-infantil-ze-gotinha.jpg","jetpack_sharing_enabled":true,"jetpack_likes_enabled":true,"_links":{"self":[{"href":"https:\/\/www.redenoticia.com.br\/noticia\/wp-json\/wp\/v2\/posts\/35426","targetHints":{"allow":["GET"]}}],"collection":[{"href":"https:\/\/www.redenoticia.com.br\/noticia\/wp-json\/wp\/v2\/posts"}],"about":[{"href":"https:\/\/www.redenoticia.com.br\/noticia\/wp-json\/wp\/v2\/types\/post"}],"author":[{"embeddable":true,"href":"https:\/\/www.redenoticia.com.br\/noticia\/wp-json\/wp\/v2\/users\/3"}],"replies":[{"embeddable":true,"href":"https:\/\/www.redenoticia.com.br\/noticia\/wp-json\/wp\/v2\/comments?post=35426"}],"version-history":[{"count":0,"href":"https:\/\/www.redenoticia.com.br\/noticia\/wp-json\/wp\/v2\/posts\/35426\/revisions"}],"wp:featuredmedia":[{"embeddable":true,"href":"https:\/\/www.redenoticia.com.br\/noticia\/wp-json\/wp\/v2\/media\/35427"}],"wp:attachment":[{"href":"https:\/\/www.redenoticia.com.br\/noticia\/wp-json\/wp\/v2\/media?parent=35426"}],"wp:term":[{"taxonomy":"category","embeddable":true,"href":"https:\/\/www.redenoticia.com.br\/noticia\/wp-json\/wp\/v2\/categories?post=35426"},{"taxonomy":"post_tag","embeddable":true,"href":"https:\/\/www.redenoticia.com.br\/noticia\/wp-json\/wp\/v2\/tags?post=35426"}],"curies":[{"name":"wp","href":"https:\/\/api.w.org\/{rel}","templated":true}]}}