{"id":35286,"date":"2011-05-31T11:37:26","date_gmt":"2011-05-31T15:37:26","guid":{"rendered":"http:\/\/www.redenoticia.com.br\/noticia\/?p=35286"},"modified":"2011-05-31T13:39:56","modified_gmt":"2011-05-31T17:39:56","slug":"perspectivas-da-inovacao-brasileira","status":"publish","type":"post","link":"https:\/\/www.redenoticia.com.br\/noticia\/2011\/perspectivas-da-inovacao-brasileira\/35286","title":{"rendered":"Perspectivas da inova\u00e7\u00e3o brasileira"},"content":{"rendered":"<p>Ser\u00e1 lan\u00e7ado na pr\u00f3xima quinta-feira (02\/06), \u00e0s 9h30, na C\u00e2mara dos Deputados em Bras\u00edlia (DF), o livro <em><strong>Inova\u00e7\u00f5es tecnol\u00f3gicas no Brasil<\/strong><\/em> \u2013 desempenho, pol\u00edticas e potencial.Editado pela Prospectiva Consultoria, em parceria com a Associa\u00e7\u00e3o da Ind\u00fastria Farmac\u00eautica de Pesquisa (Interfarma), o livro, publicado pela editora Cultura Acad\u00eamica, \u00e9 uma colet\u00e2nea de an\u00e1lises de gestores na \u00e1rea de ci\u00eancia e tecnologia sobre a problem\u00e1tica que envolve o desenvolvimento de pesquisa no Brasil, especialmente na \u00e1rea da sa\u00fade.<\/p>\n<p>Entre os autores dos artigos reunidos na publica\u00e7\u00e3o est\u00e3o o diretor cient\u00edfico da FAPESP, Carlos Henrique de Brito Cruz, e o professor da Universidade Estadual de Campinas (Unicamp) e membro da Coordena\u00e7\u00e3o Adjunta de Pesquisa para Inova\u00e7\u00e3o da FAPESP, S\u00e9rgio Robles Reis de Queiroz.<\/p>\n<p>Brito Cruz \u00e9 autor de um cap\u00edtulo sobre recursos humanos para a ci\u00eancia e tecnologia, em que chama a aten\u00e7\u00e3o para a baixa inser\u00e7\u00e3o de pesquisadores em empresas brasileiras. Por sua vez, Queiroz escreveu um artigo sobre atra\u00e7\u00e3o de investimentos para inova\u00e7\u00e3o, em que argumenta que a atratividade do pa\u00eds para pesquisa e desenvolvimento ainda \u00e9 baixa, mesmo com algumas melhorias realizadas nos \u00faltimos anos.<\/p>\n<p>Os organizadores da publica\u00e7\u00e3o s\u00e3o o professor de rela\u00e7\u00f5es internacionais da Pontif\u00edcia Universidade Cat\u00f3lica (PUC) de S\u00e3o Paulo e diretor da Prospectiva Consultoria, Ricardo Ubiraci Sennes, e o presidente executivo da Interfarma, Antonio Britto Filho.<\/p>\n<p>O livro ser\u00e1 lan\u00e7ado em uma cerim\u00f4nia que dever\u00e1 contar com a presen\u00e7a do ministro da Ci\u00eancia e Tecnologia, Aloizio Mercadante, e do presidente da Comiss\u00e3o de Ci\u00eancia e Tecnologia, Comunica\u00e7\u00e3o e Inform\u00e1tica da C\u00e2mara dos Deputados, Bruno Ara\u00fajo.<\/p>\n<p>Durante o evento, ser\u00e1 realizado o painel \u201cInova\u00e7\u00e3o no Brasil em perspectiva comparada\u201d, que ter\u00e1 como palestrantes Brito Cruz e o presidente da Financiadora de Estudos e Projetos (Finep), Glauco Arbix, que tamb\u00e9m \u00e9 um dos autores do livro.<\/p>\n<p>O lan\u00e7amento do livro ocorrer\u00e1 no Plen\u00e1rio 13, Anexo II, da C\u00e2mara dos Deputados, localizado na Pra\u00e7a dos Tr\u00eas Poderes, em Bras\u00edlia (DF).<\/p>\n<p>Mais informa\u00e7\u00f5es: (61) 3216-6453 ou (61) 3216-6458.<\/p>\n<p>Inova\u00e7\u00f5es tecnol\u00f3gicas no Brasil \u2013 desempenho, pol\u00edticas e potencial<br \/>\nOrganizadores: Ricardo Ubiraci Sennes e Antonio Britto Filho<br \/>\nLan\u00e7amento: 2011<br \/>\nMais informa\u00e7\u00f5es: <a href=\"http:\/\/www.culturaacademica.com.br\/contato.html\" target=\"_blank\">www.culturaacademica.com.br\/contato.html<\/a><\/p>\n<p>Por Elton Alisson<\/p>\n<p>Ag\u00eancia FAPESP<\/p>\n","protected":false},"excerpt":{"rendered":"<p>Ser\u00e1 lan\u00e7ado na pr\u00f3xima quinta-feira (02\/06), \u00e0s 9h30, na C\u00e2mara dos Deputados em Bras\u00edlia (DF), o livro Inova\u00e7\u00f5es tecnol\u00f3gicas no Brasil \u2013 desempenho, pol\u00edticas e potencial.Editado pela Prospectiva Consultoria, em parceria com a Associa\u00e7\u00e3o da Ind\u00fastria Farmac\u00eautica de Pesquisa (Interfarma), o livro, publicado pela editora Cultura Acad\u00eamica, \u00e9 uma colet\u00e2nea de an\u00e1lises de gestores na [&hellip;]<\/p>\n","protected":false},"author":3,"featured_media":0,"comment_status":"open","ping_status":"open","sticky":false,"template":"","format":"standard","meta":{"_genesis_hide_title":false,"_genesis_hide_breadcrumbs":false,"_genesis_hide_singular_image":false,"_genesis_hide_footer_widgets":false,"_genesis_custom_body_class":"","_genesis_custom_post_class":"","_genesis_layout":"","_jetpack_memberships_contains_paid_content":false,"footnotes":""},"categories":[22],"tags":[],"class_list":{"0":"post-35286","1":"post","2":"type-post","3":"status-publish","4":"format-standard","6":"category-brasil","7":"entry","8":"gs-1","9":"gs-odd","10":"gs-even","11":"gs-featured-content-entry"},"jetpack_featured_media_url":"","jetpack_sharing_enabled":true,"jetpack_likes_enabled":true,"_links":{"self":[{"href":"https:\/\/www.redenoticia.com.br\/noticia\/wp-json\/wp\/v2\/posts\/35286","targetHints":{"allow":["GET"]}}],"collection":[{"href":"https:\/\/www.redenoticia.com.br\/noticia\/wp-json\/wp\/v2\/posts"}],"about":[{"href":"https:\/\/www.redenoticia.com.br\/noticia\/wp-json\/wp\/v2\/types\/post"}],"author":[{"embeddable":true,"href":"https:\/\/www.redenoticia.com.br\/noticia\/wp-json\/wp\/v2\/users\/3"}],"replies":[{"embeddable":true,"href":"https:\/\/www.redenoticia.com.br\/noticia\/wp-json\/wp\/v2\/comments?post=35286"}],"version-history":[{"count":0,"href":"https:\/\/www.redenoticia.com.br\/noticia\/wp-json\/wp\/v2\/posts\/35286\/revisions"}],"wp:attachment":[{"href":"https:\/\/www.redenoticia.com.br\/noticia\/wp-json\/wp\/v2\/media?parent=35286"}],"wp:term":[{"taxonomy":"category","embeddable":true,"href":"https:\/\/www.redenoticia.com.br\/noticia\/wp-json\/wp\/v2\/categories?post=35286"},{"taxonomy":"post_tag","embeddable":true,"href":"https:\/\/www.redenoticia.com.br\/noticia\/wp-json\/wp\/v2\/tags?post=35286"}],"curies":[{"name":"wp","href":"https:\/\/api.w.org\/{rel}","templated":true}]}}