{"id":35283,"date":"2011-05-31T13:30:49","date_gmt":"2011-05-31T17:30:49","guid":{"rendered":"http:\/\/www.redenoticia.com.br\/noticia\/?p=35283"},"modified":"2011-05-31T13:30:49","modified_gmt":"2011-05-31T17:30:49","slug":"sp-convoca-professores-aprovados-em-concurso","status":"publish","type":"post","link":"https:\/\/www.redenoticia.com.br\/noticia\/2011\/sp-convoca-professores-aprovados-em-concurso\/35283","title":{"rendered":"SP convoca professores aprovados em concurso"},"content":{"rendered":"<p><img loading=\"lazy\" decoding=\"async\" class=\"alignleft size-full wp-image-34749\" title=\"professor\" src=\"https:\/\/www.redenoticia.com.br\/noticia\/imagens\/professor1.jpg\" alt=\"\" width=\"300\" height=\"193\" srcset=\"https:\/\/www.redenoticia.com.br\/noticia\/imagens\/professor1.jpg 300w, https:\/\/www.redenoticia.com.br\/noticia\/imagens\/professor1-250x160.jpg 250w, https:\/\/www.redenoticia.com.br\/noticia\/imagens\/professor1-150x96.jpg 150w\" sizes=\"auto, (max-width: 300px) 100vw, 300px\" \/>O Governo de S\u00e3o Paulo, por meio da Secretaria da Educa\u00e7\u00e3o, deu in\u00edcio ao processo de <em><strong>convoca\u00e7\u00e3o<\/strong><\/em> de mais 15 mil candidatos aprovados no <em><strong>concurso<\/strong><\/em> para <em><strong>professores <\/strong><\/em>do Ensino Fundamental Ciclo 2 e M\u00e9dio (PEB II) e da Educa\u00e7\u00e3o Especial, realizado em mar\u00e7o de 2010. O edital foi publicado neste s\u00e1bado, 28, no Di\u00e1rio Oficial do Estado.<\/p>\n<p>As convoca\u00e7\u00f5es para as sess\u00f5es de escolha de vagas ser\u00e3o semanais, tendo in\u00edcio com as disciplinas com o menor n\u00famero de candidatos remanescentes. Os dias, os hor\u00e1rios e os locais em que os professores devem comparecer est\u00e3o dispon\u00edveis na publica\u00e7\u00e3o.<\/p>\n<p>A escolha de vaga faz parte do processo seletivo, e somente os que assim procederem a ela continuar\u00e3o no certame, e j\u00e1 estar\u00e3o automaticamente convocados para a 3\u00aa etapa do concurso, o curso promovido pela Escola de Forma\u00e7\u00e3o de Professores. Os novos docentes dever\u00e3o ingressar no curso em julho, e os aprovados ser\u00e3o nomeados no final deste ano para ingresso na rede no in\u00edcio de 2012.<\/p>\n<p>O candidato convocado dever\u00e1 comparecer ao local indicado no edital, munido de documento de identidade (RG) e do Cadastro de Pessoas F\u00edsicas (CPF), ou se fazer representar por procurador, legalmente constitu\u00eddo, portando xeroc\u00f3pia dos documentos mencionados.<\/p>\n<p>Essa \u00e9 a primeira etapa da contra\u00e7\u00e3o de 25 mil novos professores para a rede estadual anunciada pelo governador Geraldo Alckmin em fevereiro deste ano. Os outros 10 mil profissionais dever\u00e3o ser convocados posteriormente. Ser\u00e1 publicado mais adiante um edital de convoca\u00e7\u00e3o complementar para dar continuidade \u00e0 convoca\u00e7\u00e3o para escolha de vagas.<\/p>\n<p>Da Secretaria da Educa\u00e7\u00e3o<\/p>\n","protected":false},"excerpt":{"rendered":"<p>O Governo de S\u00e3o Paulo, por meio da Secretaria da Educa\u00e7\u00e3o, deu in\u00edcio ao processo de convoca\u00e7\u00e3o de mais 15 mil candidatos aprovados no concurso para professores do Ensino Fundamental Ciclo 2 e M\u00e9dio (PEB II) e da Educa\u00e7\u00e3o Especial, realizado em mar\u00e7o de 2010. O edital foi publicado neste s\u00e1bado, 28, no Di\u00e1rio Oficial [&hellip;]<\/p>\n","protected":false},"author":3,"featured_media":34749,"comment_status":"open","ping_status":"open","sticky":false,"template":"","format":"standard","meta":{"_genesis_hide_title":false,"_genesis_hide_breadcrumbs":false,"_genesis_hide_singular_image":false,"_genesis_hide_footer_widgets":false,"_genesis_custom_body_class":"","_genesis_custom_post_class":"","_genesis_layout":"","_jetpack_memberships_contains_paid_content":false,"footnotes":""},"categories":[22],"tags":[],"class_list":{"0":"post-35283","1":"post","2":"type-post","3":"status-publish","4":"format-standard","5":"has-post-thumbnail","7":"category-brasil","8":"entry","9":"gs-1","10":"gs-odd","11":"gs-even","12":"gs-featured-content-entry"},"jetpack_featured_media_url":"https:\/\/www.redenoticia.com.br\/noticia\/imagens\/professor1.jpg","jetpack_sharing_enabled":true,"jetpack_likes_enabled":true,"_links":{"self":[{"href":"https:\/\/www.redenoticia.com.br\/noticia\/wp-json\/wp\/v2\/posts\/35283","targetHints":{"allow":["GET"]}}],"collection":[{"href":"https:\/\/www.redenoticia.com.br\/noticia\/wp-json\/wp\/v2\/posts"}],"about":[{"href":"https:\/\/www.redenoticia.com.br\/noticia\/wp-json\/wp\/v2\/types\/post"}],"author":[{"embeddable":true,"href":"https:\/\/www.redenoticia.com.br\/noticia\/wp-json\/wp\/v2\/users\/3"}],"replies":[{"embeddable":true,"href":"https:\/\/www.redenoticia.com.br\/noticia\/wp-json\/wp\/v2\/comments?post=35283"}],"version-history":[{"count":0,"href":"https:\/\/www.redenoticia.com.br\/noticia\/wp-json\/wp\/v2\/posts\/35283\/revisions"}],"wp:featuredmedia":[{"embeddable":true,"href":"https:\/\/www.redenoticia.com.br\/noticia\/wp-json\/wp\/v2\/media\/34749"}],"wp:attachment":[{"href":"https:\/\/www.redenoticia.com.br\/noticia\/wp-json\/wp\/v2\/media?parent=35283"}],"wp:term":[{"taxonomy":"category","embeddable":true,"href":"https:\/\/www.redenoticia.com.br\/noticia\/wp-json\/wp\/v2\/categories?post=35283"},{"taxonomy":"post_tag","embeddable":true,"href":"https:\/\/www.redenoticia.com.br\/noticia\/wp-json\/wp\/v2\/tags?post=35283"}],"curies":[{"name":"wp","href":"https:\/\/api.w.org\/{rel}","templated":true}]}}