{"id":35260,"date":"2011-05-27T15:47:57","date_gmt":"2011-05-27T19:47:57","guid":{"rendered":"http:\/\/www.redenoticia.com.br\/noticia\/?p=35260"},"modified":"2011-05-27T17:50:52","modified_gmt":"2011-05-27T21:50:52","slug":"caixa-cultura-sp-agenda-de-junho-e-julho-2011","status":"publish","type":"post","link":"https:\/\/www.redenoticia.com.br\/noticia\/2011\/caixa-cultura-sp-agenda-de-junho-e-julho-2011\/35260","title":{"rendered":"Caixa Cultura SP &#8211; Agenda de junho e julho 2011"},"content":{"rendered":"<p><img loading=\"lazy\" decoding=\"async\" class=\"alignleft size-full wp-image-34928\" title=\"caixa\" src=\"https:\/\/www.redenoticia.com.br\/noticia\/imagens\/caixa.jpg\" alt=\"\" width=\"300\" height=\"193\" srcset=\"https:\/\/www.redenoticia.com.br\/noticia\/imagens\/caixa.jpg 300w, https:\/\/www.redenoticia.com.br\/noticia\/imagens\/caixa-250x160.jpg 250w, https:\/\/www.redenoticia.com.br\/noticia\/imagens\/caixa-150x96.jpg 150w\" sizes=\"auto, (max-width: 300px) 100vw, 300px\" \/>Caixa Cultura &#8211; a\u00a0mostra \u201cDebret \u2013 viagem ao Sul do Brasil\u201d apresentar\u00e1 aquarelas realizadas  pelo artista franc\u00eas Jean-Baptiste Debret realizadas ao longo dos 15 anos que  viveu no Brasil, como membro da Miss\u00e3o Art\u00edstica Francesa, entre 1815 e 1931. O  conjunto de obras pertence ao acervo dos Museus Castro Maya, sobressaindo-se  como a maior cole\u00e7\u00e3o de Debret existente no Brasil. \u201cDebret \u2013 viagem ao Sul do  Brasil\u201d apresentar\u00e1 dois conjuntos de obras: as c\u00e9lebres aquarelas feitas pelo  artista na viagem ao Sul do Brasil, em 1827, na comitiva do imperador D. Pedro  I, que percorreu os estados de S\u00e3o Paulo, Paran\u00e1, Santa Catarina e Rio Grande do  Sul. O artista pintou belas marinhas da costa sul brasileira, paisagens da mata  nativa, \u00edndio, brancos e negros e seu cotidiano, destacando-se as festas e as  tradi\u00e7\u00f5es populares. O segundo conjunto s\u00e3o das aquarelas realizadas no Rio de  Janeiro, que retratam a vida urbana na Corte, desde a pompa do Imp\u00e9rio at\u00e9 o  dia-a-dia de escravos, seus h\u00e1bitos, vestimentas, os trabalhos por eles  executados, toda a cr\u00f4nica do cotidiano urbano da cidade e de seus habitantes  transparecem nas aquarelas de Debret. A exposi\u00e7\u00e3o \u201cDebret \u2013 viagem ao Sul do  Brasil\u201d contar\u00e1 com recursos \u00e1udio visuais, elementos cenogr\u00e1ficos ser\u00e3o  confeccionados levando o visitante ludicamente ao universo pintado pelo artista.  Tamb\u00e9m ser\u00e1 realizada uma cronologia ilustrada.<\/p>\n<p>Per\u00edodo: 03\/05 a 19\/06\/2011<br \/>\nLocal: CAIXA CULTURAL SP &#8211; Galeria Vitrine da  Paulista (Av. Paulista 2083)<br \/>\nDias da semana e hor\u00e1rios: ter\u00e7a a domingo das 9  \u00e0s 21 h<br \/>\nEntrada franca<br \/>\nClassifica\u00e7\u00e3o et\u00e1ria: livre<\/p>\n<p>Evento: O Universo Gr\u00e1fico de Glauco Rodrigues<\/p>\n<p>O Universo Gr\u00e1fico de Glauco Rodrigues \u00e9 uma retrospectiva abrangente da obra  gr\u00e1fica do pintor ga\u00facho. Um dos maiores pintores da arte brasileira  contempor\u00e2nea foi tamb\u00e9m mestre do desenho, gravador, ilustrador e cen\u00f3grafo. \u00c9  a primeira retrospectiva em sua homenagem, ap\u00f3s seu falecimento em 2004 aos 75  anos. Comemorando o anivers\u00e1rio de 50 anos de sua primeira exposi\u00e7\u00e3o individual  em 1951 no Rio de Janeiro. A exposi\u00e7\u00e3o contar\u00e1 com aproximadamente 100 obras  originais . S\u00e3o lin\u00f3leos, litografias, serigrafias, desenhos, colagem, capas e  ilustra\u00e7\u00f5es de discos, livros e revistas. Cobrindo um per\u00edodo de mais de 50 anos  de produ\u00e7\u00e3o art\u00edstica. As obras s\u00e3o origin\u00e1rias do acervo e arquivo pessoal do  pintor sob responsabilidade de sua esposa Sra. Norma Rodrigues, al\u00e9m de  colecionadores particulares.<\/p>\n<p>Per\u00edodo: 28\/06 a 21\/08\/2011<br \/>\nLocal: CAIXA CULTURAL SP &#8211; Galeria Vitrine da  Paulista (Av. Paulista 2083)<br \/>\nDias da semana e hor\u00e1rios: ter\u00e7a a domingo das 9  \u00e0s 21 h<br \/>\nEntrada franca<br \/>\nClassifica\u00e7\u00e3o et\u00e1ria: livre<\/p>\n<p>Evento: 20 anos de Nafoto<\/p>\n<p>Exposi\u00e7\u00e3o de aproximadamente 180 obras emolduradas, que reunir\u00e3o os  principais momentos dos v\u00e1rios eventos em conjunto com diversas institui\u00e7\u00f5es  culturais e consulares, al\u00e9m de projetos individuais realizados em parceria com  os pr\u00f3prios artistas. Tamb\u00e9m contar\u00e1 com vitrines que mostrar\u00e3o publica\u00e7\u00f5es e  parte da \u201cfolheteria\u201d produzidas ao longo de 20 anos do m\u00eas Internacional de  Fotografia. A sala de v\u00eddeo exibir\u00e1 fragmentos das entrevistas com os fot\u00f3grafos  e vinhetas especialmente produzidas para as edi\u00e7\u00f5es dos eventos e fotografias  que participaram das exposi\u00e7\u00f5es do NAFOTO.<\/p>\n<p>Per\u00edodo: 07\/05 a 03\/07\/2011<br \/>\nLocal: CAIXA CULTURAL SP &#8211; S\u00c9 (Pra\u00e7a da S\u00e9  111)<br \/>\nDias da semana e hor\u00e1rios: ter\u00e7a a domingo das 9 \u00e0s 21 h<br \/>\nEntrada  franca<br \/>\nClassifica\u00e7\u00e3o et\u00e1ria: livre<br \/>\nEvento: S\u00e3o Paulo S\u00e9culo XXI<\/p>\n<p>O projeto &#8220;S\u00e3o Paulo s\u00e9culo XXI&#8221; tem como objetivo apresentar uma s\u00e9rie de 70  imagens fotogr\u00e1ficas feitas pelo fotografo Fausto Chermont, desde 1999 na cidade  de S\u00e3o Paulo. A partir de visitas a importantes pontos da iconografia-cl\u00e1ssica  da cidade, o fotografo registrou a cidade em diferentes per\u00edodos, \u00e2ngulos e  utilizando diferentes t\u00e9cnicas e recursos tecnol\u00f3gicos desenvolvidos ao longo  dos \u00faltimos 10 anos.<\/p>\n<p>Per\u00edodo: 21\/05 a 17\/07\/2011<br \/>\nLocal: CAIXA CULTURAL SP &#8211; S\u00c9 (Pra\u00e7a da S\u00e9  111)<br \/>\nDias da semana e hor\u00e1rios: ter\u00e7a a domingo das 9 \u00e0s 21 h<br \/>\nEntrada  franca<br \/>\nClassifica\u00e7\u00e3o et\u00e1ria: livre<br \/>\nEventos: Condenados<\/p>\n<p>O projeto \u201cCondenados &#8211; No meu pa\u00eds, minha sexualidade \u00e9 um crime\u201d \u00e9 o  resultado de um longo trabalho de pesquisa do fot\u00f3grafo e jornalista franc\u00eas  Philippe Castetbon, que consiste na exposi\u00e7\u00e3o de uma sele\u00e7\u00e3o de 50 fotografias  de homens homossexuais coletadas em cerca de 80 pa\u00edses onde esta op\u00e7\u00e3o sexual \u00e9  condenada e considerada um crime. Cada fotografia \u00e9 acompanhada de um texto  contendo o testemunho de cada fotografado em conjunto com o artigo da lei que  pro\u00edbe a pr\u00e1tica homossexual em seu pa\u00eds. O resultado deste trabalho foi  publicado por Castetbon no livro \u201cLes Condamn\u00e9s\u201d (editora H&amp;O) em 2010 e a  exposi\u00e7\u00e3o, inaugurada no mesmo ano, j\u00e1 percorreu cidades como Paris,  Aubervilliers, Montpellier, Genebra, Viena, entre outras, chegando, agora, ao  Brasil. Sendo a discrimina\u00e7\u00e3o sexual um dos temas de direitos humanos mais  discutidos na atualidade, o projeto potencializa as discuss\u00f5es e a\u00e7\u00f5es sociais  de coopera\u00e7\u00e3o nacionais e internacionais atrav\u00e9s do papel social da arte em  defesa da cidadania e liberdade de express\u00e3o. Tr\u00eas mesas de debate completam a  proposta, a saber: \u201cOs Direitos Humanos e a homossexualidade no Brasil e no  mundo\u201d, com os convidados Paulo de Tarso Vannuchi (Ministro da Secretaria  Especial de Direitos Humanos) e Marlova Jovchelovitch Noleto (Coordenadora do  Setor de Ci\u00eancias Humanas e Sociais, Representa\u00e7\u00e3o da UNESCO no Brasil); \u201cO  papel social da arte\u201d, com os convidados Ney Matogrosso (m\u00fasico e performer) e  Luiz Mott (antrop\u00f3logo, historiador, pesquisador e ativista dos direitos civis  dos homossexuais); e \u201cSa\u00fade f\u00edsica e ps\u00edquica das minorias sexuais\u201d com os  convidados Cec\u00edlia Maria Bou\u00e7as Coimbra (presidente do grupo Tortura Nunca Mais)  e Dr\u00e1uzio Varella (m\u00e9dico e escritor). Atrav\u00e9s do website do evento o p\u00fablico  obter\u00e1 todas as informa\u00e7\u00f5es sobre o projeto, inclusive sobre a visita guiada com  o artista\/curador. Durante a exposi\u00e7\u00e3o, ser\u00e1 lan\u00e7ado o cat\u00e1logo com todas as  imagens e textos expostos.<\/p>\n<p>Per\u00edodo: 21\/05 a 17\/07\/2011<br \/>\nLocal: CAIXA CULTURAL SP &#8211; S\u00c9 (Pra\u00e7a da S\u00e9  111)<br \/>\nDias da semana e hor\u00e1rios: ter\u00e7a a domingo das 9 \u00e0s 21 h<br \/>\nEntrada  franca<br \/>\nClassifica\u00e7\u00e3o et\u00e1ria: livre<br \/>\nKislansky Cer\u00e2micas \u2013 A Cor do Corpo<\/p>\n<p>Per\u00edodo: 09\/07 a 04\/09\/2011<br \/>\nLocal: CAIXA CULTURAL SP &#8211; S\u00c9 (Pra\u00e7a da S\u00e9  111)<br \/>\nDias da semana e hor\u00e1rios: ter\u00e7a a domingo das 9 \u00e0s 21 h<br \/>\nEntrada  franca<br \/>\nClassifica\u00e7\u00e3o et\u00e1ria: livre<br \/>\nEste projeto prev\u00ea a realiza\u00e7\u00e3o de uma  exposi\u00e7\u00e3o itinerante do escultor Israel Kislansky. O curador pretende apresentar  o percurso de feitura da escultura em cer\u00e2mica desde a extra\u00e7\u00e3o da argila de  forma sustent\u00e1vel \u00e0s diversas possilbilidades de finaliza\u00e7\u00e3o: das queimas  artesanais \u00e0s de alta temperatura e esmalta\u00e7\u00f5es.Tendo como tema o corpo humano,  o escultor desenvolve suas pesquisas pl\u00e1sticas explorando as possibilidades de  argilas de todo o Brasil, com destaque para a argila do rec\u00f4ncavo baiano.<br \/>\nCartas do Bom Jesus: Imagens e Mem\u00f3rias da F\u00e9 Sertaneja<br \/>\nPer\u00edodo: 09\/07  a 04\/09\/2011<br \/>\nLocal: CAIXA CULTURAL SP &#8211; S\u00c9 (Pra\u00e7a da S\u00e9 111)<br \/>\nDias da  semana e hor\u00e1rios: ter\u00e7a a domingo das 9 \u00e0s 21 h<br \/>\nEntrada  franca<br \/>\nClassifica\u00e7\u00e3o et\u00e1ria: livre<br \/>\nCartas do Bom Jesus \u00e9 o resultado de  incurs\u00f5es de tr\u00eas fot\u00f3grafos pela romaria que segue para a festa do Bom Jesus da  Lapa na Bahia. Paulo Leite, Marcelo Vitorino e Renato Suzuki, cada qual com suas  preocupa\u00e7\u00f5es, estilo, interesses, retrataram o cotidiano de quem segue e  vivencia a festa na cidade de Bom Jesus da Lapa, as margens do S\u00e3o Francisco,  inclusive em seu trecho mais conhecido, entre Pirapora do Bom Jesus em Minas  Gerais e a cidade baiana, o qual era tradicionalmente feito nos vapores do Velho  Chico. A exposi\u00e7\u00e3o \u00e9 composta de 20 fotografias de cada um dos autores,  totalizando 60 imagens, tratadas digitalmente, ampliadas em formatos diversos  (sempre maiores que 50 cm cm X 70 cm).<\/p>\n<p>Capoeira: luta, dan\u00e7a e jogo da liberdade<br \/>\nPer\u00edodo: 23\/07 a  18\/09\/2011<br \/>\nLocal: CAIXA CULTURAL SP &#8211; S\u00c9 (Pra\u00e7a da S\u00e9 111)<br \/>\nDias da semana  e hor\u00e1rios: ter\u00e7a a domingo das 9 \u00e0s 21 h<br \/>\nEntrada franca<br \/>\nClassifica\u00e7\u00e3o  et\u00e1ria: livre<br \/>\n\u2022 Capoeira: luta, dan\u00e7a e jogo da liberdade \u00e9 uma exposi\u00e7\u00e3o  fotogr\u00e1fica, fruto de pesquisa para livro hom\u00f4nimo patrocinado pela Caixa, cujo  conte\u00fado \u00e9 a hist\u00f3ria da capoeira, desde o seu surgimento no Brasil Colonial at\u00e9  os dias de hoje. A exposi\u00e7\u00e3o revela uma das mais ricas e pesquisadas  manifesta\u00e7\u00f5es culturais mostrando seu valor hist\u00f3rico, social e cultural. Ela  tamb\u00e9m mostra como a capoeira viaja atrav\u00e9s do universo da dan\u00e7a, da luta, do  esporte e de h\u00e1bitos bem peculiares da cultura afro-descendente brasileira,  tornando-se hoje uma arte reconhecida e praticada em todos os extratos sociais,  no territ\u00f3rio nacional e, tamb\u00e9m, em v\u00e1rios pa\u00edses do mundo.<br \/>\n\u2022 Apresenta\u00e7\u00e3o:  O objetivo deste projeto \u00e9 resgatar a hist\u00f3ria e as origens da capoeira, mostrar  como ela \u00e9 praticada nos dias de hoje, sua capacidade de mobiliza\u00e7\u00e3o e promo\u00e7\u00e3o  da valoriza\u00e7\u00e3o da cultura nacional, buscando ressaltar aspectos como sua fun\u00e7\u00e3o  de agrega\u00e7\u00e3o social, mostrando, inclusive, trabalhos desenvolvidos por diversas  organiza\u00e7\u00f5es, com crian\u00e7as e jovens de baixa renda. A exposi\u00e7\u00e3o ser\u00e1 composta de  20 fotografias e ilustra\u00e7\u00f5es (de autoria de Debret, Pierre Verger entre outros  presentes no livro) contando a hist\u00f3ria da capoeira, al\u00e9m de 40 fotos coloridas,  que comp\u00f5em o ensaio fotogr\u00e1fico de Andr\u00e9 Cypriano<br \/>\nEvento: Fazer arte \u2013 A  ordem oculta de Bernardo Cid Bernardo Cid<\/p>\n<p>Per\u00edodo: 23\/07 a 18\/09\/2011<br \/>\nLocal: CAIXA CULTURAL SP &#8211; S\u00c9 (Pra\u00e7a da S\u00e9  111)<br \/>\nDias da semana e hor\u00e1rios: ter\u00e7a a domingo das 9 \u00e0s 21 h<br \/>\nEntrada  franca<br \/>\nClassifica\u00e7\u00e3o et\u00e1ria: livre<br \/>\nExposi\u00e7\u00e3o Retrospectiva P\u00f3stuma, que 2  d\u00e9cadas ap\u00f3s a morte de BERNARDO CID vem trazer a oportunidade de reunir pe\u00e7as  at\u00e9 ent\u00e3o espalhadas em importantes acervos de institui\u00e7\u00f5es p\u00fablicas \u2013  Pinacoteca, MAM SP, MAC USP e de cole\u00e7\u00f5es particulares \u2013 Nemirovsky , Mindlin  etc., que junto a obras pertencentes ao acervo da vi\u00fava do artista formam um  excepcional conjunto capaz de mostrar a grandiosidade do trabalho do artista,  que mesmo fora do circuito comercial, representa grande expoente das artes  pl\u00e1sticas brasileiras. S\u00e3o mais de 40 anos de vida art\u00edstica reverenciada apenas  entre artistas e cr\u00edticos e que vamos apresentar ao grande p\u00fablico da CAIXA  Cultural.<br \/>\nCINEMA\/TEATRO<\/p>\n<p>Evento: Cinema Sui\u00e7o<\/p>\n<p>Per\u00edodo: 31\/05 a 12\/06\/2011<br \/>\nLocal: CAIXA CULTURAL SP &#8211; S\u00c9 (Pra\u00e7a da S\u00e9  111)<br \/>\nDias da semana e hor\u00e1rios: ter\u00e7a a domingo a definir<br \/>\nEntrada  franca<br \/>\nClassifica\u00e7\u00e3o et\u00e1ria: verifique a classifica\u00e7\u00e3o indicativa do  evento<br \/>\nVerificar programa\u00e7\u00e3o no site www.ocinemasuico.com.br<br \/>\nEvento: Artes\u00e3o da Alegria<br \/>\nPer\u00edodo: 02 a 05\/06\/2011<br \/>\nLocal: CAIXA CULTURAL SP &#8211; S\u00c9 (Pra\u00e7a da S\u00e9  111)<br \/>\nDias da semana e hor\u00e1rios: Quinta a domingo \u00e0s<br \/>\nEntrada  franca<br \/>\nClassifica\u00e7\u00e3o et\u00e1ria: verifique a classifica\u00e7\u00e3o indicativa do  evento<br \/>\nEvento: Beatriz Bonecos<br \/>\nPer\u00edodo: 17 a 19\/06\/2011<br \/>\nLocal: CAIXA CULTURAL SP &#8211; S\u00c9 (Pra\u00e7a da S\u00e9  111)<br \/>\nDias da semana e hor\u00e1rios: sexta a domingo<br \/>\nEntrada  franca<br \/>\nClassifica\u00e7\u00e3o et\u00e1ria: verifique a classifica\u00e7\u00e3o indicativa do  evento<br \/>\nEvento: Curso de Hist\u00f3ria da Arte III<br \/>\nPer\u00edodo: 21\/06 a 08\/07\/2011<br \/>\nLocal: CAIXA CULTURAL SP &#8211; S\u00c9 (Pra\u00e7a da S\u00e9  111)<br \/>\nDias da semana e hor\u00e1rios: a confirmar<br \/>\nEntrada  franca<br \/>\nClassifica\u00e7\u00e3o et\u00e1ria: verifique a classifica\u00e7\u00e3o indicativa do  evento<br \/>\nEvento: Ciclo Mandacar\u00fa de Oficinas de Ilustra\u00e7\u00e3o<br \/>\nPer\u00edodo: 05 a 10\/07\/2011<br \/>\nLocal: CAIXA CULTURAL SP &#8211; S\u00c9 (Pra\u00e7a da S\u00e9  111)<br \/>\nDias da semana e hor\u00e1rios: Ter\u00e7a a domingo<br \/>\nEntrada  franca<br \/>\nClassifica\u00e7\u00e3o et\u00e1ria: verifique a classifica\u00e7\u00e3o indicativa do  evento<\/p>\n<p>A proposta \u00e9 realizar um CICLO MANDACARU DE OFICINAS DE ILUSTRA\u00c7\u00c3O, que ter\u00e1  uma semana de oficinas de ilustra\u00e7\u00e3o. As atividades propostas t\u00eam em comum o  exerc\u00edcio de liberdade da criatividade, e s\u00e3o direcionadas a ilustradores  profissionais e amadores, al\u00e9m do p\u00fablico interessado em geral. A proposta \u00e9  dividir o conhecimento de grandes nomes da ilustra\u00e7\u00e3o nacional com quem est\u00e1  come\u00e7ando, e fomentar nos jovens talentos o prazer de trabalhar com ilustra\u00e7\u00e3o.  A iniciativa quer repetir o sucesso da programa\u00e7\u00e3o paralela da exposi\u00e7\u00e3o  ILUSTRANDO EM REVISTA, organizada pela produtora Bebel Abreu (curadora do  projeto e s\u00f3cia da Mandacaru Design, empresa proponente) para a Editora Abril. A  mostra aconteceu em 8 cidades do Brasil, inclusive na Caixa Cultural Bras\u00edlia. A  proposta \u00e9 realizar 6 oficinas para 20 pessoas cada , com p\u00fablico atendido de  at\u00e9 120 pessoas. Os ilustradores convidados para participar s\u00e3o: Orlando  Pedroso, Carlo Giovani, Rog\u00e9rio Nunes, Marcelo Gomes, Renato Alarc\u00e3o, Cau Gomez  e Alessandra Kalko, al\u00e9m dos s\u00f3cios do Est\u00fadio Ilustrativa, parceiro neste  projeto: Eduardo Belga, Andr\u00e9 Valente, Marceleza e Santiago Mour\u00e3o. Al\u00e9m das  oficinas, teremos demonstra\u00e7\u00f5es do mestre Benicio trabalhando.<\/p>\n<p>Evento: Filhotes da Amaz\u00f4nia<\/p>\n<p>Per\u00edodo: 08 a 17\/07\/2011 &#8211; 06 apresenta\u00e7\u00f5es<br \/>\nLocal: CAIXA CULTURAL SP &#8211; S\u00c9  (Pra\u00e7a da S\u00e9 111)<br \/>\nDias da semana e hor\u00e1rios: Ter\u00e7a a domingo<br \/>\nEntrada  franca<br \/>\nClassifica\u00e7\u00e3o et\u00e1ria: verifique a classifica\u00e7\u00e3o indicativa do  evento<\/p>\n<p>Ao longo de 25 anos de experi\u00eancia a Pia Fraus desenvolveu uma  linguagem na qual t\u00e9cnicas como o teatro f\u00edsico (amparado na cria\u00e7\u00e3o de imagens  atrav\u00e9s do corpo dos atores), manipula\u00e7\u00e3o de bonecos, dan\u00e7a, circo, m\u00e1scaras e  artes pl\u00e1sticas s\u00e3o integradas para a cria\u00e7\u00e3o de seus espet\u00e1culos. Depois dessa  primeira etapa, a companhia busca novos desafios. Como reinventar-se dentro da  mesma linguagem \u2013 essa \u00e9 a pergunta que passamos a nos fazer. Iniciamos essa  nova fase com tr\u00eas espet\u00e1culos no ano de 2009: Primeiras Rosas, Filhotes da  Amaz\u00f4nia e Bichos do Mundo. FILHOTES DA AMAZ\u00d4NIA fala do universo dos bichos e  seus filhotes, da rela\u00e7\u00e3o deles com o meio ambiente e a rela\u00e7\u00e3o de cadeia  alimentar, que envolve a sobreviv\u00eancia dentro da floresta Amaz\u00f4nica. O  diferencial do espet\u00e1culo \u00e9 a constru\u00e7\u00e3o dos bonecos e do cen\u00e1rio, e a  comunica\u00e7\u00e3o simples e imediata com as crian\u00e7as. A maneira l\u00fadica como as  situa\u00e7\u00f5es s\u00e3o apresentadas, faz com que elas compreendam e aceitem como natural  as leis de sobreviv\u00eancia e conviv\u00eancia de uma vida selvagem. O espet\u00e1culo  resgata no imagin\u00e1rio infantil caracter\u00edsticas da fauna e da flora brasileiras,  que tantas vezes \u00e9 humanizado em desenhos ou representa\u00e7\u00f5es televisivas. O  espet\u00e1culo ganhou o pr\u00eamio APCA de melhor cen\u00e1rio infantil e Coca-Cola FEMSA  pela criatividade na cria\u00e7\u00e3o dos bonecos. Pretendemos oferecer um workshop para  difundir a linguagem trabalhada pelo grupo h\u00e1 26 anos.<br \/>\nSite:  www.cooperativadeteatro.com.br<\/p>\n<p>Evento: Foto.Doc<\/p>\n<p>Per\u00edodo: 16\/07 a 7\/08\/2011<br \/>\nLocal: CAIXA CULTURAL SP &#8211; S\u00c9 (Pra\u00e7a da S\u00e9  111)<br \/>\nDias da semana e hor\u00e1rios: a confirmar<br \/>\nEntrada  franca<br \/>\nClassifica\u00e7\u00e3o et\u00e1ria: verifique a classifica\u00e7\u00e3o indicativa do  evento<br \/>\nCinema: Foto.doc \u2013 Segunda temporada &#8211; per\u00edodo: 16.07 a  07.08<br \/>\nFoto.doc &#8211; Segunda Edi\u00e7\u00e3o \u00e9 composto por 4 encontros semanais. Em cada  encontro ser\u00e1 projetado 1 document\u00e1rio (Gal Oppido, Pedro Martinelli, S\u00e9rgio  Jorge e Maurren Bisilliat) de aproximadamente 30 minutos cada. Nesses encontros  al\u00e9m da proje\u00e7\u00e3o dos document\u00e1rios contaremos com a presen\u00e7a do fotografo  documentado, dos realizadores e de convidados. Ser\u00e3o discutidos assuntos  relacionados a produ\u00e7\u00e3o fotogr\u00e1fica de cada documentado e rela\u00e7\u00f5es que as suas  obras tem com o meio onde elas s\u00e3o realizadas. Os encontros s\u00e3o gratuitos e o  p\u00fablico interage com perguntas e questionamentos que ser\u00e3o mediados pelos  diretores dos document\u00e1rios.<br \/>\nSite: www.famigliafilmes.com.br<br \/>\nM\u00fasica:: V\u00e2nia Bastos e Oswaldinho do Acordeon \u201cNa Boca do  Lobo\u201d<br \/>\nPer\u00edodo: 22 a 24\/07\/2011<br \/>\nLocal: CAIXA CULTURAL SP &#8211; S\u00c9 (Pra\u00e7a da S\u00e9  111)<br \/>\nDias da semana e hor\u00e1rios: Sexta a domingo<br \/>\nEntrada  franca<br \/>\nClassifica\u00e7\u00e3o et\u00e1ria: verifique a classifica\u00e7\u00e3o indicativa do  evento<br \/>\nVania Bastos\u2013 per\u00edodo: 22, 23 e 24.07<br \/>\nShow musical do lan\u00e7amento do  CD &#8220;Na Boca do Lobo&#8221;, obra que \u00e9 totalmente dedicada \u00e0 m\u00fasica de Edu Lobo, um  dos maiores compositores brasileiros. Teremos nas apresenta\u00e7\u00f5es V\u00e2nia Bastos e a  participa\u00e7\u00e3o especial de Oswaldinho do Acordeon.<\/p>\n<p>M\u00fasica: Ponto de Baile \u2013 Circula\u00e7\u00e3o de Shows e Workshows<br \/>\nPer\u00edodo: 29 a  31\/07\/2011<br \/>\nLocal: CAIXA CULTURAL SP &#8211; S\u00c9 (Pra\u00e7a da S\u00e9 111)<br \/>\nDias da semana  e hor\u00e1rios: Sexta a domingo<br \/>\nEntrada franca<br \/>\nClassifica\u00e7\u00e3o et\u00e1ria:  verifique a classifica\u00e7\u00e3o indicativa do evento<br \/>\nPonto de Baile\u2013 per\u00edodo: 29,  30 e 31.07<br \/>\n\u2022 O projeto consiste em promover a circula\u00e7\u00e3o de shows do primeiro  DVD da Plap, que marca os 15 anos de carreira do grupo. Alinhado com o car\u00e1ter  interativo da banda, o projeto ser\u00e1 formatado com uma mistura de espet\u00e1culo e  workshows (Pocket show, demonstrando a constru\u00e7\u00e3o dos arranjos), transformando,  assim, a turn\u00ea numa grande experi\u00eancia cultural e educacional, em cinco capitais  do Brasil.<br \/>\n\u2022 Apresenta\u00e7\u00e3o: Foi em 1996 que a banda Pedro Lu\u00eds e A Parede, a  PLAP, apresentou-se pela primeira vez ao p\u00fablico, no palco do Espa\u00e7o Cultural  S\u00e9rgio Porto, no Rio de Janeiro. De l\u00e1 para c\u00e1, o grupo carioca \u2013 formado por  Pedro Lu\u00eds, M\u00e1rio Moura, C.A. Ferrari, Sidon Silva e Celso Alvim \u2013 consolidou  uma carreira que j\u00e1 inclui 5 Cds, dezenas de composi\u00e7\u00f5es pr\u00f3prias, e shows em  palcos nacionais e internacionais. Em comemora\u00e7\u00e3o aos 15 anos deste prof\u00edcuo  encontro dos cinco m\u00fasicos, ser\u00e1 filmado \u201cPonto de Baile\u201d, o primeiro DVD da  banda, que dar\u00e1 origem aos shows e workshows.<\/p>\n<p>&nbsp;<\/p>\n","protected":false},"excerpt":{"rendered":"<p>Caixa Cultura &#8211; a\u00a0mostra \u201cDebret \u2013 viagem ao Sul do Brasil\u201d apresentar\u00e1 aquarelas realizadas pelo artista franc\u00eas Jean-Baptiste Debret realizadas ao longo dos 15 anos que viveu no Brasil, como membro da Miss\u00e3o Art\u00edstica Francesa, entre 1815 e 1931. O conjunto de obras pertence ao acervo dos Museus Castro Maya, sobressaindo-se como a maior cole\u00e7\u00e3o [&hellip;]<\/p>\n","protected":false},"author":3,"featured_media":34928,"comment_status":"open","ping_status":"open","sticky":false,"template":"","format":"standard","meta":{"_genesis_hide_title":false,"_genesis_hide_breadcrumbs":false,"_genesis_hide_singular_image":false,"_genesis_hide_footer_widgets":false,"_genesis_custom_body_class":"","_genesis_custom_post_class":"","_genesis_layout":"","_jetpack_memberships_contains_paid_content":false,"footnotes":""},"categories":[22],"tags":[],"class_list":{"0":"post-35260","1":"post","2":"type-post","3":"status-publish","4":"format-standard","5":"has-post-thumbnail","7":"category-brasil","8":"entry","9":"gs-1","10":"gs-odd","11":"gs-even","12":"gs-featured-content-entry"},"jetpack_featured_media_url":"https:\/\/www.redenoticia.com.br\/noticia\/imagens\/caixa.jpg","jetpack_sharing_enabled":true,"jetpack_likes_enabled":true,"_links":{"self":[{"href":"https:\/\/www.redenoticia.com.br\/noticia\/wp-json\/wp\/v2\/posts\/35260","targetHints":{"allow":["GET"]}}],"collection":[{"href":"https:\/\/www.redenoticia.com.br\/noticia\/wp-json\/wp\/v2\/posts"}],"about":[{"href":"https:\/\/www.redenoticia.com.br\/noticia\/wp-json\/wp\/v2\/types\/post"}],"author":[{"embeddable":true,"href":"https:\/\/www.redenoticia.com.br\/noticia\/wp-json\/wp\/v2\/users\/3"}],"replies":[{"embeddable":true,"href":"https:\/\/www.redenoticia.com.br\/noticia\/wp-json\/wp\/v2\/comments?post=35260"}],"version-history":[{"count":0,"href":"https:\/\/www.redenoticia.com.br\/noticia\/wp-json\/wp\/v2\/posts\/35260\/revisions"}],"wp:featuredmedia":[{"embeddable":true,"href":"https:\/\/www.redenoticia.com.br\/noticia\/wp-json\/wp\/v2\/media\/34928"}],"wp:attachment":[{"href":"https:\/\/www.redenoticia.com.br\/noticia\/wp-json\/wp\/v2\/media?parent=35260"}],"wp:term":[{"taxonomy":"category","embeddable":true,"href":"https:\/\/www.redenoticia.com.br\/noticia\/wp-json\/wp\/v2\/categories?post=35260"},{"taxonomy":"post_tag","embeddable":true,"href":"https:\/\/www.redenoticia.com.br\/noticia\/wp-json\/wp\/v2\/tags?post=35260"}],"curies":[{"name":"wp","href":"https:\/\/api.w.org\/{rel}","templated":true}]}}