{"id":3517,"date":"2009-06-22T22:42:18","date_gmt":"2009-06-23T02:42:18","guid":{"rendered":"http:\/\/www.redenoticia.com.br\/noticia\/?p=3517"},"modified":"2009-06-22T22:42:18","modified_gmt":"2009-06-23T02:42:18","slug":"inscricao-aberta-para-concurso-em-12-institutos-federais","status":"publish","type":"post","link":"https:\/\/www.redenoticia.com.br\/noticia\/2009\/inscricao-aberta-para-concurso-em-12-institutos-federais\/3517","title":{"rendered":"Inscri\u00e7\u00e3o aberta para concurso em 12 institutos federais"},"content":{"rendered":"<div style=\"border-style: none none solid; border-color: -moz-use-text-color -moz-use-text-color #cfcfcf; border-width: medium medium 1pt; padding: 0cm 0cm 31pt;\">\n<p style=\"border: medium none ; margin: 0cm 0cm 7.5pt; padding: 0cm;\"><span style=\"font-size: 11pt; font-family: Arial; color: windowtext;\">Est\u00e3o abertos em 12 institutos federais de educa\u00e7\u00e3o, ci\u00eancia e tecnologia, concursos para sele\u00e7\u00e3o de professores e de t\u00e9cnicos administrativos.<br \/>\n<\/span><\/p>\n<p style=\"border: medium none ; margin: 0cm 0cm 7.5pt; padding: 0cm;\"><span style=\"font-size: 11pt; font-family: Arial; color: windowtext;\">Os aprovados ser\u00e3o lotados nos estados de Tocantins, Santa Catarina, Goi\u00e1s, Bahia, Para\u00edba, Piau\u00ed, Esp\u00edrito Santo e Minas Gerais. Os vencimentos b\u00e1sicos iniciais v\u00e3o de R$ 1,5 mil a 6,2 mil. S\u00e3o mais de 400 vagas em todo o pa\u00eds. <\/span><\/p>\n<p style=\"border: medium none ; margin: 0cm 0cm 7.5pt; padding: 0cm;\"><span style=\"font-size: 11pt; font-family: Arial; color: windowtext;\">Os editais est\u00e3o dispon\u00edveis na <a href=\"http:\/\/portal.mec.gov.br\/index.php?option=com_content&amp;view=article&amp;id=66:concursos-rede-federal&amp;catid=112:concursos&amp;Itemid=184\"><span style=\"color: windowtext;\">p\u00e1gina<\/span><\/a> eletr\u00f4nica do Minist\u00e9rio da Educa\u00e7\u00e3o. As 214 unidades compreendidas no plano de expans\u00e3o da Rede Federal de Educa\u00e7\u00e3o Profissional, Cient\u00edfica e Tecnol\u00f3gica v\u00e3o exigir, no total, 15 mil professores e 12 mil t\u00e9cnicos. <\/span><\/p>\n<p style=\"border: medium none ; margin: 0cm 0cm 7.5pt; padding: 0cm;\"><span style=\"font-size: 11pt; font-family: Arial; color: windowtext;\">A rede conta com 38 institutos federais, presentes em todos estados. Eles oferecem ensino m\u00e9dio integrado, cursos superiores de tecnologia e licenciaturas. <\/span><\/p>\n<p style=\"border: medium none ; margin: 0cm 0cm 7.5pt; padding: 0cm;\"><span style=\"font-size: 11pt; font-family: Arial; color: windowtext;\"> <\/span><\/p>\n<p style=\"border: medium none ; margin: 0cm 0cm 7.5pt; padding: 0cm;\"><span style=\"font-size: 11pt; font-family: Arial; color: windowtext;\">Fonte MEC<\/span><\/p>\n<\/div>\n","protected":false},"excerpt":{"rendered":"<p>Est\u00e3o abertos em 12 institutos federais de educa\u00e7\u00e3o, ci\u00eancia e tecnologia, concursos para sele\u00e7\u00e3o de professores e de t\u00e9cnicos administrativos. Os aprovados ser\u00e3o lotados nos estados de Tocantins, Santa Catarina, Goi\u00e1s, Bahia, Para\u00edba, Piau\u00ed, Esp\u00edrito Santo e Minas Gerais. Os vencimentos b\u00e1sicos iniciais v\u00e3o de R$ 1,5 mil a 6,2 mil. S\u00e3o mais de 400 [&hellip;]<\/p>\n","protected":false},"author":3,"featured_media":0,"comment_status":"open","ping_status":"open","sticky":false,"template":"","format":"standard","meta":{"_genesis_hide_title":false,"_genesis_hide_breadcrumbs":false,"_genesis_hide_singular_image":false,"_genesis_hide_footer_widgets":false,"_genesis_custom_body_class":"","_genesis_custom_post_class":"","_genesis_layout":"","_jetpack_memberships_contains_paid_content":false,"footnotes":""},"categories":[22],"tags":[],"class_list":{"0":"post-3517","1":"post","2":"type-post","3":"status-publish","4":"format-standard","6":"category-brasil","7":"entry","8":"gs-1","9":"gs-odd","10":"gs-even","11":"gs-featured-content-entry"},"jetpack_featured_media_url":"","jetpack_sharing_enabled":true,"jetpack_likes_enabled":true,"_links":{"self":[{"href":"https:\/\/www.redenoticia.com.br\/noticia\/wp-json\/wp\/v2\/posts\/3517","targetHints":{"allow":["GET"]}}],"collection":[{"href":"https:\/\/www.redenoticia.com.br\/noticia\/wp-json\/wp\/v2\/posts"}],"about":[{"href":"https:\/\/www.redenoticia.com.br\/noticia\/wp-json\/wp\/v2\/types\/post"}],"author":[{"embeddable":true,"href":"https:\/\/www.redenoticia.com.br\/noticia\/wp-json\/wp\/v2\/users\/3"}],"replies":[{"embeddable":true,"href":"https:\/\/www.redenoticia.com.br\/noticia\/wp-json\/wp\/v2\/comments?post=3517"}],"version-history":[{"count":0,"href":"https:\/\/www.redenoticia.com.br\/noticia\/wp-json\/wp\/v2\/posts\/3517\/revisions"}],"wp:attachment":[{"href":"https:\/\/www.redenoticia.com.br\/noticia\/wp-json\/wp\/v2\/media?parent=3517"}],"wp:term":[{"taxonomy":"category","embeddable":true,"href":"https:\/\/www.redenoticia.com.br\/noticia\/wp-json\/wp\/v2\/categories?post=3517"},{"taxonomy":"post_tag","embeddable":true,"href":"https:\/\/www.redenoticia.com.br\/noticia\/wp-json\/wp\/v2\/tags?post=3517"}],"curies":[{"name":"wp","href":"https:\/\/api.w.org\/{rel}","templated":true}]}}