{"id":35115,"date":"2011-05-17T11:41:59","date_gmt":"2011-05-17T15:41:59","guid":{"rendered":"http:\/\/www.redenoticia.com.br\/noticia\/?p=35115"},"modified":"2018-08-13T10:44:10","modified_gmt":"2018-08-13T13:44:10","slug":"bbb-12-novidades-e-inscricao","status":"publish","type":"post","link":"https:\/\/www.redenoticia.com.br\/noticia\/2011\/bbb-12-novidades-e-inscricao\/35115","title":{"rendered":"BBB 12: novidades e inscri\u00e7\u00e3o"},"content":{"rendered":"<p><em><strong><img loading=\"lazy\" decoding=\"async\" class=\"alignleft size-full wp-image-22134\" title=\"BBB 11 votacao Rede Globo\" src=\"https:\/\/www.redenoticia.com.br\/noticia\/imagens\/BBB-10-Rede-Globo.jpg\" alt=\"\" width=\"300\" height=\"193\" srcset=\"https:\/\/www.redenoticia.com.br\/noticia\/imagens\/BBB-10-Rede-Globo.jpg 300w, https:\/\/www.redenoticia.com.br\/noticia\/imagens\/BBB-10-Rede-Globo-250x161.jpg 250w, https:\/\/www.redenoticia.com.br\/noticia\/imagens\/BBB-10-Rede-Globo-150x97.jpg 150w\" sizes=\"auto, (max-width: 300px) 100vw, 300px\" \/>BBB 12<\/strong><\/em> &#8211; nesta edi\u00e7\u00e3o do programa BBB da Rede Globo as <em><strong>inscri\u00e7\u00f5es<\/strong><\/em> acontecem em duas etapas independentes:  as Seletivas Regionais, que v\u00e3o at\u00e9 30 de junho, e as Inscri\u00e7\u00f5es  Nacionais, de 14 de agosto a 31 de outubro. O calend\u00e1rio das entrevistas das seletivas regionais pode ser consultado no endere\u00e7o eletr\u00f4nico da Rede Globo <a href=\"http:\/\/bbb.globo.com\/platb\/blog-da-producao-bbb-12\/category\/calendario\/\" target=\"_blank\">BBB Produ\u00e7\u00e3o<\/a>. As inscri\u00e7\u00f5es para as Seletivas Regionais acontecem exclusivamente pela  internet, no <a href=\"http:\/\/bbb.globo.com\/platb\/blog-da-producao-bbb-12\/\" target=\"_blank\">blog da produ\u00e7\u00e3o<\/a>. No site de inscri\u00e7\u00f5es, o candidato deve preencher um question\u00e1rio  simplificado e enviar entre 2 e 5 fotos coloridas e atuais.<\/p>\n<p>Nesta etapa do BBB 12, o candidato dever\u00e1 apontar, entre v\u00e1rias cidades listadas, o  local de prefer\u00eancia para ser entrevistado cara a cara pela produ\u00e7\u00e3o, caso seja  selecionado. As entrevistas desta etapa come\u00e7aram em 15 de maio e a produ\u00e7\u00e3o  estar\u00e1 rodando o Brasil, entrevistando essa galera e selecionando aqueles que j\u00e1  devem \u201csaltar\u201d direto para a etapa final de sele\u00e7\u00e3o.<\/p>\n<p>J\u00e1 as Inscri\u00e7\u00f5es Nacionais do BBB 12, que ter\u00e3o in\u00edcio no dia 14 de agosto, acontecer\u00e3o  via internet e via caixa postal. Os candidatos a este processo dever\u00e3o preencher  um question\u00e1rio e envi\u00e1-lo juntamente com fotos coloridas e atuais (2 a 10) e um  v\u00eddeo de at\u00e9 5 minutos. Mesmo aqueles candidatos que tiverem se inscrito e\/ou  participado das entrevistas durante as Seletivas Regionais poder\u00e3o voltar a se  inscrever nesta etapa nacional.<\/p>\n<p>Fonte Rede Globo BBB 12<\/p>\n","protected":false},"excerpt":{"rendered":"<p>BBB 12 &#8211; nesta edi\u00e7\u00e3o do programa BBB da Rede Globo as inscri\u00e7\u00f5es acontecem em duas etapas independentes: as Seletivas Regionais, que v\u00e3o at\u00e9 30 de junho, e as Inscri\u00e7\u00f5es Nacionais, de 14 de agosto a 31 de outubro. O calend\u00e1rio das entrevistas das seletivas regionais pode ser consultado no endere\u00e7o eletr\u00f4nico da Rede Globo [&hellip;]<\/p>\n","protected":false},"author":3,"featured_media":22134,"comment_status":"open","ping_status":"open","sticky":false,"template":"","format":"standard","meta":{"_genesis_hide_title":false,"_genesis_hide_breadcrumbs":false,"_genesis_hide_singular_image":false,"_genesis_hide_footer_widgets":false,"_genesis_custom_body_class":"","_genesis_custom_post_class":"","_genesis_layout":"","_jetpack_memberships_contains_paid_content":false,"footnotes":""},"categories":[520,22,375,343],"tags":[],"class_list":{"0":"post-35115","1":"post","2":"type-post","3":"status-publish","4":"format-standard","5":"has-post-thumbnail","7":"category-big-brother-brasil","8":"category-brasil","9":"category-rede-globo","10":"category-televisao","11":"entry","12":"gs-1","13":"gs-odd","14":"gs-even","15":"gs-featured-content-entry"},"jetpack_featured_media_url":"https:\/\/www.redenoticia.com.br\/noticia\/imagens\/BBB-10-Rede-Globo.jpg","jetpack_sharing_enabled":true,"jetpack_likes_enabled":true,"_links":{"self":[{"href":"https:\/\/www.redenoticia.com.br\/noticia\/wp-json\/wp\/v2\/posts\/35115","targetHints":{"allow":["GET"]}}],"collection":[{"href":"https:\/\/www.redenoticia.com.br\/noticia\/wp-json\/wp\/v2\/posts"}],"about":[{"href":"https:\/\/www.redenoticia.com.br\/noticia\/wp-json\/wp\/v2\/types\/post"}],"author":[{"embeddable":true,"href":"https:\/\/www.redenoticia.com.br\/noticia\/wp-json\/wp\/v2\/users\/3"}],"replies":[{"embeddable":true,"href":"https:\/\/www.redenoticia.com.br\/noticia\/wp-json\/wp\/v2\/comments?post=35115"}],"version-history":[{"count":0,"href":"https:\/\/www.redenoticia.com.br\/noticia\/wp-json\/wp\/v2\/posts\/35115\/revisions"}],"wp:featuredmedia":[{"embeddable":true,"href":"https:\/\/www.redenoticia.com.br\/noticia\/wp-json\/wp\/v2\/media\/22134"}],"wp:attachment":[{"href":"https:\/\/www.redenoticia.com.br\/noticia\/wp-json\/wp\/v2\/media?parent=35115"}],"wp:term":[{"taxonomy":"category","embeddable":true,"href":"https:\/\/www.redenoticia.com.br\/noticia\/wp-json\/wp\/v2\/categories?post=35115"},{"taxonomy":"post_tag","embeddable":true,"href":"https:\/\/www.redenoticia.com.br\/noticia\/wp-json\/wp\/v2\/tags?post=35115"}],"curies":[{"name":"wp","href":"https:\/\/api.w.org\/{rel}","templated":true}]}}