{"id":35107,"date":"2011-05-17T10:41:47","date_gmt":"2011-05-17T14:41:47","guid":{"rendered":"http:\/\/www.redenoticia.com.br\/noticia\/?p=35107"},"modified":"2011-05-17T10:41:47","modified_gmt":"2011-05-17T14:41:47","slug":"fce-cosmetique-apresentara-novas-tecnologias-da-beleza","status":"publish","type":"post","link":"https:\/\/www.redenoticia.com.br\/noticia\/2011\/fce-cosmetique-apresentara-novas-tecnologias-da-beleza\/35107","title":{"rendered":"FCE Cosmetique apresentar\u00e1 novas tecnologias da beleza"},"content":{"rendered":"<p><img loading=\"lazy\" decoding=\"async\" class=\"alignleft size-full wp-image-34457\" title=\"mulher sombrancelha\" src=\"https:\/\/www.redenoticia.com.br\/noticia\/imagens\/mulher-sombrancelha.jpg\" alt=\"\" width=\"300\" height=\"193\" srcset=\"https:\/\/www.redenoticia.com.br\/noticia\/imagens\/mulher-sombrancelha.jpg 300w, https:\/\/www.redenoticia.com.br\/noticia\/imagens\/mulher-sombrancelha-250x160.jpg 250w, https:\/\/www.redenoticia.com.br\/noticia\/imagens\/mulher-sombrancelha-150x96.jpg 150w\" sizes=\"auto, (max-width: 300px) 100vw, 300px\" \/>Na pr\u00f3xima semana, entre os dias 24 e 26 de maio, S\u00e3o Paulo recebe a 16\u00aa  edi\u00e7\u00e3o da <em><strong>FCE Cosmetique<\/strong><\/em> \u2013 Exposi\u00e7\u00e3o Internacional de Tecnologia para a  Ind\u00fastria Cosm\u00e9tica \u2013 no Transamerica Expo Center. Consagrada feira do segmento  cosm\u00e9tico, o evento traz mais de 600 marcas, dentre eles os principais  fabricantes, distribuidores e fornecedores nacionais e internacionais.<\/p>\n<p>Expositores preparam lan\u00e7amentos de ativos e ingredientes inovadores e  premiados, como a Adifyline, subst\u00e2ncia que aumenta o volume do tecido adiposo  em \u00e1reas espec\u00edficas como seios e gl\u00fateos, resultando em uma silhueta  curvil\u00ednea; Silusyne, que reduz n\u00f3dulos de gordura respons\u00e1veis pela celulite;  ResistemTM, ativo anti-rugas; LIPerfection, ingrediente derivado da mostarda que  hidrata os l\u00e1bios e aumenta o volume em 17% em 5 minutos; Tens\u00b4Up, ativo com  efeito lifting imediato e anti-aging; Capixyl, pept\u00eddeo contra calv\u00edcie e  efetivo tamb\u00e9m para crescimento de c\u00edlios nos olhos; Voluform, tecnologia que  cresce volume do busto em at\u00e9 2 cm; EcoSambra Pro, derivado de frutas tropicais  (manga, banana e caj\u00e1) que renova c\u00e9lulas e diminui sulcos nas bochechas;  Physavie, ativo que protege a pele contra danos da radia\u00e7\u00e3o infravermelha, entre  outros.<\/p>\n<p>Em um mercado que movimenta R$ 27,5 bilh\u00f5es e com expectativa de  crescimento de 13,2% este ano (ABIHPEC), a FCE Cosmetique apresenta novas  tecnologias, ingredientes e ativos que far\u00e3o parte de f\u00f3rmulas e produtos  voltados para beleza e bem-estar de consumidores.<\/p>\n<p>Confira as novidades:<\/p>\n<p>Arinos<br \/>\nA Arinos apresenta na FCE Cosmetique a  ADIFYLINE, um hexapept\u00eddeo que aumenta o volume do tecido adiposo em \u00e1reas  espec\u00edficas como seios e gl\u00fateos, resultando em uma silhueta curvil\u00ednea. Tamb\u00e9m  ser\u00e1 lan\u00e7ada a SILUSYNE, um novo sistema microemulsionado de pept\u00eddeos que reduz  a diferencia\u00e7\u00e3o dos adip\u00f3citos, diminuindo as irregularidades da superf\u00edcie da  pele devido a redu\u00e7\u00e3o dos n\u00f3dulos de gordura respons\u00e1veis pela celulite.<\/p>\n<p>Beraca<br \/>\nA Beraca apresentar\u00e1 na FCE 2011 suas recentes parcerias  internacionais, que disponibilizar\u00e1 ao mercado brasileiro ativos mundialmente  conhecidos. Al\u00e9m disso, a empresa levar\u00e1 suas linhas tradicionais: Rain Forest  Specialties , Active Performance Systems, BioScrubs e BioFuncional, da divis\u00e3o  Health &amp; Personal Care, com \u00f3leos vegetais, esfoliantes org\u00e2nicos, extratos  sol\u00faveis de frutas e princ\u00edpios ativos extra\u00eddos da biodiversidade brasileira,  como o a\u00e7a\u00ed, insumo utilizado em s\u00e9runs e cremes anti-idade e o cupua\u00e7u, que  promove hidrata\u00e7\u00e3o duradoura, auxiliando na recupera\u00e7\u00e3o da elasticidade da  pele.<\/p>\n<p>Chemyunion<br \/>\nApresentar aos visitantes da FCE quatro importantes lan\u00e7amentos  com exclusividade. Esta ser\u00e1 a miss\u00e3o da Chemyunion, empresa brasileira  fabricante de ativos e aditivos para os segmentos cosm\u00e9ticos e dermocosm\u00e9ticos.  O ECOffea \u00e9 um ativo concebido a partir do gr\u00e3o verde do caf\u00e9 org\u00e2nico e tem  alto poder de prote\u00e7\u00e3o da pele no combate \u00e0 revers\u00e3o do envelhecimento. O  EcoSamba Pro, derivado de frutas tropicais (manga, banana e caj\u00e1), promove a  renova\u00e7\u00e3o das c\u00e9lulas &#8211; por meio de uma descama\u00e7\u00e3o leve &#8211; sem causar o mesmo  desgaste de um \u00e1cido glic\u00f3lico. J\u00e1 o REVINAGE &#8211; produzido a partir do extrato do  popular Pic\u00e3o Preto, n\u00e3o causa os efeitos adversos dos retinoides (\u00e1cido  retin\u00f3ico). O PHYSAVIE, fabricado a partir do Camapu, apresenta propriedades  simulares \u00e0 hidrocortisona, mas n\u00e3o tem efeitos colaterais. \u00c9 capaz de proteger  a pele contra danos causados pela radia\u00e7\u00e3o infravermelha.<\/p>\n<p>Cosmotec<br \/>\nA Cosmotec lan\u00e7ar\u00e1 um pacote de ingredientes para estimular os  quatro fatores para se obter uma pele mais saud\u00e1vel: suaviza\u00e7\u00e3o do microrrelevo  cut\u00e2neo, homogeneiza\u00e7\u00e3o do tom da pele, redu\u00e7\u00e3o dos poros e a\u00e7\u00e3o no metabolismo  das c\u00e9lulas.<\/p>\n<p>Croda do Brasil<br \/>\nA Croda apresentar\u00e1 novos ingredientes para os mercados de  Hair Care, Skin Care e Sun Care. Dentre os lan\u00e7amentos destaca-se o ResistemTM,  um novo ativo anti-rugas, desenvolvido atrav\u00e9s da tecnologia de cultura de  c\u00e9lulas-m\u00e3e de plantas, que promove a diminui\u00e7\u00e3o dos n\u00edveis de toxinas e  microinflama\u00e7\u00f5es locais da pele, tornando-a imunizada contra a a\u00e7\u00e3o do  tempo.<\/p>\n<p>Focus Qu\u00edmica<br \/>\nA Focus Qu\u00edmica traz com exclusividade um dos ativos  ganhadores do pr\u00eamio Inova\u00e7\u00e3o da In-Cosmetics Europa 2011 &#8211; PhytoCellTecTM  Argan. O primeiro ingrediente ativo a agir nas c\u00e9lulas-tronco da derme  proveniente das c\u00e9lulas-tronco da Argan &#8211; pertencente ao grupo de esp\u00e9cies de  \u00e1rvores mais antigas do planeta. A Focus est\u00e1 lan\u00e7ando tamb\u00e9m a LIPerfection,  ingrediente ativo ECOCERT derivado do broto de mostarda. Instantaneamente  hidrata os l\u00e1bios e ap\u00f3s 5 minutos da aplica\u00e7\u00e3o, a micro-circula\u00e7\u00e3o do sangue  aumenta em 17%. Em 14 dias de uso di\u00e1rio, os l\u00e1bios ganham volume em forma de  tratamento.<\/p>\n<p>ISP<br \/>\nA ISP anuncia o lan\u00e7amento de Survixyl, um pept\u00eddeo \u00fanico que mant\u00e9m a  homeostase da pele al\u00e9m de possuir a\u00e7\u00e3o anti-aging. Survixyl protege as c\u00e9lulas  tronco da epiderme, contribuindo para a apar\u00eancia jovem e saud\u00e1vel da pele.<\/p>\n<p>Midelt<br \/>\nMidelt Qu\u00edmica apresenta um novo ativo anti-strias, o D-StriaTM um  extrato oleoso de Saw Palmetto (Serenoa serrulata), que reduz a tens\u00e3o das  estrias &#8211; miofibroblastos e estimula a s\u00edntese de col\u00e1geno e elastina,  reorganizando os componentes da matriz extracelular dentro das estrias. Al\u00e9m  disso, lan\u00e7a a MicroSilver BGTM, prata met\u00e1lica pura (Argentum Metallicum)  micronizada de origem natural, com utilidade fungicida\/bactericida e  antiinflamat\u00f3ria. Combate acnes, dermatites at\u00f3picas, caspas, seborr\u00e9ias,  psor\u00edase,etc.<\/p>\n<p>Provital Group<br \/>\nA empresa lan\u00e7ar\u00e1 a linha &#8220;THE HAIR COLLECTION&#8221;, com tr\u00eas  ingredientes destinados ao cuidado capilar: Nori Complex, o ex\u00f3tico, Soja  Complex, o cl\u00e1ssico e Rhodiola Complex, o atual. Todos eles presentes em uma  Matrix exclusiva da Provital. O resultado \u00e9 um cabelo forte, el\u00e1stico e f\u00e1cil de  pentear. Al\u00e9m disso, destacar\u00e1 o KERAPLUS +, ativo natural proveniente das  sementes de algarrobo e presente em tecnologia de libera\u00e7\u00e3o seq\u00fcencial, bem como  o TENS`UP ativo com efeito lifting imediato e anti-aging.<\/p>\n<p>QuantiQ<br \/>\nNa \u00e1rea de Cosm\u00e9ticos, a maior novidade \u00e9 o lan\u00e7amento do  Capixyl\u00ae, inovador ativo capilar para o tratamento da calv\u00edcie. Trata-se de um  pept\u00eddeo biomim\u00e9tico com extrato de trevo vermelho que estimula o crescimento  capilar com efic\u00e1cia superior ao Minoxidil. Ele tamb\u00e9m reduz a queda e a  inflama\u00e7\u00e3o do couro cabeludo, podendo ser usado em xampus, t\u00f4nicos e leave-ons.  Al\u00e9m de seu uso ser recomendado para formula\u00e7\u00f5es capilares, \u00e9 indicado tamb\u00e9m  para maquiagem, mais especificamente na produ\u00e7\u00e3o de r\u00edmel, pois tamb\u00e9m estimula  o crescimento dos c\u00edlios. \u00c9 um ativo extremamente seguro e com efic\u00e1cia  comprovada por testes In vitro, Ex vivo e cl\u00ednicos.<\/p>\n<p>Qu\u00edmica Anast\u00e1cio<\/p>\n<p>A Qu\u00edmica Anastacio traz para a FCE cosmetique  produtos n\u00e3o somente para cosm\u00e9ticos, dando \u00eanfase aos filtros solares, mas  tamb\u00e9m ativos para o segmento farmac\u00eautico como Paracetamol em P\u00f3 e no segundo  semestre, ativos destinados \u00e0 sa\u00fade animal.<\/p>\n<p>Rhodia<br \/>\nNo segmento de personal care, a Rhodia lan\u00e7a o Rhodapex\u00ae ESB-70  NAT, baseado no \u00f3xido de etileno originado da cana de a\u00e7\u00facar, 100% livre de  carbono petroqu\u00edmico. \u00c9 o primeiro LESS (Lauril \u00c9ter Sulfato de S\u00f3dio) de origem  vegetal, livre de petroqu\u00edmicos, destinado \u00e0 produ\u00e7\u00e3o de xampus e sabonetes  l\u00edquidos da linha sustent\u00e1vel, uma tend\u00eancia em forte crescimento em todo o  mundo. Outra caracter\u00edstica desta inova\u00e7\u00e3o \u00e9 sua alta concentra\u00e7\u00e3o de ativos,  70%, o que permite a redu\u00e7\u00e3o do volume total enviado e armazenado, resultando em  ganhos de sustentabilidade para toda a cadeia produtiva do setor.<\/p>\n<p>Seppic Brasil<br \/>\nA Seppic lan\u00e7a um ativo de origem vegetal que aumenta o  volume do busto em at\u00e9 2 cm gra\u00e7as \u00e0 tecnologia \u201cVoluform\u201d. Esta tecnologia \u00e9  governada pela acelera\u00e7\u00e3o do processo de desintoxica\u00e7\u00e3o intracelular atrav\u00e9s da  estimula\u00e7\u00e3o do proteassoma, efeito de firmeza gra\u00e7as aos fibroblastos e  finalmente pela estimula\u00e7\u00e3o da diferencia\u00e7\u00e3o dos adip\u00f3citos.<\/p>\n<p>Volp<br \/>\nA Volp, especializada na comercializa\u00e7\u00e3o e distribui\u00e7\u00e3o de insumos e  mat\u00e9rias primas para o mercado cosm\u00e9tico, trar\u00e1 novidades em seu stand. Os  destaques ficam por conta dos produtos para filtros solares, da linha de  pol\u00edmeros acr\u00edlicos, de produtos diferenciados com apelo natural, dos  conservantes aprovados pela EcoCert e de outros espec\u00edficos para alisamento  capilar.<\/p>\n<p>&nbsp;<\/p>\n","protected":false},"excerpt":{"rendered":"<p>Na pr\u00f3xima semana, entre os dias 24 e 26 de maio, S\u00e3o Paulo recebe a 16\u00aa edi\u00e7\u00e3o da FCE Cosmetique \u2013 Exposi\u00e7\u00e3o Internacional de Tecnologia para a Ind\u00fastria Cosm\u00e9tica \u2013 no Transamerica Expo Center. Consagrada feira do segmento cosm\u00e9tico, o evento traz mais de 600 marcas, dentre eles os principais fabricantes, distribuidores e fornecedores nacionais [&hellip;]<\/p>\n","protected":false},"author":3,"featured_media":34457,"comment_status":"open","ping_status":"open","sticky":false,"template":"","format":"standard","meta":{"_genesis_hide_title":false,"_genesis_hide_breadcrumbs":false,"_genesis_hide_singular_image":false,"_genesis_hide_footer_widgets":false,"_genesis_custom_body_class":"","_genesis_custom_post_class":"","_genesis_layout":"","_jetpack_memberships_contains_paid_content":false,"footnotes":""},"categories":[22],"tags":[],"class_list":{"0":"post-35107","1":"post","2":"type-post","3":"status-publish","4":"format-standard","5":"has-post-thumbnail","7":"category-brasil","8":"entry","9":"gs-1","10":"gs-odd","11":"gs-even","12":"gs-featured-content-entry"},"jetpack_featured_media_url":"https:\/\/www.redenoticia.com.br\/noticia\/imagens\/mulher-sombrancelha.jpg","jetpack_sharing_enabled":true,"jetpack_likes_enabled":true,"_links":{"self":[{"href":"https:\/\/www.redenoticia.com.br\/noticia\/wp-json\/wp\/v2\/posts\/35107","targetHints":{"allow":["GET"]}}],"collection":[{"href":"https:\/\/www.redenoticia.com.br\/noticia\/wp-json\/wp\/v2\/posts"}],"about":[{"href":"https:\/\/www.redenoticia.com.br\/noticia\/wp-json\/wp\/v2\/types\/post"}],"author":[{"embeddable":true,"href":"https:\/\/www.redenoticia.com.br\/noticia\/wp-json\/wp\/v2\/users\/3"}],"replies":[{"embeddable":true,"href":"https:\/\/www.redenoticia.com.br\/noticia\/wp-json\/wp\/v2\/comments?post=35107"}],"version-history":[{"count":0,"href":"https:\/\/www.redenoticia.com.br\/noticia\/wp-json\/wp\/v2\/posts\/35107\/revisions"}],"wp:featuredmedia":[{"embeddable":true,"href":"https:\/\/www.redenoticia.com.br\/noticia\/wp-json\/wp\/v2\/media\/34457"}],"wp:attachment":[{"href":"https:\/\/www.redenoticia.com.br\/noticia\/wp-json\/wp\/v2\/media?parent=35107"}],"wp:term":[{"taxonomy":"category","embeddable":true,"href":"https:\/\/www.redenoticia.com.br\/noticia\/wp-json\/wp\/v2\/categories?post=35107"},{"taxonomy":"post_tag","embeddable":true,"href":"https:\/\/www.redenoticia.com.br\/noticia\/wp-json\/wp\/v2\/tags?post=35107"}],"curies":[{"name":"wp","href":"https:\/\/api.w.org\/{rel}","templated":true}]}}