{"id":35101,"date":"2011-05-17T09:24:53","date_gmt":"2011-05-17T13:24:53","guid":{"rendered":"http:\/\/www.redenoticia.com.br\/noticia\/?p=35101"},"modified":"2011-05-17T09:24:53","modified_gmt":"2011-05-17T13:24:53","slug":"brasileiro-e-eleito-para-a-academia-de-ciencias-dos-eua","status":"publish","type":"post","link":"https:\/\/www.redenoticia.com.br\/noticia\/2011\/brasileiro-e-eleito-para-a-academia-de-ciencias-dos-eua\/35101","title":{"rendered":"Brasileiro \u00e9 eleito para a Academia de Ci\u00eancias dos EUA"},"content":{"rendered":"<h1><span style=\"font-size: 13px; font-weight: normal;\">O entusiasmo com a ci\u00eancia faz parte do cotidiano desde a inf\u00e2ncia de Michel Nussenzweig, hoje imunologista na Universidade Rockefeller, em Nova York, Estados Unidos. <\/span><span style=\"font-size: 13px; font-weight: normal;\">\u201cParece ser uma coisa incr\u00edvel de se fazer\u201d, percebeu j\u00e1 durante os primeiros anos de vida no Brasil, onde nasceu, e em Nova York a partir dos 12 anos, onde os pais \u2013 os renomados parasitologistas Victor e Ruth \u2013 foram fazer um p\u00f3s-doutorado e acabaram se instalando. <\/span><span style=\"font-size: 13px; font-weight: normal;\"><em><strong>Nussenzweig<\/strong><\/em> ainda tentou um leve desvio pela medicina, mas, como os pais (tamb\u00e9m m\u00e9dicos), encantou-se com o funcionamento das c\u00e9lulas e acabou na pesquisa cient\u00edfica. Rota cujo brilho acaba de ser <em><strong>reconhecido<\/strong><\/em> com a elei\u00e7\u00e3o anunciada em 3 de maio para a <em><strong>Academia Nacional de Ci\u00eancias dos Estados Unidos<\/strong><\/em>.<\/span><\/h1>\n<p>Eleito na cota de pesquisadores norte-americanos, Nussenzweig se junta na Academia a outros sete brasileiros dos quais o mais recente (2007) \u00e9 o neurocientista Iv\u00e1n Izquierdo, da Pontif\u00edcia Universidade Cat\u00f3lica do Rio Grande do Sul.<\/p>\n<p>O imunologista resume sua pesquisa de forma simples: \u201cSou um cientista b\u00e1sico, mas sou tamb\u00e9m m\u00e9dico\u201d. A combina\u00e7\u00e3o o leva a investigar o sistema imunol\u00f3gico desde a origem e o funcionamento das c\u00e9lulas envolvidas na defesa do organismo, at\u00e9 contribuir para testes cl\u00ednicos que buscam de fato desenvolver terapias contra doen\u00e7as.<\/p>\n<p>Uma das linhas de pesquisa em seu laborat\u00f3rio examina a fun\u00e7\u00e3o das c\u00e9lulas dendr\u00edticas, que Nussenzweig estuda desde o doutorado com o seu descobridor, Ralph Steinman, tamb\u00e9m da Universidade Rockefeller. \u201cEstamos procurando a forma de mandar ant\u00edgenos especificamente para essas c\u00e9lulas e induzir uma resposta imunol\u00f3gica\u201d, disse.<\/p>\n<p>A equipe de Nussenzweig tamb\u00e9m tem tido sucesso com estudos sobre anticorpos humanos que combatem o v\u00edrus HIV, causador da Aids. O trabalho rendeu, nos \u00faltimos anos, dois artigos na prestigiosa revista <em>Nature<\/em> e j\u00e1 se mostrou bem-sucedido em testes com macacos resos.<\/p>\n<p>\u201cA aplica\u00e7\u00e3o de anticorpos protetores que algumas pessoas produzem defenderam os macacos da doen\u00e7a\u201d, explicou, de olho nos estudos cl\u00ednicos que em breve testar\u00e3o a ideia em seres humanos.<\/p>\n<p>Nussenzweig n\u00e3o participa dessa fase, mas est\u00e1 por tr\u00e1s dela: \u201cV\u00e3o usar anticorpos produzidos pelo m\u00e9todo que inventei\u201d. Os resultados lhe conferem um certo otimismo em rela\u00e7\u00e3o \u00e0 vacina contra a Aids: \u201c\u00c9 dif\u00edcil? Sim, mas n\u00e3o \u00e9 imposs\u00edvel\u201d.<\/p>\n<p>Bem instalado na Rockefeller, com equipe de primeira linha, laborat\u00f3rio equipado e uma sala espa\u00e7osa e agrad\u00e1vel, o pesquisador n\u00e3o deixa de lamentar a dist\u00e2ncia que o separa da ci\u00eancia brasileira.<\/p>\n<p>\u201cO Brasil faz pouco uso dos seus cientistas que est\u00e3o no exterior\u201d, comenta, lembrando a pol\u00edtica do governo chin\u00eas de incluir em seu capital intelectual os pesquisadores instalados em outros pa\u00edses, resultando em desenvolvimento cient\u00edfico e transfer\u00eancia de tecnologia para o pa\u00eds. Se o Brasil tomar iniciativas desse tipo, ele desde j\u00e1 se candidata.<\/p>\n<p>Leia mais sobre o trabalho de Nussenzweig:<\/p>\n<ul>\n<li><a href=\"http:\/\/revistapesquisa.fapesp.br\/?art=4325&amp;bd=1&amp;pg=1&amp;lg=\" target=\"_blank\">Lanterna microsc\u00f3pica<\/a><\/li>\n<li><a href=\"http:\/\/revistapesquisa.fapesp.br\/?art=5533&amp;bd=2&amp;pg=1&amp;lg=\" target=\"_blank\">Rumo a vacinas mais eficientes<\/a><\/li>\n<li><a href=\"http:\/\/revistapesquisa.fapesp.br\/?art=4200&amp;bd=1&amp;pg=1&amp;lg=\" target=\"_blank\">A terceira onda<\/a><\/li>\n<li><a href=\"http:\/\/revistapesquisa.fapesp.br\/?art=3858&amp;bd=1&amp;pg=1&amp;lg=\" target=\"_blank\">Coquetel de anticorpos<\/a><\/li>\n<\/ul>\n<p>Por Maria Guimar\u00e3es<\/p>\n<p>Revista Pesquisa FAPESP<\/p>\n<p>&nbsp;<\/p>\n","protected":false},"excerpt":{"rendered":"<p>O entusiasmo com a ci\u00eancia faz parte do cotidiano desde a inf\u00e2ncia de Michel Nussenzweig, hoje imunologista na Universidade Rockefeller, em Nova York, Estados Unidos. \u201cParece ser uma coisa incr\u00edvel de se fazer\u201d, percebeu j\u00e1 durante os primeiros anos de vida no Brasil, onde nasceu, e em Nova York a partir dos 12 anos, onde [&hellip;]<\/p>\n","protected":false},"author":3,"featured_media":0,"comment_status":"open","ping_status":"open","sticky":false,"template":"","format":"standard","meta":{"_genesis_hide_title":false,"_genesis_hide_breadcrumbs":false,"_genesis_hide_singular_image":false,"_genesis_hide_footer_widgets":false,"_genesis_custom_body_class":"","_genesis_custom_post_class":"","_genesis_layout":"","_jetpack_memberships_contains_paid_content":false,"footnotes":""},"categories":[22],"tags":[],"class_list":{"0":"post-35101","1":"post","2":"type-post","3":"status-publish","4":"format-standard","6":"category-brasil","7":"entry","8":"gs-1","9":"gs-odd","10":"gs-even","11":"gs-featured-content-entry"},"jetpack_featured_media_url":"","jetpack_sharing_enabled":true,"jetpack_likes_enabled":true,"_links":{"self":[{"href":"https:\/\/www.redenoticia.com.br\/noticia\/wp-json\/wp\/v2\/posts\/35101","targetHints":{"allow":["GET"]}}],"collection":[{"href":"https:\/\/www.redenoticia.com.br\/noticia\/wp-json\/wp\/v2\/posts"}],"about":[{"href":"https:\/\/www.redenoticia.com.br\/noticia\/wp-json\/wp\/v2\/types\/post"}],"author":[{"embeddable":true,"href":"https:\/\/www.redenoticia.com.br\/noticia\/wp-json\/wp\/v2\/users\/3"}],"replies":[{"embeddable":true,"href":"https:\/\/www.redenoticia.com.br\/noticia\/wp-json\/wp\/v2\/comments?post=35101"}],"version-history":[{"count":0,"href":"https:\/\/www.redenoticia.com.br\/noticia\/wp-json\/wp\/v2\/posts\/35101\/revisions"}],"wp:attachment":[{"href":"https:\/\/www.redenoticia.com.br\/noticia\/wp-json\/wp\/v2\/media?parent=35101"}],"wp:term":[{"taxonomy":"category","embeddable":true,"href":"https:\/\/www.redenoticia.com.br\/noticia\/wp-json\/wp\/v2\/categories?post=35101"},{"taxonomy":"post_tag","embeddable":true,"href":"https:\/\/www.redenoticia.com.br\/noticia\/wp-json\/wp\/v2\/tags?post=35101"}],"curies":[{"name":"wp","href":"https:\/\/api.w.org\/{rel}","templated":true}]}}