{"id":35089,"date":"2011-05-16T09:11:00","date_gmt":"2011-05-16T13:11:00","guid":{"rendered":"http:\/\/www.redenoticia.com.br\/noticia\/?p=35089"},"modified":"2011-05-16T09:11:00","modified_gmt":"2011-05-16T13:11:00","slug":"semana-nacional-de-museus-com-atividades-em-502-municipios","status":"publish","type":"post","link":"https:\/\/www.redenoticia.com.br\/noticia\/2011\/semana-nacional-de-museus-com-atividades-em-502-municipios\/35089","title":{"rendered":"Semana Nacional de Museus com atividades em 502 munic\u00edpios"},"content":{"rendered":"<p><img loading=\"lazy\" decoding=\"async\" class=\"alignleft size-full wp-image-31060\" title=\"hopi hari museu cera\" src=\"https:\/\/www.redenoticia.com.br\/noticia\/imagens\/hopi-hari-museu-cera.jpg\" alt=\"\" width=\"301\" height=\"194\" srcset=\"https:\/\/www.redenoticia.com.br\/noticia\/imagens\/hopi-hari-museu-cera.jpg 301w, https:\/\/www.redenoticia.com.br\/noticia\/imagens\/hopi-hari-museu-cera-250x161.jpg 250w, https:\/\/www.redenoticia.com.br\/noticia\/imagens\/hopi-hari-museu-cera-150x96.jpg 150w\" sizes=\"auto, (max-width: 301px) 100vw, 301px\" \/>Come\u00e7a nesta segunda-feira (16) a 9\u00aa <em><strong>Semana Nacional de Museus<\/strong><\/em>. At\u00e9 o dia 22,  quase mil museus e institui\u00e7\u00f5es culturais de 502 cidades de todo o Brasil  oferecer\u00e3o programa\u00e7\u00e3o especial ao p\u00fablico. A Semana \u00e9 celebrada anualmente por  dezenas de pa\u00edses e \u00e9 o maior evento, no \u00e2mbito mundial, comemorativo ao Dia  Internacional de Museus, em 18 de maio. O tema desta edi\u00e7\u00e3o, que \u00e9 definido pelo  Conselho Internacional de Museus, \u00e9 Museu e Mem\u00f3ria.<\/p>\n<p>Ser\u00e3o mais de tr\u00eas mil atividades como exposi\u00e7\u00f5es, cursos, semin\u00e1rios,  oficinas, visitas mediadas, shows, concertos, recitais, palestras e exibi\u00e7\u00e3o de  filmes, entre outras atra\u00e7\u00f5es. O evento \u00e9 promovido pelo Instituto Brasileiro de  Museus (Ibram\/Minist\u00e9rio da Cultura).<\/p>\n<p>Neste ano, a Semana de Museus tem recorde de participa\u00e7\u00f5es, com 994 museus e  institui\u00e7\u00f5es culturais integrando a programa\u00e7\u00e3o. Dessas, 356 institui\u00e7\u00f5es  participam da Semana pela primeira vez. Al\u00e9m dos museus, a programa\u00e7\u00e3o inclui  centros culturais, funda\u00e7\u00f5es, galerias, casas de cultura, cursos de museologia,  pinacotecas, memoriais e outras institui\u00e7\u00f5es. O recorde anterior de participa\u00e7\u00e3o  foi em 2009, com 2.019 eventos programados em 614 institui\u00e7\u00f5es.<\/p>\n<p>Panorama \u2013 O Brasil, que no in\u00edcio do s\u00e9culo 20 contava com 12 museus, hoje  possui mais de tr\u00eas mil institui\u00e7\u00f5es mapeadas pelo Cadastro Nacional de Museus.  No campo dos investimentos, o avan\u00e7o tamb\u00e9m foi consider\u00e1vel. De R$ 44,6 milh\u00f5es  em 2003, saltou-se para um montante de R$ 120 milh\u00f5es em 2010. A Semana reflete  o crescimento e a diversidade cultural do povo brasileiro. Museus de pequenas  comunidades ou de grandes metr\u00f3poles, de porte e acervos diversificados fazem  parte da Semana, traduzindo a pluralidade de culturas, hist\u00f3rias e povos que  habitaram e habitam o Brasil.<\/p>\n<p>Turismo \u2013 As cidades que ser\u00e3o as sedes dos jogos da Copa de 2014 e da  Olimp\u00edada de 2016 possuem juntas mais de 650 museus. O investimento no segmento  pode refletir de forma muito positiva a inclus\u00e3o do tema da cultura na din\u00e2mica  tur\u00edstica. Os museus podem ser considerados \u201cportas de entrada\u201d para  conhecimento da cultura local. Para incentivar a constru\u00e7\u00e3o de um legado  cultural a partir dos megaeventos esportivos, o Ibram planeja uma agenda de  investimentos para o segmento museal com foco nas cidades-sedes dessas duas  competi\u00e7\u00f5es.<\/p>\n<p>Hist\u00f3rico \u2013 O Dia Internacional dos Museus foi criado em 1977 pelo Conselho  Internacional de Museus (ou Icom, na sigla em ingl\u00eas) com o objetivo de divulgar  a import\u00e2ncia dos museus para a sociedade. Em 2010, a data foi comemorada por 95  pa\u00edses, que realizaram quase 30 mil eventos alusivos. O Brasil \u00e9 o pa\u00eds que mais  se mobiliza para comemorar a ocasi\u00e3o. Desde 2003, j\u00e1 foram realizados mais de  nove mil eventos durante as Semanas de Museus no Pa\u00eds, e a 9\u00aa edi\u00e7\u00e3o, que  oferece mais 3.080 eventos.<\/p>\n<p>Panorama dos museus no Brasil<\/p>\n<p>? 3.025 museus no Brasil<\/p>\n<p>? 85 museus em implanta\u00e7\u00e3o<\/p>\n<p>? 67% dos museus s\u00e3o p\u00fablicos<\/p>\n<p>? Desde 2004, 12 novos cursos de museologia foram criados<\/p>\n<p>? 22,5 mil empregos diretos<\/p>\n<p>Saiba Mais &#8211; A programa\u00e7\u00e3o completa da 9\u00aa Semana Nacional de Museus est\u00e1  dispon\u00edvel na p\u00e1gina www.museus.gov.br.<\/p>\n<p>Ibram lan\u00e7a Guia dos Museus Brasileiros<\/p>\n<p>Nesta semana o Ibram lan\u00e7a o Guia dos Museus Brasileiros. Elaborado com dados  do Cadastro Nacional de Museus, a publica\u00e7\u00e3o ser\u00e1 o mais atual e mais completo  guia de museus j\u00e1 publicado no pa\u00eds.<\/p>\n<p>O Guia traz informa\u00e7\u00f5es como endere\u00e7o, tipo de acervo, acessibilidade,  infraestrutura para o recebimento de turistas estrangeiros, hor\u00e1rio de  funcionamento, ano de cria\u00e7\u00e3o, situa\u00e7\u00e3o atual e natureza administrativa de todos  os tr\u00eas mil museus j\u00e1 mapeados pelo Ibram no Brasil.<\/p>\n<p>O lan\u00e7amento est\u00e1 previsto para o dia 18, quando comemora-se o Dia  Internacional de Museus, no Museu Hist\u00f3rico Nacional\/Ibram, no Rio de  Janeiro.<\/p>\n<p>Princ\u00edpios adotados na orienta\u00e7\u00e3o da Pol\u00edtica Nacional de Museus<\/p>\n<p>1 \u2013 Estabelecimento e consolida\u00e7\u00e3o de pol\u00edticas p\u00fablicas para os campos do  patrim\u00f4nio cultural, da mem\u00f3ria social e dos museus.<\/p>\n<p>2 \u2013 Valoriza\u00e7\u00e3o do patrim\u00f4nio cultural sob a guarda dos museus,  compreendendo-os como unidades de valor estrat\u00e9gico nos diferentes processos  identit\u00e1rios.<\/p>\n<p>3 \u2013 Desenvolvimento de pr\u00e1ticas e pol\u00edticas educacionais orientadas para o  respeito \u00e0 diferen\u00e7a e \u00e0 diversidade cultural do povo brasileiro.<\/p>\n<p>4 \u2013 Reconhecimento e garantia dos direitos das comunidades organizadas de  participar, com t\u00e9cnicos e gestores culturais, dos processos de registro e  prote\u00e7\u00e3o legal e dos procedimentos t\u00e9cnicos e pol\u00edticos de defini\u00e7\u00e3o do  patrim\u00f4nio a ser musealizado.<\/p>\n<p>5 \u2013 Est\u00edmulo e apoio \u00e0 participa\u00e7\u00e3o de museus comunit\u00e1rios, ecomuseus, museus  locais, museus escolares e outros na Pol\u00edtica Nacional de Museus e nas a\u00e7\u00f5es de  preserva\u00e7\u00e3o e gerenciamento do patrim\u00f4nio cultural.<\/p>\n<p>6 \u2013 Incentivo a programas e a\u00e7\u00f5es que viabilizem a conserva\u00e7\u00e3o, a preserva\u00e7\u00e3o  e a sustentabilidade do patrim\u00f4nio cultural submetido a processo de  musealiza\u00e7\u00e3o.<\/p>\n<p>7 \u2013 Respeito ao patrim\u00f4nio cultural das comunidades ind\u00edgenas e  afrodescendentes, de acordo com as suas especificidades e diversidades.<\/p>\n<p>&nbsp;<\/p>\n","protected":false},"excerpt":{"rendered":"<p>Come\u00e7a nesta segunda-feira (16) a 9\u00aa Semana Nacional de Museus. At\u00e9 o dia 22, quase mil museus e institui\u00e7\u00f5es culturais de 502 cidades de todo o Brasil oferecer\u00e3o programa\u00e7\u00e3o especial ao p\u00fablico. A Semana \u00e9 celebrada anualmente por dezenas de pa\u00edses e \u00e9 o maior evento, no \u00e2mbito mundial, comemorativo ao Dia Internacional de Museus, [&hellip;]<\/p>\n","protected":false},"author":3,"featured_media":31060,"comment_status":"open","ping_status":"open","sticky":false,"template":"","format":"standard","meta":{"_genesis_hide_title":false,"_genesis_hide_breadcrumbs":false,"_genesis_hide_singular_image":false,"_genesis_hide_footer_widgets":false,"_genesis_custom_body_class":"","_genesis_custom_post_class":"","_genesis_layout":"","_jetpack_memberships_contains_paid_content":false,"footnotes":""},"categories":[22],"tags":[],"class_list":{"0":"post-35089","1":"post","2":"type-post","3":"status-publish","4":"format-standard","5":"has-post-thumbnail","7":"category-brasil","8":"entry","9":"gs-1","10":"gs-odd","11":"gs-even","12":"gs-featured-content-entry"},"jetpack_featured_media_url":"https:\/\/www.redenoticia.com.br\/noticia\/imagens\/hopi-hari-museu-cera.jpg","jetpack_sharing_enabled":true,"jetpack_likes_enabled":true,"_links":{"self":[{"href":"https:\/\/www.redenoticia.com.br\/noticia\/wp-json\/wp\/v2\/posts\/35089","targetHints":{"allow":["GET"]}}],"collection":[{"href":"https:\/\/www.redenoticia.com.br\/noticia\/wp-json\/wp\/v2\/posts"}],"about":[{"href":"https:\/\/www.redenoticia.com.br\/noticia\/wp-json\/wp\/v2\/types\/post"}],"author":[{"embeddable":true,"href":"https:\/\/www.redenoticia.com.br\/noticia\/wp-json\/wp\/v2\/users\/3"}],"replies":[{"embeddable":true,"href":"https:\/\/www.redenoticia.com.br\/noticia\/wp-json\/wp\/v2\/comments?post=35089"}],"version-history":[{"count":0,"href":"https:\/\/www.redenoticia.com.br\/noticia\/wp-json\/wp\/v2\/posts\/35089\/revisions"}],"wp:featuredmedia":[{"embeddable":true,"href":"https:\/\/www.redenoticia.com.br\/noticia\/wp-json\/wp\/v2\/media\/31060"}],"wp:attachment":[{"href":"https:\/\/www.redenoticia.com.br\/noticia\/wp-json\/wp\/v2\/media?parent=35089"}],"wp:term":[{"taxonomy":"category","embeddable":true,"href":"https:\/\/www.redenoticia.com.br\/noticia\/wp-json\/wp\/v2\/categories?post=35089"},{"taxonomy":"post_tag","embeddable":true,"href":"https:\/\/www.redenoticia.com.br\/noticia\/wp-json\/wp\/v2\/tags?post=35089"}],"curies":[{"name":"wp","href":"https:\/\/api.w.org\/{rel}","templated":true}]}}