{"id":35067,"date":"2011-05-13T08:30:26","date_gmt":"2011-05-13T12:30:26","guid":{"rendered":"http:\/\/www.redenoticia.com.br\/noticia\/?p=35067"},"modified":"2011-05-13T08:30:26","modified_gmt":"2011-05-13T12:30:26","slug":"usp-destinara-r-70-milhoes-para-pesquisa","status":"publish","type":"post","link":"https:\/\/www.redenoticia.com.br\/noticia\/2011\/usp-destinara-r-70-milhoes-para-pesquisa\/35067","title":{"rendered":"USP destinar\u00e1 R$ 70 milh\u00f5es para pesquisa"},"content":{"rendered":"<h1><span style=\"font-size: 13px; font-weight: normal;\">Ag\u00eancia FAPESP \u2013 A Pr\u00f3-Reitoria de Pesquisa da Universidade de S\u00e3o Paulo (<em><strong>USP<\/strong><\/em>) divulgou os projetos contemplados pelo <em><strong>Programa de Apoio \u00e0 Pesquisa<\/strong><\/em>. Foram aprovadas, no total, 43 propostas, dentre as 122 inscritas, com a participa\u00e7\u00e3o de cerca de dois mil docentes da universidade.<\/span><\/h1>\n<p>Para atender \u00e0 demanda, o reitor da USP, Jo\u00e3o Grandino Rodas, aprovou o aumento dos recursos destinados ao programa, que passaram dos R$ 50 milh\u00f5es iniciais previstos para R$ 70 milh\u00f5es. De acordo com a Pr\u00f3-Reitoria de Pesquisa, trata-se do maior programa institucional de incentivo \u00e0 pesquisa desenvolvido pela USP.<\/p>\n<p>\u201cO objetivo era fazer com que os pesquisadores reexaminassem a maneira de organizar a pesquisa na USP, estabelecer la\u00e7os e rela\u00e7\u00f5es com outros que tenham atividades afins e criar novos padr\u00f5es focados em temas mais amplos e que precisam de participa\u00e7\u00e3o m\u00faltipla\u201d, disse o pr\u00f3-reitor de pesquisa da USP, Marco Antonio Zago.<\/p>\n<p>Os recursos destinados aos projetos ser\u00e3o distribu\u00eddos de acordo com tr\u00eas modalidades: 22 projetos contemplados s\u00e3o de grupos consolidados, que receber\u00e3o R$ 2 milh\u00f5es cada um; 14 s\u00e3o de grupos promissores (cada um receber\u00e1 o valor de R$ 900 mil); e 7 referentes aos chamados centros de instrumenta\u00e7\u00e3o (que receber\u00e3o R$ 1,5 milh\u00e3o cada um).<\/p>\n<p>A lista completa dos coordenadores dos grupos que tiveram suas propostas aprovadas est\u00e1 dispon\u00edvel em <a href=\"http:\/\/www.usp.br\/prp\/arquivos_pdf_doc_xml\/Resultado_Edital1.pdf\" target=\"_blank\">www.usp.br\/prp\/arquivos_pdf_doc_xml\/Resultado_Edital1.pdf<\/a>.<\/p>\n<p>De acordo com a coordena\u00e7\u00e3o do programa, o julgamento e a sele\u00e7\u00e3o dos projetos foram realizados por uma comiss\u00e3o avaliadora formada por 21 pesquisadores e docentes externos \u00e0 USP, oriundos de universidades e institui\u00e7\u00f5es brasileiras e estrangeiras. Dentre elas est\u00e3o o King\u2019s College London, a Washington State University, a Universidade Federal do Rio de Janeiro, a Universidade do Porto e a Academia Brasileira de Ci\u00eancias.<\/p>\n<p>O processo de avalia\u00e7\u00e3o das propostas ocorreu entre os dias 11 e 13 de abril. Os projetos aprovados foram divulgados em 28 de abril.<\/p>\n<p>&nbsp;<\/p>\n","protected":false},"excerpt":{"rendered":"<p>Ag\u00eancia FAPESP \u2013 A Pr\u00f3-Reitoria de Pesquisa da Universidade de S\u00e3o Paulo (USP) divulgou os projetos contemplados pelo Programa de Apoio \u00e0 Pesquisa. Foram aprovadas, no total, 43 propostas, dentre as 122 inscritas, com a participa\u00e7\u00e3o de cerca de dois mil docentes da universidade. Para atender \u00e0 demanda, o reitor da USP, Jo\u00e3o Grandino Rodas, [&hellip;]<\/p>\n","protected":false},"author":3,"featured_media":0,"comment_status":"open","ping_status":"open","sticky":false,"template":"","format":"standard","meta":{"_genesis_hide_title":false,"_genesis_hide_breadcrumbs":false,"_genesis_hide_singular_image":false,"_genesis_hide_footer_widgets":false,"_genesis_custom_body_class":"","_genesis_custom_post_class":"","_genesis_layout":"","_jetpack_memberships_contains_paid_content":false,"footnotes":""},"categories":[22],"tags":[],"class_list":{"0":"post-35067","1":"post","2":"type-post","3":"status-publish","4":"format-standard","6":"category-brasil","7":"entry","8":"gs-1","9":"gs-odd","10":"gs-even","11":"gs-featured-content-entry"},"jetpack_featured_media_url":"","jetpack_sharing_enabled":true,"jetpack_likes_enabled":true,"_links":{"self":[{"href":"https:\/\/www.redenoticia.com.br\/noticia\/wp-json\/wp\/v2\/posts\/35067","targetHints":{"allow":["GET"]}}],"collection":[{"href":"https:\/\/www.redenoticia.com.br\/noticia\/wp-json\/wp\/v2\/posts"}],"about":[{"href":"https:\/\/www.redenoticia.com.br\/noticia\/wp-json\/wp\/v2\/types\/post"}],"author":[{"embeddable":true,"href":"https:\/\/www.redenoticia.com.br\/noticia\/wp-json\/wp\/v2\/users\/3"}],"replies":[{"embeddable":true,"href":"https:\/\/www.redenoticia.com.br\/noticia\/wp-json\/wp\/v2\/comments?post=35067"}],"version-history":[{"count":0,"href":"https:\/\/www.redenoticia.com.br\/noticia\/wp-json\/wp\/v2\/posts\/35067\/revisions"}],"wp:attachment":[{"href":"https:\/\/www.redenoticia.com.br\/noticia\/wp-json\/wp\/v2\/media?parent=35067"}],"wp:term":[{"taxonomy":"category","embeddable":true,"href":"https:\/\/www.redenoticia.com.br\/noticia\/wp-json\/wp\/v2\/categories?post=35067"},{"taxonomy":"post_tag","embeddable":true,"href":"https:\/\/www.redenoticia.com.br\/noticia\/wp-json\/wp\/v2\/tags?post=35067"}],"curies":[{"name":"wp","href":"https:\/\/api.w.org\/{rel}","templated":true}]}}