{"id":35055,"date":"2011-05-11T17:56:32","date_gmt":"2011-05-11T21:56:32","guid":{"rendered":"http:\/\/www.redenoticia.com.br\/noticia\/?p=35055"},"modified":"2011-05-11T19:08:02","modified_gmt":"2011-05-11T23:08:02","slug":"decada-de-acoes-para-a-seguranca-no-transito","status":"publish","type":"post","link":"https:\/\/www.redenoticia.com.br\/noticia\/2011\/decada-de-acoes-para-a-seguranca-no-transito\/35055","title":{"rendered":"D\u00e9cada de a\u00e7\u00f5es para a seguran\u00e7a no tr\u00e2nsito"},"content":{"rendered":"<p><img loading=\"lazy\" decoding=\"async\" class=\"alignleft size-full wp-image-35057\" title=\"transito\" src=\"https:\/\/www.redenoticia.com.br\/noticia\/imagens\/transito1.jpg\" alt=\"\" width=\"300\" height=\"193\" srcset=\"https:\/\/www.redenoticia.com.br\/noticia\/imagens\/transito1.jpg 300w, https:\/\/www.redenoticia.com.br\/noticia\/imagens\/transito1-150x96.jpg 150w, https:\/\/www.redenoticia.com.br\/noticia\/imagens\/transito1-250x160.jpg 250w\" sizes=\"auto, (max-width: 300px) 100vw, 300px\" \/>Visando um compromisso dos pa\u00edses membros da ONU (Organiza\u00e7\u00e3o das Na\u00e7\u00f5es  Unidas), entre eles o Brasil, com a diminui\u00e7\u00e3o da viol\u00eancia no tr\u00e2nsito, a  <em><strong>Comiss\u00e3o Global para a Seguran\u00e7a no Tr\u00e2nsito <\/strong><\/em>da ONU lan\u00e7a hoje, dia 11 de maio,  um plano de a\u00e7\u00e3o para a d\u00e9cada 2011\/2020. O plano recomenda aos pa\u00edses membros  medidas imediatas de aten\u00e7\u00e3o e preven\u00e7\u00e3o contra a viol\u00eancia no tr\u00e2nsito que se  revela como a principal causa de morte prematura e de ferimentos incapacitantes  na popula\u00e7\u00e3o de jovens do mundo. No Brasil, segundo dados da Seguradora L\u00edder  DPVAT, seguro que indeniza v\u00edtimas de acidentes de tr\u00e2nsito no pa\u00eds, os \u00faltimos  cinco anos deixaram mais de 290 mil mortos nas estradas brasileiras.<\/p>\n<p>\u201cEssa \u00e9 uma causa muito s\u00e9ria e por isso necessita do apoio de toda a  popula\u00e7\u00e3o e das autoridades de tr\u00e2nsito do pa\u00eds. Quando um avi\u00e3o cai, h\u00e1 uma  grande como\u00e7\u00e3o da sociedade, por\u00e9m nas rodovias brasileiras morrem cerca de 160  pessoas por dia e esse n\u00famero passa despercebido. \u00c9 um avi\u00e3o por dia de mortos  nas estradas brasileiras\u201d, alerta Ricardo Xavier, diretor-presidente da  Seguradora L\u00edder DPVAT.<\/p>\n<p>O desafio lan\u00e7ado pela ONU \u00e9 grande &#8211; reduzir em  50% os \u00edndices de mortalidade. Em todo o mundo, mais de um milh\u00e3o de pessoas  morrem nas ruas e estradas a cada ano. Al\u00e9m dos \u00f3bitos, milhares de pessoas  ficam feridas, a maioria de forma permanente, formando um gigantesco contingente  de incapacitados precoces. No Brasil, os n\u00fameros do DPVAT apontam que nos  \u00faltimos cinco anos foram mais de 485 mil registros de invalidez permanente  devido a acidentes de tr\u00e2nsito.<\/p>\n<p>Como medida de apoio a D\u00e9cada de A\u00e7\u00f5es  Para a Seguran\u00e7a no Tr\u00e2nsito, a Seguradora L\u00edder DPVAT divulgar\u00e1 boletins  trimestrais de pagamentos de indeniza\u00e7\u00f5es realizados a v\u00edtimas de tr\u00e2nsito.  \u201cEsperamos desta maneira alertar a sociedade sobre as estat\u00edsticas cada vez mais  alarmantes de viol\u00eancia no tr\u00e2nsito. Al\u00e9m disso, continuaremos investindo em  campanhas educativas\u201d, afirma Ricardo Xavier.<\/p>\n<p>&nbsp;<\/p>\n","protected":false},"excerpt":{"rendered":"<p>Visando um compromisso dos pa\u00edses membros da ONU (Organiza\u00e7\u00e3o das Na\u00e7\u00f5es Unidas), entre eles o Brasil, com a diminui\u00e7\u00e3o da viol\u00eancia no tr\u00e2nsito, a Comiss\u00e3o Global para a Seguran\u00e7a no Tr\u00e2nsito da ONU lan\u00e7a hoje, dia 11 de maio, um plano de a\u00e7\u00e3o para a d\u00e9cada 2011\/2020. O plano recomenda aos pa\u00edses membros medidas imediatas [&hellip;]<\/p>\n","protected":false},"author":3,"featured_media":35057,"comment_status":"open","ping_status":"open","sticky":false,"template":"","format":"standard","meta":{"_genesis_hide_title":false,"_genesis_hide_breadcrumbs":false,"_genesis_hide_singular_image":false,"_genesis_hide_footer_widgets":false,"_genesis_custom_body_class":"","_genesis_custom_post_class":"","_genesis_layout":"","_jetpack_memberships_contains_paid_content":false,"footnotes":""},"categories":[22],"tags":[],"class_list":{"0":"post-35055","1":"post","2":"type-post","3":"status-publish","4":"format-standard","5":"has-post-thumbnail","7":"category-brasil","8":"entry","9":"gs-1","10":"gs-odd","11":"gs-even","12":"gs-featured-content-entry"},"jetpack_featured_media_url":"https:\/\/www.redenoticia.com.br\/noticia\/imagens\/transito1.jpg","jetpack_sharing_enabled":true,"jetpack_likes_enabled":true,"_links":{"self":[{"href":"https:\/\/www.redenoticia.com.br\/noticia\/wp-json\/wp\/v2\/posts\/35055","targetHints":{"allow":["GET"]}}],"collection":[{"href":"https:\/\/www.redenoticia.com.br\/noticia\/wp-json\/wp\/v2\/posts"}],"about":[{"href":"https:\/\/www.redenoticia.com.br\/noticia\/wp-json\/wp\/v2\/types\/post"}],"author":[{"embeddable":true,"href":"https:\/\/www.redenoticia.com.br\/noticia\/wp-json\/wp\/v2\/users\/3"}],"replies":[{"embeddable":true,"href":"https:\/\/www.redenoticia.com.br\/noticia\/wp-json\/wp\/v2\/comments?post=35055"}],"version-history":[{"count":0,"href":"https:\/\/www.redenoticia.com.br\/noticia\/wp-json\/wp\/v2\/posts\/35055\/revisions"}],"wp:featuredmedia":[{"embeddable":true,"href":"https:\/\/www.redenoticia.com.br\/noticia\/wp-json\/wp\/v2\/media\/35057"}],"wp:attachment":[{"href":"https:\/\/www.redenoticia.com.br\/noticia\/wp-json\/wp\/v2\/media?parent=35055"}],"wp:term":[{"taxonomy":"category","embeddable":true,"href":"https:\/\/www.redenoticia.com.br\/noticia\/wp-json\/wp\/v2\/categories?post=35055"},{"taxonomy":"post_tag","embeddable":true,"href":"https:\/\/www.redenoticia.com.br\/noticia\/wp-json\/wp\/v2\/tags?post=35055"}],"curies":[{"name":"wp","href":"https:\/\/api.w.org\/{rel}","templated":true}]}}