{"id":35052,"date":"2011-05-11T18:45:38","date_gmt":"2011-05-11T22:45:38","guid":{"rendered":"http:\/\/www.redenoticia.com.br\/noticia\/?p=35052"},"modified":"2011-05-11T18:52:54","modified_gmt":"2011-05-11T22:52:54","slug":"ingressos-para-espetaculos-da-virada-cultural-paulista-serao-distribuidos-no-sabado-14","status":"publish","type":"post","link":"https:\/\/www.redenoticia.com.br\/noticia\/2011\/ingressos-para-espetaculos-da-virada-cultural-paulista-serao-distribuidos-no-sabado-14\/35052","title":{"rendered":"Ingressos da Virada Cultural Paulista ser\u00e3o distribu\u00eddos no s\u00e1bado, 14"},"content":{"rendered":"<p><em><strong><img loading=\"lazy\" decoding=\"async\" class=\"alignleft size-full wp-image-27918\" title=\"virada cultural sp\" src=\"https:\/\/www.redenoticia.com.br\/noticia\/imagens\/virada-cultural-sp-2010.jpg\" alt=\"\" width=\"300\" height=\"193\" srcset=\"https:\/\/www.redenoticia.com.br\/noticia\/imagens\/virada-cultural-sp-2010.jpg 300w, https:\/\/www.redenoticia.com.br\/noticia\/imagens\/virada-cultural-sp-2010-250x160.jpg 250w, https:\/\/www.redenoticia.com.br\/noticia\/imagens\/virada-cultural-sp-2010-150x96.jpg 150w\" sizes=\"auto, (max-width: 300px) 100vw, 300px\" \/>Virada Cultural Paulista<\/strong><\/em> &#8211; a Secretaria da Cultura informa que a retirada de<em><strong> ingressos<\/strong><\/em> para espet\u00e1culos em locais fechados, na Virada Cultural Paulista, ser\u00e1 realizada a partir das 9h da manh\u00e3, quando ser\u00e3o distribu\u00eddos 20% dos ingressos. <span style=\"font-size: 13px; font-weight: normal;\">O restante ser\u00e1 distribu\u00eddo uma hora antes de cada apresenta\u00e7\u00e3o. No per\u00edodo da manh\u00e3, cada pessoa pode retirar at\u00e9 dois ingressos para diferentes espet\u00e1culos. Quem optar por retirar o ingresso com uma hora de anteced\u00eancia pode retirar duas entradas somente para aquela atra\u00e7\u00e3o. Vale destacar que os ingressos s\u00e3o v\u00e1lidos at\u00e9 10 minutos antes do espet\u00e1culo.<\/span><\/p>\n<p>Confira a programa\u00e7\u00e3o da Virada no site <a href=\"http:\/\/www.viradaculturalpaulista.sp.gov.br\/\" target=\"_blank\">www.viradaculturalpaulista.sp.gov.br<\/a>.<\/p>\n<p>Hist\u00f3rico<\/p>\n<p>A Virada Cultural Paulista \u00e9 o maior evento cultural do interior e litoral de S\u00e3o Paulo. Inspirada na Virada Cultural da capital, criada na gest\u00e3o de Jos\u00e9 Serra quando prefeito de S\u00e3o Paulo, a Virada Cultural Paulista foi lan\u00e7ada em 2007 em 10 cidades, que receberam 381 atra\u00e7\u00f5es. Em 2008, mais de 740 mil pessoas compareceram \u00e0 Virada em 19 munic\u00edpios e puderam conferir 476 espet\u00e1culos. Na edi\u00e7\u00e3o de 2009, o p\u00fablico presente nas 20 cidades ultrapassou a marca de um milh\u00e3o de pessoas, que conferiram mais de 560 atra\u00e7\u00f5es. Em 2010, a Virada atingiu a marca de 1,6 milh\u00e3o de pessoas. Para 2011, a expectativa \u00e9 atingir o mesmo n\u00famero de p\u00fablico.<\/p>\n<p>Da Secretaria da Cultura<\/p>\n<p>&nbsp;<\/p>\n","protected":false},"excerpt":{"rendered":"<p>Virada Cultural Paulista &#8211; a Secretaria da Cultura informa que a retirada de ingressos para espet\u00e1culos em locais fechados, na Virada Cultural Paulista, ser\u00e1 realizada a partir das 9h da manh\u00e3, quando ser\u00e3o distribu\u00eddos 20% dos ingressos. O restante ser\u00e1 distribu\u00eddo uma hora antes de cada apresenta\u00e7\u00e3o. No per\u00edodo da manh\u00e3, cada pessoa pode retirar [&hellip;]<\/p>\n","protected":false},"author":3,"featured_media":27918,"comment_status":"open","ping_status":"open","sticky":false,"template":"","format":"standard","meta":{"_genesis_hide_title":false,"_genesis_hide_breadcrumbs":false,"_genesis_hide_singular_image":false,"_genesis_hide_footer_widgets":false,"_genesis_custom_body_class":"","_genesis_custom_post_class":"","_genesis_layout":"","_jetpack_memberships_contains_paid_content":false,"footnotes":""},"categories":[22],"tags":[],"class_list":{"0":"post-35052","1":"post","2":"type-post","3":"status-publish","4":"format-standard","5":"has-post-thumbnail","7":"category-brasil","8":"entry","9":"gs-1","10":"gs-odd","11":"gs-even","12":"gs-featured-content-entry"},"jetpack_featured_media_url":"https:\/\/www.redenoticia.com.br\/noticia\/imagens\/virada-cultural-sp-2010.jpg","jetpack_sharing_enabled":true,"jetpack_likes_enabled":true,"_links":{"self":[{"href":"https:\/\/www.redenoticia.com.br\/noticia\/wp-json\/wp\/v2\/posts\/35052","targetHints":{"allow":["GET"]}}],"collection":[{"href":"https:\/\/www.redenoticia.com.br\/noticia\/wp-json\/wp\/v2\/posts"}],"about":[{"href":"https:\/\/www.redenoticia.com.br\/noticia\/wp-json\/wp\/v2\/types\/post"}],"author":[{"embeddable":true,"href":"https:\/\/www.redenoticia.com.br\/noticia\/wp-json\/wp\/v2\/users\/3"}],"replies":[{"embeddable":true,"href":"https:\/\/www.redenoticia.com.br\/noticia\/wp-json\/wp\/v2\/comments?post=35052"}],"version-history":[{"count":0,"href":"https:\/\/www.redenoticia.com.br\/noticia\/wp-json\/wp\/v2\/posts\/35052\/revisions"}],"wp:featuredmedia":[{"embeddable":true,"href":"https:\/\/www.redenoticia.com.br\/noticia\/wp-json\/wp\/v2\/media\/27918"}],"wp:attachment":[{"href":"https:\/\/www.redenoticia.com.br\/noticia\/wp-json\/wp\/v2\/media?parent=35052"}],"wp:term":[{"taxonomy":"category","embeddable":true,"href":"https:\/\/www.redenoticia.com.br\/noticia\/wp-json\/wp\/v2\/categories?post=35052"},{"taxonomy":"post_tag","embeddable":true,"href":"https:\/\/www.redenoticia.com.br\/noticia\/wp-json\/wp\/v2\/tags?post=35052"}],"curies":[{"name":"wp","href":"https:\/\/api.w.org\/{rel}","templated":true}]}}