{"id":34942,"date":"2011-05-04T19:21:46","date_gmt":"2011-05-04T23:21:46","guid":{"rendered":"http:\/\/www.redenoticia.com.br\/noticia\/?p=34942"},"modified":"2011-05-04T19:21:46","modified_gmt":"2011-05-04T23:21:46","slug":"marina-silva-diz-que-proposta-do-codigo-florestal-e-um-retrocesso","status":"publish","type":"post","link":"https:\/\/www.redenoticia.com.br\/noticia\/2011\/marina-silva-diz-que-proposta-do-codigo-florestal-e-um-retrocesso\/34942","title":{"rendered":"Marina Silva diz que proposta do C\u00f3digo Florestal \u00e9 um retrocesso"},"content":{"rendered":"<p><img loading=\"lazy\" decoding=\"async\" class=\"alignleft size-full wp-image-34888\" title=\"Marina Silva Foto ABr Jos\u00e9 Cruz\" src=\"https:\/\/www.redenoticia.com.br\/noticia\/imagens\/Marina-Silva-Foto-ABr-Jos\u00e9-Cruz.jpg\" alt=\"\" width=\"300\" height=\"193\" srcset=\"https:\/\/www.redenoticia.com.br\/noticia\/imagens\/Marina-Silva-Foto-ABr-Jos\u00e9-Cruz.jpg 300w, https:\/\/www.redenoticia.com.br\/noticia\/imagens\/Marina-Silva-Foto-ABr-Jos\u00e9-Cruz-150x96.jpg 150w, https:\/\/www.redenoticia.com.br\/noticia\/imagens\/Marina-Silva-Foto-ABr-Jos\u00e9-Cruz-250x160.jpg 250w\" sizes=\"auto, (max-width: 300px) 100vw, 300px\" \/>Bras\u00edlia &#8211; A ex-ministra do Meio Ambiente, <em><strong>Marina Silva<\/strong><\/em>, voltou a criticar o relat\u00f3rio do deputado <em><strong>Aldo Rebelo<\/strong><\/em> (PCdoB-SP) sobre o <em><strong>C\u00f3digo Florestal<\/strong><\/em> Brasileiro. \u201cLamentavelmente, a proposta que est\u00e1 a\u00ed n\u00e3o \u00e9 aquela que coloca o Brasil na agenda do s\u00e9culo 21. \u00c9 a agenda que continua olhando para traz, antes da Constitui\u00e7\u00e3o de 1988\u201d.<\/p>\n<p>Segundo Marina, dizer que as atividades agr\u00edcolas podem ser consideradas de interesse social e que por isso n\u00e3o precisam respeitar a reserva legal, nem as \u00e1reas de preserva\u00e7\u00e3o permanente, \u00e9 um retrocesso.<\/p>\n<p>\u201cLamentavelmente, n\u00f3s estamos olhando para traz, para o retrocesso, n\u00e3o para o futuro. N\u00e3o para a sociedade que aponta ganho do encontro entre economia e ecologia de uma agricultura, que cria uma nova narrativa para se combinar a preserva\u00e7\u00e3o das nossas bases naturais de desenvolvimento e aumento de produ\u00e7\u00e3o por ganho de produtividade e n\u00e3o por flexibiliza\u00e7\u00e3o na legisla\u00e7\u00e3o ambiental\u201d.<\/p>\n<p>Para Marina, o sensato \u00e9 n\u00e3o votar hoje o C\u00f3digo Florestal at\u00e9 mesmo porque o texto apresentado cont\u00e9m v\u00e1rias \u201cpegadinhas\u201d e precisa ser amplamente analisado e discutido com a sociedade. Ela denunciou que s\u00f3 a perspectiva de aprova\u00e7\u00e3o do texto j\u00e1 levou ao aumento do desmatamento no Mato Grosso, no sul do Amazonas e em Rond\u00f4nia.<\/p>\n<p>Iolando Louren\u00e7o<\/p>\n<p>Rep\u00f3rter da Ag\u00eancia Brasil<\/p>\n<p>Edi\u00e7\u00e3o: Rivadavia Severo<\/p>\n","protected":false},"excerpt":{"rendered":"<p>Bras\u00edlia &#8211; A ex-ministra do Meio Ambiente, Marina Silva, voltou a criticar o relat\u00f3rio do deputado Aldo Rebelo (PCdoB-SP) sobre o C\u00f3digo Florestal Brasileiro. \u201cLamentavelmente, a proposta que est\u00e1 a\u00ed n\u00e3o \u00e9 aquela que coloca o Brasil na agenda do s\u00e9culo 21. \u00c9 a agenda que continua olhando para traz, antes da Constitui\u00e7\u00e3o de 1988\u201d. [&hellip;]<\/p>\n","protected":false},"author":3,"featured_media":34888,"comment_status":"open","ping_status":"open","sticky":false,"template":"","format":"standard","meta":{"_genesis_hide_title":false,"_genesis_hide_breadcrumbs":false,"_genesis_hide_singular_image":false,"_genesis_hide_footer_widgets":false,"_genesis_custom_body_class":"","_genesis_custom_post_class":"","_genesis_layout":"","_jetpack_memberships_contains_paid_content":false,"footnotes":""},"categories":[22,7],"tags":[],"class_list":{"0":"post-34942","1":"post","2":"type-post","3":"status-publish","4":"format-standard","5":"has-post-thumbnail","7":"category-brasil","8":"category-economia","9":"entry","10":"gs-1","11":"gs-odd","12":"gs-even","13":"gs-featured-content-entry"},"jetpack_featured_media_url":"https:\/\/www.redenoticia.com.br\/noticia\/imagens\/Marina-Silva-Foto-ABr-Jos\u00e9-Cruz.jpg","jetpack_sharing_enabled":true,"jetpack_likes_enabled":true,"_links":{"self":[{"href":"https:\/\/www.redenoticia.com.br\/noticia\/wp-json\/wp\/v2\/posts\/34942","targetHints":{"allow":["GET"]}}],"collection":[{"href":"https:\/\/www.redenoticia.com.br\/noticia\/wp-json\/wp\/v2\/posts"}],"about":[{"href":"https:\/\/www.redenoticia.com.br\/noticia\/wp-json\/wp\/v2\/types\/post"}],"author":[{"embeddable":true,"href":"https:\/\/www.redenoticia.com.br\/noticia\/wp-json\/wp\/v2\/users\/3"}],"replies":[{"embeddable":true,"href":"https:\/\/www.redenoticia.com.br\/noticia\/wp-json\/wp\/v2\/comments?post=34942"}],"version-history":[{"count":0,"href":"https:\/\/www.redenoticia.com.br\/noticia\/wp-json\/wp\/v2\/posts\/34942\/revisions"}],"wp:featuredmedia":[{"embeddable":true,"href":"https:\/\/www.redenoticia.com.br\/noticia\/wp-json\/wp\/v2\/media\/34888"}],"wp:attachment":[{"href":"https:\/\/www.redenoticia.com.br\/noticia\/wp-json\/wp\/v2\/media?parent=34942"}],"wp:term":[{"taxonomy":"category","embeddable":true,"href":"https:\/\/www.redenoticia.com.br\/noticia\/wp-json\/wp\/v2\/categories?post=34942"},{"taxonomy":"post_tag","embeddable":true,"href":"https:\/\/www.redenoticia.com.br\/noticia\/wp-json\/wp\/v2\/tags?post=34942"}],"curies":[{"name":"wp","href":"https:\/\/api.w.org\/{rel}","templated":true}]}}