{"id":34884,"date":"2011-05-01T19:20:08","date_gmt":"2011-05-01T23:20:08","guid":{"rendered":"http:\/\/www.redenoticia.com.br\/noticia\/?p=34884"},"modified":"2011-05-01T19:21:03","modified_gmt":"2011-05-01T23:21:03","slug":"investigadores-encontram-memoria-da-caixa-preta-do-aviao-da-air-france","status":"publish","type":"post","link":"https:\/\/www.redenoticia.com.br\/noticia\/2011\/investigadores-encontram-memoria-da-caixa-preta-do-aviao-da-air-france\/34884","title":{"rendered":"Investigadores encontram mem\u00f3ria de caixa-preta do avi\u00e3o da Air France"},"content":{"rendered":"<p><img loading=\"lazy\" decoding=\"async\" class=\"alignleft size-full wp-image-34396\" title=\"voo 447 air france\" src=\"https:\/\/www.redenoticia.com.br\/noticia\/imagens\/voo-447-air-france.jpg\" alt=\"\" width=\"300\" height=\"193\" srcset=\"https:\/\/www.redenoticia.com.br\/noticia\/imagens\/voo-447-air-france.jpg 300w, https:\/\/www.redenoticia.com.br\/noticia\/imagens\/voo-447-air-france-250x160.jpg 250w, https:\/\/www.redenoticia.com.br\/noticia\/imagens\/voo-447-air-france-150x96.jpg 150w\" sizes=\"auto, (max-width: 300px) 100vw, 300px\" \/>Investigadores franceses localizaram neste domingo (1\u00ba) o m\u00f3dulo de mem\u00f3ria de uma das duas caixas-pretas do<em><strong> voo 447 da Air France<\/strong><\/em>, que caiu no Atl\u00e2ntico em 2009, informou o Escrit\u00f3rio de Investiga\u00e7\u00f5es e An\u00e1lises (BEA, na sigla em franc\u00eas), que apura as causas do acidente.<\/p>\n<p>A unidade de mem\u00f3ria dessa caixa-preta, chamada Flight Data Recorder (gravador de dados do voo ou FDR, na sigla em ingl\u00eas), cont\u00e9m os par\u00e2metros t\u00e9cnicos do voo, como a altitude, a velocidade e a trajet\u00f3ria do avi\u00e3o.<br \/>\nEssas informa\u00e7\u00f5es s\u00e3o consideradas essenciais para descobrir as causas do acidente que matou 228 pessoas. O Airbus da Air France, que fazia a rota Rio-Paris, caiu no Atl\u00e2ntico em 31 de maio de 2009.<\/p>\n<p>O m\u00f3dulo de mem\u00f3ria da caixa-preta foi encontrado durante a quinta fase de buscas do equipamento, iniciada na \u00faltima ter\u00e7a-feira (26). Na quarta-feira (27), o BEA havia localizado, na primeira opera\u00e7\u00e3o de mergulho do rob\u00f4 Remora 6000, somente o chassi dessa caixa-preta, sem a unidade que armazena os dados.<\/p>\n<p>Segundo um comunicado do \u00f3rg\u00e3o, o m\u00f3dulo de mem\u00f3ria da caixa-preta foi localizado \u00e0s 7h deste domingo. O equipamento foi i\u00e7ado pelo rob\u00f4 Remora 6000 a bordo do navio Ile de Sein \u00e0s 13h40.<\/p>\n<p>As buscas continuam para tentar localizar a outra caixa-preta do avi\u00e3o, chamada Voice Data Recorder, que grava as conversas dos pilotos na cabine. Mas a caixa-preta que cont\u00e9m os dados t\u00e9cnicos do voo, j\u00e1 encontrada, \u00e9 considerada a mais importante nas investiga\u00e7\u00f5es sobre o acidente.<\/p>\n<p>Os investigadores do BEA n\u00e3o sabem ainda, no entanto, se conseguir\u00e3o extrair e analisar os dados das caixas-pretas, j\u00e1 que elas ficaram quase dois anos submersas a cerca de 4 quil\u00f4metros de profundidade.<\/p>\n<p>Alain Bouillard, chefe das investiga\u00e7\u00f5es do acidente, havia declarado recentemente que \u201cser\u00e3o necess\u00e1rios v\u00e1rios dias de preparativos para ler o conte\u00fado das caixas-pretas e talvez v\u00e1rias semanas, se estiverem danificadas\u201d.<\/p>\n<p>No comunicado, o BEA n\u00e3o se pronunciou sobre o estado de conserva\u00e7\u00e3o do m\u00f3dulo de mem\u00f3ria encontrado neste domingo. Na sexta-feira, o \u00f3rg\u00e3o havia informado que \u201cas partes traseira e dianteira do avi\u00e3o est\u00e3o dispersas e seus elementos misturados\u201d e que, por esse motivo, as buscas levam tempo.<\/p>\n<p>As opera\u00e7\u00f5es est\u00e3o sendo realizadas a 3,9 mil metros de profundidade, a cerca de 1,1 mil metros de dist\u00e2ncia da costa brasileira. A fuselagem do Airbus havia sido localizada no in\u00edcio de abril, a apenas cerca de dez quil\u00f4metros ao norte da \u00faltima posi\u00e7\u00e3o do avi\u00e3o conhecida nos radares.<\/p>\n<p>A caixa-preta com os dados do voo (e, se for localizada, tamb\u00e9m a que cont\u00e9m as conversas dos pilotos) ser\u00e3o levadas \u00e0 Fran\u00e7a por uma fragata da marinha francesa. O equipamento ser\u00e1 analisado na sede do BEA, nos arredores de Paris.<\/p>\n<p>Da BBC Brasil<\/p>\n<p>Agencia Brasil<\/p>\n<p>&nbsp;<\/p>\n","protected":false},"excerpt":{"rendered":"<p>Investigadores franceses localizaram neste domingo (1\u00ba) o m\u00f3dulo de mem\u00f3ria de uma das duas caixas-pretas do voo 447 da Air France, que caiu no Atl\u00e2ntico em 2009, informou o Escrit\u00f3rio de Investiga\u00e7\u00f5es e An\u00e1lises (BEA, na sigla em franc\u00eas), que apura as causas do acidente. A unidade de mem\u00f3ria dessa caixa-preta, chamada Flight Data Recorder [&hellip;]<\/p>\n","protected":false},"author":3,"featured_media":34396,"comment_status":"open","ping_status":"open","sticky":false,"template":"","format":"standard","meta":{"_genesis_hide_title":false,"_genesis_hide_breadcrumbs":false,"_genesis_hide_singular_image":false,"_genesis_hide_footer_widgets":false,"_genesis_custom_body_class":"","_genesis_custom_post_class":"","_genesis_layout":"","_jetpack_memberships_contains_paid_content":false,"footnotes":""},"categories":[22],"tags":[],"class_list":{"0":"post-34884","1":"post","2":"type-post","3":"status-publish","4":"format-standard","5":"has-post-thumbnail","7":"category-brasil","8":"entry","9":"gs-1","10":"gs-odd","11":"gs-even","12":"gs-featured-content-entry"},"jetpack_featured_media_url":"https:\/\/www.redenoticia.com.br\/noticia\/imagens\/voo-447-air-france.jpg","jetpack_sharing_enabled":true,"jetpack_likes_enabled":true,"_links":{"self":[{"href":"https:\/\/www.redenoticia.com.br\/noticia\/wp-json\/wp\/v2\/posts\/34884","targetHints":{"allow":["GET"]}}],"collection":[{"href":"https:\/\/www.redenoticia.com.br\/noticia\/wp-json\/wp\/v2\/posts"}],"about":[{"href":"https:\/\/www.redenoticia.com.br\/noticia\/wp-json\/wp\/v2\/types\/post"}],"author":[{"embeddable":true,"href":"https:\/\/www.redenoticia.com.br\/noticia\/wp-json\/wp\/v2\/users\/3"}],"replies":[{"embeddable":true,"href":"https:\/\/www.redenoticia.com.br\/noticia\/wp-json\/wp\/v2\/comments?post=34884"}],"version-history":[{"count":0,"href":"https:\/\/www.redenoticia.com.br\/noticia\/wp-json\/wp\/v2\/posts\/34884\/revisions"}],"wp:featuredmedia":[{"embeddable":true,"href":"https:\/\/www.redenoticia.com.br\/noticia\/wp-json\/wp\/v2\/media\/34396"}],"wp:attachment":[{"href":"https:\/\/www.redenoticia.com.br\/noticia\/wp-json\/wp\/v2\/media?parent=34884"}],"wp:term":[{"taxonomy":"category","embeddable":true,"href":"https:\/\/www.redenoticia.com.br\/noticia\/wp-json\/wp\/v2\/categories?post=34884"},{"taxonomy":"post_tag","embeddable":true,"href":"https:\/\/www.redenoticia.com.br\/noticia\/wp-json\/wp\/v2\/tags?post=34884"}],"curies":[{"name":"wp","href":"https:\/\/api.w.org\/{rel}","templated":true}]}}