{"id":34809,"date":"2011-04-27T13:09:36","date_gmt":"2011-04-27T17:09:36","guid":{"rendered":"http:\/\/www.redenoticia.com.br\/noticia\/?p=34809"},"modified":"2011-04-27T13:09:37","modified_gmt":"2011-04-27T17:09:37","slug":"irpf-receita-federal-espera-mais-7-milhoes-de-declaracoes","status":"publish","type":"post","link":"https:\/\/www.redenoticia.com.br\/noticia\/2011\/irpf-receita-federal-espera-mais-7-milhoes-de-declaracoes\/34809","title":{"rendered":"IRPF &#8211; Receita Federal espera mais 7 milh\u00f5es de declara\u00e7\u00f5es"},"content":{"rendered":"<p><em><strong><img loading=\"lazy\" decoding=\"async\" class=\"alignleft size-full wp-image-34385\" title=\"IRPF 2011\" src=\"https:\/\/www.redenoticia.com.br\/noticia\/imagens\/IRPF-2011.jpg\" alt=\"\" width=\"300\" height=\"193\" srcset=\"https:\/\/www.redenoticia.com.br\/noticia\/imagens\/IRPF-2011.jpg 300w, https:\/\/www.redenoticia.com.br\/noticia\/imagens\/IRPF-2011-250x160.jpg 250w, https:\/\/www.redenoticia.com.br\/noticia\/imagens\/IRPF-2011-150x96.jpg 150w\" sizes=\"auto, (max-width: 300px) 100vw, 300px\" \/>IRPF <\/strong><\/em>&#8211; A <em><strong>Receita Federal <\/strong><\/em>do Brasil recebeu, aproximadamente, 17 milh\u00f5es de declara\u00e7\u00f5es do Imposto de Renda Pessoa F\u00edsica 2011 at\u00e9 as 12h45 de hoje (27). O n\u00famero representa 70,83% do total de declara\u00e7\u00f5es estimadas para este ano &#8211; 24 milh\u00f5es.<\/p>\n<p>O supervisor nacional do Imposto de Renda, Joaquim Adir, tem pedido aos contribuintes que n\u00e3o deixem para fazer o download do programa de computador que gera a Declara\u00e7\u00e3o do Imposto de Renda nas \u00faltimas horas antes do fim do prazo de entrega. Depois, \u00e9 preciso utilizar outro aplicativo (Receitanet) para transmitir a declara\u00e7\u00e3o.<\/p>\n<p>\u201cO programa este ano \u00e9 um pouquinho maior. O conselho \u00e9 que o contribuinte baixe logo porque ele pode encontrar dificuldade na hora do download\u201d, disse. Adir tamb\u00e9m recomenda que o contribuinte conhe\u00e7a melhor o programa depois de instal\u00e1-lo. Segundo ele, com anteced\u00eancia ser\u00e1 mais f\u00e1cil identificar se h\u00e1 a necessidade de documentos complementares para o preenchimento.<\/p>\n<p>\u201cAs d\u00favidas surgem justamente na hora do preenchimento da declara\u00e7\u00e3o. Como estamos nas \u00faltimas horas, se ele n\u00e3o tiver os documentos e n\u00e3o conseguir enviar as informa\u00e7\u00f5es, ficar\u00e1 penalizado\u201d, disse. Quem n\u00e3o declarar dentro do prazo pagar\u00e1 multa m\u00ednima de R$ 165,74 e m\u00e1xima de 20% do imposto devido.<\/p>\n<p>Joaquim Adir garante que a Receita Federal est\u00e1 preparada para receber os 7 milh\u00f5es de declara\u00e7\u00f5es que ainda precisam ser entregues. Ele, no entanto, lembra que, se todos deixarem para enviar na \u00faltima hora, \u00e9 poss\u00edvel haver algum tipo de dificuldade no processo.<\/p>\n<p>O prazo de entrega termina sexta-feira (29). A Receita lembra que o envio pela internet poder\u00e1 ser feito at\u00e9 as 23h59min59s, hor\u00e1rio de Bras\u00edlia. Os contribuintes que optarem pela entrega em disquete devem estar atentos ao hor\u00e1rio de funcionamento das ag\u00eancias do Banco do Brasil e da Caixa Econ\u00f4mica Federal.<\/p>\n<p>Daniel Lima<\/p>\n<p>Rep\u00f3rter da Ag\u00eancia Brasil<\/p>\n<p>Edi\u00e7\u00e3o: Juliana Andrade<\/p>\n","protected":false},"excerpt":{"rendered":"<p>IRPF &#8211; A Receita Federal do Brasil recebeu, aproximadamente, 17 milh\u00f5es de declara\u00e7\u00f5es do Imposto de Renda Pessoa F\u00edsica 2011 at\u00e9 as 12h45 de hoje (27). O n\u00famero representa 70,83% do total de declara\u00e7\u00f5es estimadas para este ano &#8211; 24 milh\u00f5es. O supervisor nacional do Imposto de Renda, Joaquim Adir, tem pedido aos contribuintes que [&hellip;]<\/p>\n","protected":false},"author":3,"featured_media":34385,"comment_status":"open","ping_status":"open","sticky":false,"template":"","format":"standard","meta":{"_genesis_hide_title":false,"_genesis_hide_breadcrumbs":false,"_genesis_hide_singular_image":false,"_genesis_hide_footer_widgets":false,"_genesis_custom_body_class":"","_genesis_custom_post_class":"","_genesis_layout":"","_jetpack_memberships_contains_paid_content":false,"footnotes":""},"categories":[22,7],"tags":[],"class_list":{"0":"post-34809","1":"post","2":"type-post","3":"status-publish","4":"format-standard","5":"has-post-thumbnail","7":"category-brasil","8":"category-economia","9":"entry","10":"gs-1","11":"gs-odd","12":"gs-even","13":"gs-featured-content-entry"},"jetpack_featured_media_url":"https:\/\/www.redenoticia.com.br\/noticia\/imagens\/IRPF-2011.jpg","jetpack_sharing_enabled":true,"jetpack_likes_enabled":true,"_links":{"self":[{"href":"https:\/\/www.redenoticia.com.br\/noticia\/wp-json\/wp\/v2\/posts\/34809","targetHints":{"allow":["GET"]}}],"collection":[{"href":"https:\/\/www.redenoticia.com.br\/noticia\/wp-json\/wp\/v2\/posts"}],"about":[{"href":"https:\/\/www.redenoticia.com.br\/noticia\/wp-json\/wp\/v2\/types\/post"}],"author":[{"embeddable":true,"href":"https:\/\/www.redenoticia.com.br\/noticia\/wp-json\/wp\/v2\/users\/3"}],"replies":[{"embeddable":true,"href":"https:\/\/www.redenoticia.com.br\/noticia\/wp-json\/wp\/v2\/comments?post=34809"}],"version-history":[{"count":0,"href":"https:\/\/www.redenoticia.com.br\/noticia\/wp-json\/wp\/v2\/posts\/34809\/revisions"}],"wp:featuredmedia":[{"embeddable":true,"href":"https:\/\/www.redenoticia.com.br\/noticia\/wp-json\/wp\/v2\/media\/34385"}],"wp:attachment":[{"href":"https:\/\/www.redenoticia.com.br\/noticia\/wp-json\/wp\/v2\/media?parent=34809"}],"wp:term":[{"taxonomy":"category","embeddable":true,"href":"https:\/\/www.redenoticia.com.br\/noticia\/wp-json\/wp\/v2\/categories?post=34809"},{"taxonomy":"post_tag","embeddable":true,"href":"https:\/\/www.redenoticia.com.br\/noticia\/wp-json\/wp\/v2\/tags?post=34809"}],"curies":[{"name":"wp","href":"https:\/\/api.w.org\/{rel}","templated":true}]}}