{"id":34746,"date":"2011-04-24T22:51:55","date_gmt":"2011-04-25T02:51:55","guid":{"rendered":"http:\/\/www.redenoticia.com.br\/noticia\/?p=34746"},"modified":"2011-04-24T22:51:55","modified_gmt":"2011-04-25T02:51:55","slug":"vacinacao-contra-a-gripe-em-sp-comeca-nesta-segunda-25","status":"publish","type":"post","link":"https:\/\/www.redenoticia.com.br\/noticia\/2011\/vacinacao-contra-a-gripe-em-sp-comeca-nesta-segunda-25\/34746","title":{"rendered":"Vacina\u00e7\u00e3o contra a gripe em SP come\u00e7a nesta segunda (25)"},"content":{"rendered":"<p><img loading=\"lazy\" decoding=\"async\" class=\"alignleft size-full wp-image-34747\" title=\"vacina\" src=\"https:\/\/www.redenoticia.com.br\/noticia\/imagens\/vacina1.jpg\" alt=\"\" width=\"300\" height=\"193\" srcset=\"https:\/\/www.redenoticia.com.br\/noticia\/imagens\/vacina1.jpg 300w, https:\/\/www.redenoticia.com.br\/noticia\/imagens\/vacina1-250x160.jpg 250w, https:\/\/www.redenoticia.com.br\/noticia\/imagens\/vacina1-150x96.jpg 150w\" sizes=\"auto, (max-width: 300px) 100vw, 300px\" \/>O Governo do Estado de SP, por meio da Secretaria da Sa\u00fade, quer <em><strong>vacinar<\/strong><\/em> 5,5 milh\u00f5es de paulistas contra a <em><strong>gripe<\/strong><\/em> na campanha que come\u00e7a nesta segunda-feira, 25 de abril. O n\u00famero corresponde \u00e0 meta de 80% dos 6,8 milh\u00f5es de idosos com 60 anos ou mais, gestantes, crian\u00e7as a partir de seis meses e menores de dois anos, ind\u00edgenas e profissionais de sa\u00fade do Estado. Pela primeira vez, parte das vacinas foi produzida integralmente no pa\u00eds, pelo Instituto Butantan, \u00f3rg\u00e3o da Secretaria.<\/p>\n<p>As doses da campanha sazonal tamb\u00e9m ir\u00e3o imunizar imunizar\u00e3o a popula\u00e7\u00e3o tamb\u00e9m contra a gripe A H1N1, tipo que se disseminou pelo mundo na pandemia de 2009. Em 2010 tamb\u00e9m foi realizada campanha contra a nova gripe, mas ela aconteceu em \u00e9poca diferente \u00e0 da sazonal.<\/p>\n<p>Neste ano, al\u00e9m dos idosos, que j\u00e1 s\u00e3o imunizados desde 1999, foram inclu\u00eddos no programa as gestantes, crian\u00e7as entre seis meses e dois anos e os ind\u00edgenas, que somam cerca de 1,5 milh\u00e3o de pessoas a mais que nas campanhas anteriores. Al\u00e9m deles, mant\u00e9m-se a vacina\u00e7\u00e3o em profissionais de sa\u00fade, seguindo o preconizado pelo Minist\u00e9rio da Sa\u00fade.<\/p>\n<p>&#8220;\u00c9 muito importante que a parcela da popula\u00e7\u00e3o inclu\u00edda na campanha compare\u00e7a aos postos de sa\u00fade para proteger-se contra o v\u00edrus Influenza. A vacina de maneira nenhuma causa gripe e \u00e9 fundamental para evitar complica\u00e7\u00f5es respirat\u00f3rias decorrentes da gripe, como pneumonias&#8221;, afirma Helena Sato, diretora de Imuniza\u00e7\u00e3o da Secretaria.<\/p>\n<p>A campanha vai at\u00e9 o dia 13 de maio, de segunda a sexta-feira. No dia 30 de abril, um s\u00e1bado, as salas de vacina dos postos de sa\u00fade de todo o Estado tamb\u00e9m estar\u00e3o abertos das 8h \u00e0s 17h para imunizar a popula\u00e7\u00e3o.<\/p>\n<p><a href=\"http:\/\/www.saopaulo.sp.gov.br\/usr\/share\/documents\/253.pdf\" target=\"_blank\">Confira Meta de vacina\u00e7\u00e3o por regi\u00e3o do Estado<\/a>.<\/p>\n<p>Da Secretaria da Sa\u00fade<\/p>\n<p>&nbsp;<\/p>\n","protected":false},"excerpt":{"rendered":"<p>O Governo do Estado de SP, por meio da Secretaria da Sa\u00fade, quer vacinar 5,5 milh\u00f5es de paulistas contra a gripe na campanha que come\u00e7a nesta segunda-feira, 25 de abril. O n\u00famero corresponde \u00e0 meta de 80% dos 6,8 milh\u00f5es de idosos com 60 anos ou mais, gestantes, crian\u00e7as a partir de seis meses e [&hellip;]<\/p>\n","protected":false},"author":3,"featured_media":34747,"comment_status":"open","ping_status":"open","sticky":false,"template":"","format":"standard","meta":{"_genesis_hide_title":false,"_genesis_hide_breadcrumbs":false,"_genesis_hide_singular_image":false,"_genesis_hide_footer_widgets":false,"_genesis_custom_body_class":"","_genesis_custom_post_class":"","_genesis_layout":"","_jetpack_memberships_contains_paid_content":false,"footnotes":""},"categories":[22,5],"tags":[],"class_list":{"0":"post-34746","1":"post","2":"type-post","3":"status-publish","4":"format-standard","5":"has-post-thumbnail","7":"category-brasil","8":"category-saude-e-vida","9":"entry","10":"gs-1","11":"gs-odd","12":"gs-even","13":"gs-featured-content-entry"},"jetpack_featured_media_url":"https:\/\/www.redenoticia.com.br\/noticia\/imagens\/vacina1.jpg","jetpack_sharing_enabled":true,"jetpack_likes_enabled":true,"_links":{"self":[{"href":"https:\/\/www.redenoticia.com.br\/noticia\/wp-json\/wp\/v2\/posts\/34746","targetHints":{"allow":["GET"]}}],"collection":[{"href":"https:\/\/www.redenoticia.com.br\/noticia\/wp-json\/wp\/v2\/posts"}],"about":[{"href":"https:\/\/www.redenoticia.com.br\/noticia\/wp-json\/wp\/v2\/types\/post"}],"author":[{"embeddable":true,"href":"https:\/\/www.redenoticia.com.br\/noticia\/wp-json\/wp\/v2\/users\/3"}],"replies":[{"embeddable":true,"href":"https:\/\/www.redenoticia.com.br\/noticia\/wp-json\/wp\/v2\/comments?post=34746"}],"version-history":[{"count":0,"href":"https:\/\/www.redenoticia.com.br\/noticia\/wp-json\/wp\/v2\/posts\/34746\/revisions"}],"wp:featuredmedia":[{"embeddable":true,"href":"https:\/\/www.redenoticia.com.br\/noticia\/wp-json\/wp\/v2\/media\/34747"}],"wp:attachment":[{"href":"https:\/\/www.redenoticia.com.br\/noticia\/wp-json\/wp\/v2\/media?parent=34746"}],"wp:term":[{"taxonomy":"category","embeddable":true,"href":"https:\/\/www.redenoticia.com.br\/noticia\/wp-json\/wp\/v2\/categories?post=34746"},{"taxonomy":"post_tag","embeddable":true,"href":"https:\/\/www.redenoticia.com.br\/noticia\/wp-json\/wp\/v2\/tags?post=34746"}],"curies":[{"name":"wp","href":"https:\/\/api.w.org\/{rel}","templated":true}]}}