{"id":34703,"date":"2011-04-19T21:56:24","date_gmt":"2011-04-20T01:56:24","guid":{"rendered":"http:\/\/www.redenoticia.com.br\/noticia\/?p=34703"},"modified":"2011-04-19T21:56:24","modified_gmt":"2011-04-20T01:56:24","slug":"facebook-lanca-nova-suite-de-ferramentas-de-seguranca","status":"publish","type":"post","link":"https:\/\/www.redenoticia.com.br\/noticia\/2011\/facebook-lanca-nova-suite-de-ferramentas-de-seguranca\/34703","title":{"rendered":"Facebook lan\u00e7a nova su\u00edte de ferramentas de seguran\u00e7a"},"content":{"rendered":"<p>o Facebook sofisticou seus recursos de seguran\u00e7a com o objetivo de continuar garantindo que seus usu\u00e1rios estejam protegidos nesse ambiente online. Entre os canais, o Centro de Seguran\u00e7a da Fam\u00edlia \u2018Safety Family Center\u2019, com artigos e v\u00eddeos sobre privacidade; a ferramenta de Relato Social \u2018Social Reporting\u2019 para den\u00fancias de toda a natureza. O lan\u00e7amento da Autentica\u00e7\u00e3o de Dois Fatores, por sua vez, reporta acessos \u00e0 conta do usu\u00e1rio, permitindo o maior controle sobre seu conte\u00fado.<\/p>\n<p>Dividimos com voc\u00ea um texto de autoria de Arturo Bejar, diretor de Engenharia do Facebook, com detalhes do an\u00fancio da rede social.<br \/>\nUma Nova Su\u00edte de Ferramentas de Seguran\u00e7a<\/p>\n<p>A seguran\u00e7a sempre foi uma experi\u00eancia social: seja no papel de amigo ou de membro de nossa fam\u00edlia, cuidamos uns dos outros e damos conselhos para garantir que todos estejam seguros. A seguran\u00e7a no Facebook funciona dessa mesma maneira. Ao trocarem informa\u00e7\u00f5es, as pessoas fazem do Facebook um ambiente mais seguro. Hoje, estamos facilitando ainda mais a op\u00e7\u00e3o de os usu\u00e1rios manterem-se seguros com o lan\u00e7amento de novos recursos de seguran\u00e7a, ferramentas para relato de problemas e recursos adicionais de seguran\u00e7a.<\/p>\n<p>Mais Recursos para a Fam\u00edlia<\/p>\n<p>Durante a Confer\u00eancia do Presidente Obama na Casa Branca sobre Preven\u00e7\u00e3o de Bullying realizada no m\u00eas passado, divulgamos planos de ampliar nossos recursos atuais de seguran\u00e7a com novos conte\u00fados para a fam\u00edlia. A partir de hoje, voc\u00ea pode visitar o Centro de Seguran\u00e7a da Fam\u00edlia, que est\u00e1 com uma nova diagrama\u00e7\u00e3o. L\u00e1, voc\u00ea encontrar\u00e1 artigos \u00fateis para pais e adolescentes e v\u00eddeos sobre seguran\u00e7a e privacidade, entre muitos outros recursos. Nas pr\u00f3ximas semanas, disponibilizaremos tamb\u00e9m um guia para professores, que poder\u00e1 ser baixado gratuitamente, elaborado por Linda Fogg Phillips, B.J. Fogg e Derek Baird, todos especialistas em seguran\u00e7a. Esperamos que esse guia ajude os educadores a abordarem a m\u00eddia social na sala de aula.<\/p>\n<p>Ferramentas de relato social<\/p>\n<p>Tamb\u00e9m lan\u00e7amos recentemente uma ferramenta de relato social que permite que as pessoas avisem, al\u00e9m do Facebook, membros de sua comunidade sobre algo que eles viram e n\u00e3o gostaram. Segundo especialistas em seguran\u00e7a e psic\u00f3logos, os problemas que vemos no mundo virtual s\u00e3o, frequentemente, um reflexo do que acontece no mundo real. Ao estimularmos as pessoas a buscarem a ajuda de amigos, esperamos que muitas dessas situa\u00e7\u00f5es possam ser resolvidas pessoalmente. O impacto tem sido estimulante, raz\u00e3o pela qual estamos ampliando a ferramenta de relato social para outras sess\u00f5es importantes do Facebook, entre as quais, Perfil, P\u00e1ginas e Grupos.<\/p>\n<p>Recursos de Seguran\u00e7a Avan\u00e7ados<\/p>\n<p>Tamb\u00e9m estamos come\u00e7ando a lan\u00e7ar a Autentica\u00e7\u00e3o de Dois Fatores, um novo recurso que ajuda a evitar acesso n\u00e3o autorizado \u00e0 sua conta. Quando esse novo recurso \u00e9 ativado, pedimos ao usu\u00e1rio que digite um c\u00f3digo todas as vezes que ele tenta acessar o Facebook a partir de um novo dispositivo. A seguran\u00e7a adicional ajuda a confirmar que \u00e9 voc\u00ea realmente que est\u00e1 tentando acessar sua conta.<\/p>\n<p>No in\u00edcio deste ano, anunciamos que as pessoas poderiam aproveitar ainda mais o Facebook por meio de uma conex\u00e3o segura que utiliza HTTPS. Esse recurso ajuda a proteger suas informa\u00e7\u00f5es pessoais e \u00e9 particularmente \u00fatil quando voc\u00ea n\u00e3o tem certeza se a rede \u00e9 realmente segura, ou quando est\u00e1 utilizando uma rede p\u00fablica wifi para acessar o Facebook. Hoje, estamos aperfei\u00e7oando a conex\u00e3o HTTPS: ao utilizar um aplicativo que n\u00e3o seja HTTPS, assim que finaliza uma sess\u00e3o, sua conex\u00e3o \u00e9 automaticamente trocada para HTTPS.<\/p>\n<p>Acreditamos que as solu\u00e7\u00f5es sociais para seguran\u00e7a ir\u00e3o se tornar cada vez mais importantes quando se utiliza a web. Ferramentas como a de relato social ajudar\u00e3o a fortalecer ainda mais nossa comunidade.<\/p>\n","protected":false},"excerpt":{"rendered":"<p>o Facebook sofisticou seus recursos de seguran\u00e7a com o objetivo de continuar garantindo que seus usu\u00e1rios estejam protegidos nesse ambiente online. Entre os canais, o Centro de Seguran\u00e7a da Fam\u00edlia \u2018Safety Family Center\u2019, com artigos e v\u00eddeos sobre privacidade; a ferramenta de Relato Social \u2018Social Reporting\u2019 para den\u00fancias de toda a natureza. O lan\u00e7amento da [&hellip;]<\/p>\n","protected":false},"author":3,"featured_media":0,"comment_status":"open","ping_status":"open","sticky":false,"template":"","format":"standard","meta":{"_genesis_hide_title":false,"_genesis_hide_breadcrumbs":false,"_genesis_hide_singular_image":false,"_genesis_hide_footer_widgets":false,"_genesis_custom_body_class":"","_genesis_custom_post_class":"","_genesis_layout":"","_jetpack_memberships_contains_paid_content":false,"footnotes":""},"categories":[22],"tags":[],"class_list":{"0":"post-34703","1":"post","2":"type-post","3":"status-publish","4":"format-standard","6":"category-brasil","7":"entry","8":"gs-1","9":"gs-odd","10":"gs-even","11":"gs-featured-content-entry"},"jetpack_featured_media_url":"","jetpack_sharing_enabled":true,"jetpack_likes_enabled":true,"_links":{"self":[{"href":"https:\/\/www.redenoticia.com.br\/noticia\/wp-json\/wp\/v2\/posts\/34703","targetHints":{"allow":["GET"]}}],"collection":[{"href":"https:\/\/www.redenoticia.com.br\/noticia\/wp-json\/wp\/v2\/posts"}],"about":[{"href":"https:\/\/www.redenoticia.com.br\/noticia\/wp-json\/wp\/v2\/types\/post"}],"author":[{"embeddable":true,"href":"https:\/\/www.redenoticia.com.br\/noticia\/wp-json\/wp\/v2\/users\/3"}],"replies":[{"embeddable":true,"href":"https:\/\/www.redenoticia.com.br\/noticia\/wp-json\/wp\/v2\/comments?post=34703"}],"version-history":[{"count":0,"href":"https:\/\/www.redenoticia.com.br\/noticia\/wp-json\/wp\/v2\/posts\/34703\/revisions"}],"wp:attachment":[{"href":"https:\/\/www.redenoticia.com.br\/noticia\/wp-json\/wp\/v2\/media?parent=34703"}],"wp:term":[{"taxonomy":"category","embeddable":true,"href":"https:\/\/www.redenoticia.com.br\/noticia\/wp-json\/wp\/v2\/categories?post=34703"},{"taxonomy":"post_tag","embeddable":true,"href":"https:\/\/www.redenoticia.com.br\/noticia\/wp-json\/wp\/v2\/tags?post=34703"}],"curies":[{"name":"wp","href":"https:\/\/api.w.org\/{rel}","templated":true}]}}