{"id":34694,"date":"2011-04-19T09:30:41","date_gmt":"2011-04-19T13:30:41","guid":{"rendered":"http:\/\/www.redenoticia.com.br\/noticia\/?p=34694"},"modified":"2011-04-19T10:32:26","modified_gmt":"2011-04-19T14:32:26","slug":"universidade-da-integracao-faz-quinta-chamada-de-candidatos","status":"publish","type":"post","link":"https:\/\/www.redenoticia.com.br\/noticia\/2011\/universidade-da-integracao-faz-quinta-chamada-de-candidatos\/34694","title":{"rendered":"Universidade da integra\u00e7\u00e3o faz quinta chamada de candidatos"},"content":{"rendered":"<p><img loading=\"lazy\" decoding=\"async\" class=\"alignleft size-full wp-image-19313\" title=\"enem sisu\" src=\"https:\/\/www.redenoticia.com.br\/noticia\/imagens\/enem-2009-gabarito.jpg\" alt=\"\" width=\"300\" height=\"193\" srcset=\"https:\/\/www.redenoticia.com.br\/noticia\/imagens\/enem-2009-gabarito.jpg 300w, https:\/\/www.redenoticia.com.br\/noticia\/imagens\/enem-2009-gabarito-250x160.jpg 250w, https:\/\/www.redenoticia.com.br\/noticia\/imagens\/enem-2009-gabarito-150x96.jpg 150w\" sizes=\"auto, (max-width: 300px) 100vw, 300px\" \/>A Pr\u00f3-Reitoria de Gradua\u00e7\u00e3o da Universidade Federal da Integra\u00e7\u00e3o  Latino-Americana (<em><strong>Unila<\/strong><\/em>) abriu o per\u00edodo de matr\u00edculas para os candidatos  brasileiros convocados em <em><strong>quinta chamada<\/strong><\/em> no processo seletivo deste primeiro  semestre. Na sele\u00e7\u00e3o dos candidatos a vagas em 12 cursos de gradua\u00e7\u00e3o, a Unila tomou como base as notas dos estudantes do Exame Nacional do Ensino M\u00e9dio (<em><strong>Enem<\/strong><\/em>).\u00a0A matr\u00edcula deve ser feita at\u00e9 o dia 27, na sede da universidade, em  Foz do Igua\u00e7u (PR). O in\u00edcio das aulas \u00e9 imediato, com contagem de faltas a  partir da matr\u00edcula.<\/p>\n<p>O primeiro processo seletivo deste ano registrou 6.405  inscritos, n\u00famero quase tr\u00eas vezes maior em rela\u00e7\u00e3o ao ano anterior, quando a  Unila iniciou a oferta dos seis primeiros cursos. A m\u00e9dia geral de concorr\u00eancia  de todos os cursos oferecidos foi de 21,4 candidatos por vaga.<\/p>\n<p>Do total  de brasileiros inscritos, 48,1% s\u00e3o provenientes da regi\u00e3o Sul, seguidos do  Sudeste, com 31,4%. A institui\u00e7\u00e3o registrou inscri\u00e7\u00f5es de candidatos de todos os  estados, com maior participa\u00e7\u00e3o do Paran\u00e1 (42,7%). A universidade reserva 300  vagas a brasileiros. As outras 300, a candidatos dos vizinhos Argentina,  Bol\u00edvia, Chile, Col\u00f4mbia, Paraguai e Peru, selecionados pelos respectivos pa\u00edses  com base em crit\u00e9rios definidos nos termos de coopera\u00e7\u00e3o com a Unila.<\/p>\n<p>Com  sede em Foz do Igua\u00e7u, pr\u00f3xima \u00e0 fronteira com Argentina e Paraguai, a Unila foi  criada pela Lei n\u00ba 12.189, de 12 de janeiro de 2010. Institui\u00e7\u00e3o de  car\u00e1ter multicultural e multidisciplinar, abriu os seis primeiros cursos de  gradua\u00e7\u00e3o em agosto do ano passado. Tem hoje 200 alunos \u2014 100 brasileiros e 100  oriundos de Argentina, Uruguai e Paraguai. Com a sele\u00e7\u00e3o atual, a institui\u00e7\u00e3o  amplia para 800 o n\u00famero de alunos nos 12 cursos.<\/p>\n<p>A rela\u00e7\u00e3o dos <a href=\"http:\/\/www.unila.edu.br\/sites\/default\/files\/Quinta_chamada_Divulgacao.pdf\" target=\"_blank\">candidatos<\/a> convocados em quinta chamada deve ser conferida na  p\u00e1gina eletr\u00f4nica da <a href=\"http:\/\/www.unila.edu.br\/\" target=\"_blank\">Unila<\/a>.  Mais informa\u00e7\u00f5es no endere\u00e7o eletr\u00f4nico <script type=\"text\/javascript\"><\/script> mselecao.alunos@unila.edu.br <script type=\"text\/javascript\"><\/script> Este endere\u00e7o de e-mail est\u00e1 protegido contra  spambots. Voc\u00ea deve habilitar o JavaScript para visualiz\u00e1-lo. <script type=\"text\/javascript\"><\/script> ou pelo telefone (45) 3576-7309.<\/p>\n<p>Assessoria de Imprensa da  Unila<\/p>\n","protected":false},"excerpt":{"rendered":"<p>A Pr\u00f3-Reitoria de Gradua\u00e7\u00e3o da Universidade Federal da Integra\u00e7\u00e3o Latino-Americana (Unila) abriu o per\u00edodo de matr\u00edculas para os candidatos brasileiros convocados em quinta chamada no processo seletivo deste primeiro semestre. Na sele\u00e7\u00e3o dos candidatos a vagas em 12 cursos de gradua\u00e7\u00e3o, a Unila tomou como base as notas dos estudantes do Exame Nacional do Ensino [&hellip;]<\/p>\n","protected":false},"author":3,"featured_media":19313,"comment_status":"open","ping_status":"open","sticky":false,"template":"","format":"standard","meta":{"_genesis_hide_title":false,"_genesis_hide_breadcrumbs":false,"_genesis_hide_singular_image":false,"_genesis_hide_footer_widgets":false,"_genesis_custom_body_class":"","_genesis_custom_post_class":"","_genesis_layout":"","_jetpack_memberships_contains_paid_content":false,"footnotes":""},"categories":[22,370,295],"tags":[],"class_list":{"0":"post-34694","1":"post","2":"type-post","3":"status-publish","4":"format-standard","5":"has-post-thumbnail","7":"category-brasil","8":"category-inscricao","9":"category-vestibular","10":"entry","11":"gs-1","12":"gs-odd","13":"gs-even","14":"gs-featured-content-entry"},"jetpack_featured_media_url":"https:\/\/www.redenoticia.com.br\/noticia\/imagens\/enem-2009-gabarito.jpg","jetpack_sharing_enabled":true,"jetpack_likes_enabled":true,"_links":{"self":[{"href":"https:\/\/www.redenoticia.com.br\/noticia\/wp-json\/wp\/v2\/posts\/34694","targetHints":{"allow":["GET"]}}],"collection":[{"href":"https:\/\/www.redenoticia.com.br\/noticia\/wp-json\/wp\/v2\/posts"}],"about":[{"href":"https:\/\/www.redenoticia.com.br\/noticia\/wp-json\/wp\/v2\/types\/post"}],"author":[{"embeddable":true,"href":"https:\/\/www.redenoticia.com.br\/noticia\/wp-json\/wp\/v2\/users\/3"}],"replies":[{"embeddable":true,"href":"https:\/\/www.redenoticia.com.br\/noticia\/wp-json\/wp\/v2\/comments?post=34694"}],"version-history":[{"count":0,"href":"https:\/\/www.redenoticia.com.br\/noticia\/wp-json\/wp\/v2\/posts\/34694\/revisions"}],"wp:featuredmedia":[{"embeddable":true,"href":"https:\/\/www.redenoticia.com.br\/noticia\/wp-json\/wp\/v2\/media\/19313"}],"wp:attachment":[{"href":"https:\/\/www.redenoticia.com.br\/noticia\/wp-json\/wp\/v2\/media?parent=34694"}],"wp:term":[{"taxonomy":"category","embeddable":true,"href":"https:\/\/www.redenoticia.com.br\/noticia\/wp-json\/wp\/v2\/categories?post=34694"},{"taxonomy":"post_tag","embeddable":true,"href":"https:\/\/www.redenoticia.com.br\/noticia\/wp-json\/wp\/v2\/tags?post=34694"}],"curies":[{"name":"wp","href":"https:\/\/api.w.org\/{rel}","templated":true}]}}