{"id":34641,"date":"2011-04-15T22:17:38","date_gmt":"2011-04-16T02:17:38","guid":{"rendered":"http:\/\/www.redenoticia.com.br\/noticia\/?p=34641"},"modified":"2011-04-15T22:17:38","modified_gmt":"2011-04-16T02:17:38","slug":"pedigree%c2%ae-adotar-e-tudo-de-bom-alcanca-18-231-adocoes","status":"publish","type":"post","link":"https:\/\/www.redenoticia.com.br\/noticia\/2011\/pedigree%c2%ae-adotar-e-tudo-de-bom-alcanca-18-231-adocoes\/34641","title":{"rendered":"PEDIGREE\u00ae &#8220;Adotar \u00e9 tudo de bom&#8221; alcan\u00e7a 18.231 ado\u00e7\u00f5es"},"content":{"rendered":"<p><img loading=\"lazy\" decoding=\"async\" class=\"alignleft size-full wp-image-34642\" title=\"adocao de cachorro pedigree\" src=\"https:\/\/www.redenoticia.com.br\/noticia\/imagens\/adocao-de-cachorro-pedigree.jpg\" alt=\"\" width=\"300\" height=\"193\" srcset=\"https:\/\/www.redenoticia.com.br\/noticia\/imagens\/adocao-de-cachorro-pedigree.jpg 300w, https:\/\/www.redenoticia.com.br\/noticia\/imagens\/adocao-de-cachorro-pedigree-250x160.jpg 250w, https:\/\/www.redenoticia.com.br\/noticia\/imagens\/adocao-de-cachorro-pedigree-150x96.jpg 150w\" sizes=\"auto, (max-width: 300px) 100vw, 300px\" \/>Desde o final de 2008, o programa <em><strong>PEDIGREE\u00ae Adotar \u00e9 tudo de bom <\/strong><\/em>tem  promovido diversas a\u00e7\u00f5es e parcerias de sucesso que v\u00eam contribuindo para a  redu\u00e7\u00e3o do alto n\u00famero de c\u00e3es abandonados no Brasil por meio da sensibiliza\u00e7\u00e3o,  conscientiza\u00e7\u00e3o e mobiliza\u00e7\u00e3o da popula\u00e7\u00e3o para a ado\u00e7\u00e3o e a guarda respons\u00e1vel.  Este ano, a campanha deu mais um passo para mudar a realidade dos mais de 20  milh\u00f5es de c\u00e3es que est\u00e3o \u00e0 espera de um lar feliz. Duas novas ONGs acabam de se  juntar ao grupo de 36 entidades parceiras e o programa acaba de alcan\u00e7ar a marca  de 18.231 c\u00e3es adotados.<\/p>\n<p>\u201cEstamos muito felizes por ter mais duas ONGs prontas e adequadas ao projeto.  Ampliamos de maneira consistente a abrang\u00eancia do programa ajudando ainda mais  c\u00e3es a encontrar lares felizes\u201d, comenta Cynthia Schoenardie, Gerente de  Assuntos Coorporativos e respons\u00e1vel pelo programa PEDIGREE\u00ae Adotar \u00e9 tudo de  bom. As novas entidades parceiras est\u00e3o localizadas na regi\u00e3o centro-oeste do  pa\u00eds. S\u00e3o elas: a PROANIMA \u2013 Associa\u00e7\u00e3o Protetora dos Animais do Distrito  Federal e a ASPAAN \u2013 Associa\u00e7\u00e3o Protetora e Amiga dos Animais de An\u00e1polis, em  Goi\u00e1s.<\/p>\n<p>As iniciativas da campanha, que entra em seu terceiro ano no Brasil, s\u00f3 t\u00eam  se multiplicado. Ap\u00f3s cumprir a meta e doar R$ 1 milh\u00e3o em ra\u00e7\u00f5es para os  abrigos parceiros, em 2009, PEDIGREE\u00ae Adotar \u00e9 tudo de bom acumulou novas  estrat\u00e9gias, realizando parcerias e uma s\u00e9rie de atividades durante o ano de  2010. Al\u00e9m de renovar seu compromisso com a entrega de at\u00e9 R$ 1 milh\u00e3o ao  completar seu segundo ano de atua\u00e7\u00e3o no Pa\u00eds, o projeto coleciona entre outras  atividades o apoio de diversas celebridades, palestras com especialistas da \u00e1rea  e a\u00e7\u00f5es interativas na internet.<\/p>\n<p>PEDIGREE\u00ae Adotar \u00e9 tudo de bom na internet:<br \/>\nPortal:  <a href=\"http:\/\/www.adotaretudodebom.com.br\" target=\"_blank\">www.adotaretudodebom.com.br<\/a><br \/>\nTwitter: http:\/\/twitter.com\/adotaretudodbom (com  d mudo)<br \/>\nFacebook:  http:\/\/www.facebook.com\/home.php#!\/pages\/PEDIGREER-Adotar-e-tudo-de-bom\/120701259441?ref=sgm<br \/>\nOrkut:  http:\/\/www.orkut.com.br\/Main#Community.aspx?cmm=51107961<br \/>\nFlickr:  http:\/\/www.flickr.com\/groups\/adotaretudodebom<br \/>\nYahoo! Grupos:  http:\/\/www.adotaretudodebom-yahooespeciais-grupos.com\/<\/p>\n","protected":false},"excerpt":{"rendered":"<p>Desde o final de 2008, o programa PEDIGREE\u00ae Adotar \u00e9 tudo de bom tem promovido diversas a\u00e7\u00f5es e parcerias de sucesso que v\u00eam contribuindo para a redu\u00e7\u00e3o do alto n\u00famero de c\u00e3es abandonados no Brasil por meio da sensibiliza\u00e7\u00e3o, conscientiza\u00e7\u00e3o e mobiliza\u00e7\u00e3o da popula\u00e7\u00e3o para a ado\u00e7\u00e3o e a guarda respons\u00e1vel. Este ano, a campanha [&hellip;]<\/p>\n","protected":false},"author":3,"featured_media":34642,"comment_status":"open","ping_status":"open","sticky":false,"template":"","format":"standard","meta":{"_genesis_hide_title":false,"_genesis_hide_breadcrumbs":false,"_genesis_hide_singular_image":false,"_genesis_hide_footer_widgets":false,"_genesis_custom_body_class":"","_genesis_custom_post_class":"","_genesis_layout":"","_jetpack_memberships_contains_paid_content":false,"footnotes":""},"categories":[22],"tags":[],"class_list":{"0":"post-34641","1":"post","2":"type-post","3":"status-publish","4":"format-standard","5":"has-post-thumbnail","7":"category-brasil","8":"entry","9":"gs-1","10":"gs-odd","11":"gs-even","12":"gs-featured-content-entry"},"jetpack_featured_media_url":"https:\/\/www.redenoticia.com.br\/noticia\/imagens\/adocao-de-cachorro-pedigree.jpg","jetpack_sharing_enabled":true,"jetpack_likes_enabled":true,"_links":{"self":[{"href":"https:\/\/www.redenoticia.com.br\/noticia\/wp-json\/wp\/v2\/posts\/34641","targetHints":{"allow":["GET"]}}],"collection":[{"href":"https:\/\/www.redenoticia.com.br\/noticia\/wp-json\/wp\/v2\/posts"}],"about":[{"href":"https:\/\/www.redenoticia.com.br\/noticia\/wp-json\/wp\/v2\/types\/post"}],"author":[{"embeddable":true,"href":"https:\/\/www.redenoticia.com.br\/noticia\/wp-json\/wp\/v2\/users\/3"}],"replies":[{"embeddable":true,"href":"https:\/\/www.redenoticia.com.br\/noticia\/wp-json\/wp\/v2\/comments?post=34641"}],"version-history":[{"count":0,"href":"https:\/\/www.redenoticia.com.br\/noticia\/wp-json\/wp\/v2\/posts\/34641\/revisions"}],"wp:featuredmedia":[{"embeddable":true,"href":"https:\/\/www.redenoticia.com.br\/noticia\/wp-json\/wp\/v2\/media\/34642"}],"wp:attachment":[{"href":"https:\/\/www.redenoticia.com.br\/noticia\/wp-json\/wp\/v2\/media?parent=34641"}],"wp:term":[{"taxonomy":"category","embeddable":true,"href":"https:\/\/www.redenoticia.com.br\/noticia\/wp-json\/wp\/v2\/categories?post=34641"},{"taxonomy":"post_tag","embeddable":true,"href":"https:\/\/www.redenoticia.com.br\/noticia\/wp-json\/wp\/v2\/tags?post=34641"}],"curies":[{"name":"wp","href":"https:\/\/api.w.org\/{rel}","templated":true}]}}