{"id":34585,"date":"2011-04-14T08:55:23","date_gmt":"2011-04-14T12:55:23","guid":{"rendered":"http:\/\/www.redenoticia.com.br\/noticia\/?p=34585"},"modified":"2011-04-14T08:55:50","modified_gmt":"2011-04-14T12:55:50","slug":"concurso-saude-df-universa-800-vagas","status":"publish","type":"post","link":"https:\/\/www.redenoticia.com.br\/noticia\/2011\/concurso-saude-df-universa-800-vagas\/34585","title":{"rendered":"Concurso Sa\u00fade DF Universa &#8211; 800 vagas"},"content":{"rendered":"<p><em><strong><img loading=\"lazy\" decoding=\"async\" class=\"alignleft size-full wp-image-28957\" title=\"concurso vagas edital\" src=\"https:\/\/www.redenoticia.com.br\/noticia\/imagens\/concurso-vagas-edital.jpg\" alt=\"\" width=\"300\" height=\"193\" srcset=\"https:\/\/www.redenoticia.com.br\/noticia\/imagens\/concurso-vagas-edital.jpg 300w, https:\/\/www.redenoticia.com.br\/noticia\/imagens\/concurso-vagas-edital-250x160.jpg 250w, https:\/\/www.redenoticia.com.br\/noticia\/imagens\/concurso-vagas-edital-150x96.jpg 150w\" sizes=\"auto, (max-width: 300px) 100vw, 300px\" \/>Concurso Sa\u00fade DF (m\u00e9dicos e enfermeiros)<\/strong><\/em> pela <em><strong>Universa<\/strong><\/em> &#8211; a\u00a0Secretaria de Estado de Sa\u00fade do Distrito Federal\u00a0torna publica a realiza\u00e7\u00e3o de concurso p\u00fablico para provimento de 400 vagas e forma\u00e7\u00e3o de cadastro reserva no cargo da carreira de enfermeiro do quadro de pessoal do Distrito Federal nas especialidades Enfermeiro e Enfermeiro do Trabalho, e 400 vagas no\u00a0cargo da carreira m\u00e9dica. O\u00a0concurso p\u00fablico ser\u00e1 realizado pela Secretaria de Estado de Sa\u00fade do Distrito Federal e executado pela Funda\u00e7\u00e3o Universa.\u00a0A inscri\u00e7\u00e3o poder\u00e1 ser efetuada via Internet, no endere\u00e7o eletr\u00f4nico <a href=\"http:\/\/www.universa.org.br\/\" target=\"_blank\">www.universa.org.br<\/a>, no per\u00edodo entre 8 (oito) horas do dia 11 de abril de 2011 e 20 (vinte) horas do dia 2 de maio de 2011, observado o hor\u00e1rio oficial de Bras\u00edlia.<\/p>\n<p>O candidato que necessitar de atendimento especial para a realiza\u00e7\u00e3o das provas dever\u00e1 indicar, no formul\u00e1rio de inscri\u00e7\u00e3o, os recursos especiais necess\u00e1rios e, ainda, enviar, at\u00e9 o dia 2 de maio de 2011, impreterivelmente, via SEDEX, para a Funda\u00e7\u00e3o Universa &#8211; Concurso P\u00fablico para o cargo da carreira de enfermeiro, Caixa Postal 2641, CEP 70275-970, Bras\u00edlia\/DF, laudo m\u00e9dico, original ou c\u00f3pia autenticada, que justifique o atendimento especial solicitado. Ap\u00f3s esse per\u00edodo, a solicita\u00e7\u00e3o ser\u00e1 indeferida, salvo nos casos de for\u00e7a maior e nos que forem de interesse da Administra\u00e7\u00e3o P\u00fablica.<\/p>\n<p>Os locais e os hor\u00e1rios de aplica\u00e7\u00e3o da prova ser\u00e3o divulgados no endere\u00e7o eletr\u00f4nico <a href=\"http:\/\/www.universa.org.br\/\" target=\"_blank\">www.universa.org.br<\/a> e no Di\u00e1rio Oficial do Distrito Federal, na data prov\u00e1vel de 31 de maio de 2011.<\/p>\n<p>N\u00e3o ser\u00e3o dadas, por telefone, fax e(ou) correio eletr\u00f4nico, informa\u00e7\u00f5es a respeito de data, de local e de hor\u00e1rio de aplica\u00e7\u00e3o de provas. O candidato dever\u00e1 observar rigorosamente os editais e os comunicados a serem publicados no Di\u00e1rio Oficial do Distrito Federal, afixados no mural de avisos da Funda\u00e7\u00e3o Universa e divulgados na Internet, no endere\u00e7o eletr\u00f4nico <a href=\"http:\/\/www.universa.org.br\/\" target=\"_blank\"> www.universa.org.br<\/a>.<\/p>\n","protected":false},"excerpt":{"rendered":"<p>Concurso Sa\u00fade DF (m\u00e9dicos e enfermeiros) pela Universa &#8211; a\u00a0Secretaria de Estado de Sa\u00fade do Distrito Federal\u00a0torna publica a realiza\u00e7\u00e3o de concurso p\u00fablico para provimento de 400 vagas e forma\u00e7\u00e3o de cadastro reserva no cargo da carreira de enfermeiro do quadro de pessoal do Distrito Federal nas especialidades Enfermeiro e Enfermeiro do Trabalho, e 400 [&hellip;]<\/p>\n","protected":false},"author":3,"featured_media":28957,"comment_status":"open","ping_status":"open","sticky":false,"template":"","format":"standard","meta":{"_genesis_hide_title":false,"_genesis_hide_breadcrumbs":false,"_genesis_hide_singular_image":false,"_genesis_hide_footer_widgets":false,"_genesis_custom_body_class":"","_genesis_custom_post_class":"","_genesis_layout":"","_jetpack_memberships_contains_paid_content":false,"footnotes":""},"categories":[22,352,370],"tags":[],"class_list":{"0":"post-34585","1":"post","2":"type-post","3":"status-publish","4":"format-standard","5":"has-post-thumbnail","7":"category-brasil","8":"category-concursos","9":"category-inscricao","10":"entry","11":"gs-1","12":"gs-odd","13":"gs-even","14":"gs-featured-content-entry"},"jetpack_featured_media_url":"https:\/\/www.redenoticia.com.br\/noticia\/imagens\/concurso-vagas-edital.jpg","jetpack_sharing_enabled":true,"jetpack_likes_enabled":true,"_links":{"self":[{"href":"https:\/\/www.redenoticia.com.br\/noticia\/wp-json\/wp\/v2\/posts\/34585","targetHints":{"allow":["GET"]}}],"collection":[{"href":"https:\/\/www.redenoticia.com.br\/noticia\/wp-json\/wp\/v2\/posts"}],"about":[{"href":"https:\/\/www.redenoticia.com.br\/noticia\/wp-json\/wp\/v2\/types\/post"}],"author":[{"embeddable":true,"href":"https:\/\/www.redenoticia.com.br\/noticia\/wp-json\/wp\/v2\/users\/3"}],"replies":[{"embeddable":true,"href":"https:\/\/www.redenoticia.com.br\/noticia\/wp-json\/wp\/v2\/comments?post=34585"}],"version-history":[{"count":0,"href":"https:\/\/www.redenoticia.com.br\/noticia\/wp-json\/wp\/v2\/posts\/34585\/revisions"}],"wp:featuredmedia":[{"embeddable":true,"href":"https:\/\/www.redenoticia.com.br\/noticia\/wp-json\/wp\/v2\/media\/28957"}],"wp:attachment":[{"href":"https:\/\/www.redenoticia.com.br\/noticia\/wp-json\/wp\/v2\/media?parent=34585"}],"wp:term":[{"taxonomy":"category","embeddable":true,"href":"https:\/\/www.redenoticia.com.br\/noticia\/wp-json\/wp\/v2\/categories?post=34585"},{"taxonomy":"post_tag","embeddable":true,"href":"https:\/\/www.redenoticia.com.br\/noticia\/wp-json\/wp\/v2\/tags?post=34585"}],"curies":[{"name":"wp","href":"https:\/\/api.w.org\/{rel}","templated":true}]}}