{"id":34574,"date":"2011-04-12T23:10:31","date_gmt":"2011-04-13T03:10:31","guid":{"rendered":"http:\/\/www.redenoticia.com.br\/noticia\/?p=34574"},"modified":"2011-04-12T23:10:31","modified_gmt":"2011-04-13T03:10:31","slug":"licenciatura-cursos-do-instituto-fluminense-atraem-estudantes","status":"publish","type":"post","link":"https:\/\/www.redenoticia.com.br\/noticia\/2011\/licenciatura-cursos-do-instituto-fluminense-atraem-estudantes\/34574","title":{"rendered":"Licenciatura: cursos do instituto Fluminense atraem estudantes"},"content":{"rendered":"<p><a title=\"O instituto federal Fluminense decidiu oferecer os cursos de licenciatura por considerar fundamental a forma\u00e7\u00e3o do professor para a qualidade da educa\u00e7\u00e3o brasileira (foto: arquivo do instituto)\" rel=\"milkbox:gallery\" href=\"http:\/\/portal.mec.gov.br\/images\/stories\/noticias\/2011\/salaula_120411.jpg\"><\/a>A procura por <em><strong>cursos de licenciatura <\/strong><\/em>tem aumentado no campus Centro do  <em><strong>Instituto Federal de Educa\u00e7\u00e3o, Ci\u00eancia e Tecnologia Fluminense<\/strong><\/em>, no munic\u00edpio de  Campos dos Goytacazes (RJ). \u201cDe 2008 a 2011, a rela\u00e7\u00e3o candidato por vaga dos  cursos de ci\u00eancias da natureza, geografia e matem\u00e1tica aumentou 60%, 53% e 78%,  respectivamente\u201d, diz o professor Carlos M\u00e1rcio Viana Lima, diretor de ensino  superior das licenciaturas na institui\u00e7\u00e3o.<\/p>\n<p>Para Lima, esse crescimento  demonstra o acerto do governo federal em optar pela interioriza\u00e7\u00e3o de cursos de  forma\u00e7\u00e3o de professores, com a garantia dos 20% na oferta de vagas. \u201cA  introdu\u00e7\u00e3o de cursos de licenciatura no curr\u00edculo da institui\u00e7\u00e3o foi uma ousadia  dos gestores, que compreenderam a import\u00e2ncia da forma\u00e7\u00e3o de professores para a  qualidade da educa\u00e7\u00e3o brasileira\u201d, disse Lima, 14 anos de magist\u00e9rio, cinco dos  quais no instituto.<\/p>\n<p>O <a href=\"http:\/\/www.iff.edu.br\/\" target=\"_blank\">campus<\/a> oferece cursos de licenciatura em geografia, matem\u00e1tica  e ci\u00eancias da natureza, com habilita\u00e7\u00e3o em biologia, f\u00edsica e qu\u00edmica, al\u00e9m de  12 cursos t\u00e9cnicos, cinco de tecn\u00f3logo, tr\u00eas de bacharelado, sete de  especializa\u00e7\u00e3o e um de mestrado. \u201cNossa institui\u00e7\u00e3o tem patrocinado uma  revolu\u00e7\u00e3o na sala de aula e implementado a discuss\u00e3o sobre tecnologia,  comunica\u00e7\u00e3o e educa\u00e7\u00e3o\u201d, afirmou. \u201cEla tem facultando a n\u00f3s, professores, o  efetivo uso das novas tecnologias, que potencializam nossas  aulas.\u201d<\/p>\n<p>Bacharel e licenciado em filosofia, com mestrado em ci\u00eancia da  religi\u00e3o, Lima leciona as disciplinas de gest\u00e3o do conhecimento e filosofia e de  produ\u00e7\u00e3o, no curso de geografia. Tamb\u00e9m d\u00e1 aulas de filosofia e ci\u00eancias, no  curso de ci\u00eancias da natureza, e de filosofia e arquitetura, no curso de  arquitetura.<\/p>\n<p>O professor aponta a necessidade de desmistificar a ideia de  que, em geral, os estudantes n\u00e3o querem aprender ou s\u00e3o desinteressados. Para  ele, os alunos est\u00e3o na trilha do aprendizado quando percebem a voca\u00e7\u00e3o de seus  professores pelo saber, pela pesquisa e pela doc\u00eancia. Eles compreendem os  caminhos, mais que apenas os conte\u00fados, quando estimulados a tomar posi\u00e7\u00f5es  cr\u00edticas e aut\u00f4nomas e quando encontram pontos de intercess\u00e3o com os  professores, como as novas tecnologias.<\/p>\n<p>Carreira \u2014 Na  vis\u00e3o do professor Synthio Vieira de Almeida, do curso de licenciatura em  geografia, h\u00e1 grande participa\u00e7\u00e3o e interesse dos alunos. \u201cPercebo que a maioria  espera seguir carreira profissional em sua \u00e1rea de forma\u00e7\u00e3o\u201d, destaca Almeida,  que est\u00e1 no magist\u00e9rio h\u00e1 26 anos, com passagem pelas redes p\u00fablica e particular  de ensino (municipal e estadual).<\/p>\n<p>Na rede federal, Almeida atua desde  1996 \u2014 come\u00e7ou na antiga Escola T\u00e9cnica Federal de Campos. Al\u00e9m de atuar em  cursos de licenciatura, com aula de ci\u00eancia pol\u00edtica, estudos afro-asi\u00e1ticos e  geopol\u00edtica e conflitos do mundo contempor\u00e2neo, ele leciona no ensino m\u00e9dio e  coordena a implanta\u00e7\u00e3o dos cursos t\u00e9cnicos a dist\u00e2ncia pelo programa <a href=\"http:\/\/portal.mec.gov.br\/dmdocuments\/etecbrasil.pdf\" target=\"_blank\">e-TEC Brasil<\/a>.<\/p>\n<p>F\u00e1tima  Schenini<\/p>\n","protected":false},"excerpt":{"rendered":"<p>A procura por cursos de licenciatura tem aumentado no campus Centro do Instituto Federal de Educa\u00e7\u00e3o, Ci\u00eancia e Tecnologia Fluminense, no munic\u00edpio de Campos dos Goytacazes (RJ). \u201cDe 2008 a 2011, a rela\u00e7\u00e3o candidato por vaga dos cursos de ci\u00eancias da natureza, geografia e matem\u00e1tica aumentou 60%, 53% e 78%, respectivamente\u201d, diz o professor Carlos [&hellip;]<\/p>\n","protected":false},"author":3,"featured_media":0,"comment_status":"open","ping_status":"open","sticky":false,"template":"","format":"standard","meta":{"_genesis_hide_title":false,"_genesis_hide_breadcrumbs":false,"_genesis_hide_singular_image":false,"_genesis_hide_footer_widgets":false,"_genesis_custom_body_class":"","_genesis_custom_post_class":"","_genesis_layout":"","_jetpack_memberships_contains_paid_content":false,"footnotes":""},"categories":[22,370,295],"tags":[],"class_list":{"0":"post-34574","1":"post","2":"type-post","3":"status-publish","4":"format-standard","6":"category-brasil","7":"category-inscricao","8":"category-vestibular","9":"entry","10":"gs-1","11":"gs-odd","12":"gs-even","13":"gs-featured-content-entry"},"jetpack_featured_media_url":"","jetpack_sharing_enabled":true,"jetpack_likes_enabled":true,"_links":{"self":[{"href":"https:\/\/www.redenoticia.com.br\/noticia\/wp-json\/wp\/v2\/posts\/34574","targetHints":{"allow":["GET"]}}],"collection":[{"href":"https:\/\/www.redenoticia.com.br\/noticia\/wp-json\/wp\/v2\/posts"}],"about":[{"href":"https:\/\/www.redenoticia.com.br\/noticia\/wp-json\/wp\/v2\/types\/post"}],"author":[{"embeddable":true,"href":"https:\/\/www.redenoticia.com.br\/noticia\/wp-json\/wp\/v2\/users\/3"}],"replies":[{"embeddable":true,"href":"https:\/\/www.redenoticia.com.br\/noticia\/wp-json\/wp\/v2\/comments?post=34574"}],"version-history":[{"count":0,"href":"https:\/\/www.redenoticia.com.br\/noticia\/wp-json\/wp\/v2\/posts\/34574\/revisions"}],"wp:attachment":[{"href":"https:\/\/www.redenoticia.com.br\/noticia\/wp-json\/wp\/v2\/media?parent=34574"}],"wp:term":[{"taxonomy":"category","embeddable":true,"href":"https:\/\/www.redenoticia.com.br\/noticia\/wp-json\/wp\/v2\/categories?post=34574"},{"taxonomy":"post_tag","embeddable":true,"href":"https:\/\/www.redenoticia.com.br\/noticia\/wp-json\/wp\/v2\/tags?post=34574"}],"curies":[{"name":"wp","href":"https:\/\/api.w.org\/{rel}","templated":true}]}}