{"id":34506,"date":"2011-04-10T18:09:20","date_gmt":"2011-04-10T22:09:20","guid":{"rendered":"http:\/\/www.redenoticia.com.br\/noticia\/?p=34506"},"modified":"2011-04-11T12:25:51","modified_gmt":"2011-04-11T16:25:51","slug":"meteorologia-%e2%80%93-previsao-do-tempo-para-esta-segunda-feira-1104","status":"publish","type":"post","link":"https:\/\/www.redenoticia.com.br\/noticia\/2011\/meteorologia-%e2%80%93-previsao-do-tempo-para-esta-segunda-feira-1104\/34506","title":{"rendered":"Meteorologia \u2013 previs\u00e3o do tempo para esta segunda-feira 11\/04"},"content":{"rendered":"<p><img loading=\"lazy\" decoding=\"async\" class=\"alignleft size-full wp-image-28410\" title=\"previsao do tempo temperatura\" src=\"https:\/\/www.redenoticia.com.br\/noticia\/imagens\/previsao-do-tempo-temperatura.jpg\" alt=\"\" width=\"300\" height=\"193\" srcset=\"https:\/\/www.redenoticia.com.br\/noticia\/imagens\/previsao-do-tempo-temperatura.jpg 300w, https:\/\/www.redenoticia.com.br\/noticia\/imagens\/previsao-do-tempo-temperatura-250x160.jpg 250w, https:\/\/www.redenoticia.com.br\/noticia\/imagens\/previsao-do-tempo-temperatura-150x96.jpg 150w\" sizes=\"auto, (max-width: 300px) 100vw, 300px\" \/><\/p>\n<p>Previs\u00e3o do tempo\u00a0\u2013 a\u00a0<strong><em>meteorologia<\/em><\/strong> divulgou a <strong><em>previs\u00e3o do tempo<\/em><\/strong> e\u00a0<strong><em>temperatura<\/em><\/strong> para esta segunda-feira (11\/04) e informa que o posicionamento da Zona de Converg\u00eancia Intertropical (ZCIT) e o padr\u00e3o de ventos, favorecem pancadas significativas de chuva na faixa norte da Regi\u00e3o Nordeste e no norte do PA e no AP. Segundo a previs\u00e3o do tempo \u00e1reas de instabilidade tamb\u00e9m causar\u00e3o pancadas de chuva que podem ser localmente forte entre o norte de SP, interior de MG, em \u00e1rea de GO (incluindo o DF), MT e demais \u00e1reas da Regi\u00e3o Norte. Dados da previs\u00e3o do tempo indicam que nas demais \u00e1reas do Sudeste e do Nordeste ocorrer\u00e3o pancadas localizadas de chuva, com exce\u00e7\u00e3o do oeste de SP e centro da BA. No Sul do Brasil, o dia ainda ser\u00e1 inst\u00e1vel, com pancadas r\u00e1pidas e localizadas de chuva, entre o nordeste do RS, leste de SC e do PR. A previs\u00e3o do tempo destaca que o sol predomina ao longo do dia na faixa oeste da Regi\u00e3o Sul e em grande parte do MS, apenas com uma pequena chance de pancadas de chuva no norte do MS. A temperatura estar\u00e1 est\u00e1vel em grande parte do Brasil.<\/p>\n<p>Vale do Para\u00edba \u2013 previs\u00e3o do tempo na segunda-feira (11\/04) haver\u00e1 sol e varia\u00e7\u00e3o de nuvens, com pancadas de chuva na regi\u00e3o. As temperaturas estar\u00e3o em gradativa eleva\u00e7\u00e3o.<\/p>\n<p>Regi\u00e3o Centro-Oeste \u2013 previs\u00e3o do tempo em\u00a011\/04\/2011:\u00a0No norte de MS, em MT e em GO: sol com nebulosidade vari\u00e1vel e pancada de chuva. Nas demais \u00e1reas: sol entre poucas nuvens. Temperatura est\u00e1vel. Temperatura m\u00e1xima: 30C no noroeste do MT. Temperatura m\u00ednima: 14C no sul do MS.<\/p>\n<p>Regi\u00e3o Nordeste \u2013 previs\u00e3o do tempo em\u00a011\/04\/2011:\u00a0No centro-leste da BA e no SE: sol e poucas nuvens. Nas demais \u00e1reas: sol com nebulosidade vari\u00e1vel e pancada de chuva. Poder\u00e1 chover forte no norte da Regi\u00e3o. Temperatura est\u00e1vel. Temperatura m\u00e1xima: 36C no nordeste da BA. Temperatura m\u00ednima: 16C no interior da BA.<\/p>\n<p>Regi\u00e3o Norte \u2013 previs\u00e3o do tempo em\u00a011\/04\/2011:\u00a0Em todas as \u00e1reas da regi\u00e3o: sol com varia\u00e7\u00e3o de nuvens e pancadas de chuva isoladas. Temperaturas est\u00e1veis. Temperatura m\u00e1xima: 38C no nordeste de RR. Temperatura m\u00ednima: 17C no noroeste de RR.<\/p>\n<p>Regi\u00e3o Sudeste \u2013 previs\u00e3o do tempo em\u00a011\/04\/2011:\u00a0No norte de SP, cone-leste paulista, RJ e MG: nebulosidade vari\u00e1vel e pancada de chuva. No ES e norte do RJ: nebulosidade vari\u00e1vel e possibilidade de pancadas de chuva. No sul de SP: tempo inst\u00e1vel com varia\u00e7\u00e3o de nebulosidade e chuva a qualquer hora. No oeste de SP: sol entre poucas nuvens. Nas demais \u00e1reas de SP: nebulosidade vari\u00e1vel e possibilidade de pancadas de chuva. Temperaturas est\u00e1veis. Temperatura m\u00e1xima: 26C no noroeste de SP. Temperatura m\u00ednima: 10C no sul de MG.<\/p>\n<p>Regi\u00e3o Sul \u2013 previs\u00e3o do tempo em\u00a011\/04\/2011:\u00a0No leste do PR e nordeste de SC: tempo inst\u00e1vel com nebulosidade vari\u00e1vel e chuva a qualquer hora. No centro-oeste da Regi\u00e3o: sol entre poucas nuvens. Nas demais \u00e1reas: nebulosidade vari\u00e1vel e possibilidade de pancadas de chuva. Temperaturas est\u00e1veis. Temperatura m\u00e1xima: 26C no norte do PR. Temperatura m\u00ednima: 8C nas \u00e1reas de serra.<\/p>\n<p>Previs\u00e3o do tempo e temperatura CPTEC<\/p>\n<p>&nbsp;<\/p>\n","protected":false},"excerpt":{"rendered":"<p>Previs\u00e3o do tempo\u00a0\u2013 a\u00a0meteorologia divulgou a previs\u00e3o do tempo e\u00a0temperatura para esta segunda-feira (11\/04) e informa que o posicionamento da Zona de Converg\u00eancia Intertropical (ZCIT) e o padr\u00e3o de ventos, favorecem pancadas significativas de chuva na faixa norte da Regi\u00e3o Nordeste e no norte do PA e no AP. Segundo a previs\u00e3o do tempo \u00e1reas [&hellip;]<\/p>\n","protected":false},"author":3,"featured_media":28410,"comment_status":"open","ping_status":"open","sticky":false,"template":"","format":"standard","meta":{"_genesis_hide_title":false,"_genesis_hide_breadcrumbs":false,"_genesis_hide_singular_image":false,"_genesis_hide_footer_widgets":false,"_genesis_custom_body_class":"","_genesis_custom_post_class":"","_genesis_layout":"","_jetpack_memberships_contains_paid_content":false,"footnotes":""},"categories":[22],"tags":[],"class_list":{"0":"post-34506","1":"post","2":"type-post","3":"status-publish","4":"format-standard","5":"has-post-thumbnail","7":"category-brasil","8":"entry","9":"gs-1","10":"gs-odd","11":"gs-even","12":"gs-featured-content-entry"},"jetpack_featured_media_url":"https:\/\/www.redenoticia.com.br\/noticia\/imagens\/previsao-do-tempo-temperatura.jpg","jetpack_sharing_enabled":true,"jetpack_likes_enabled":true,"_links":{"self":[{"href":"https:\/\/www.redenoticia.com.br\/noticia\/wp-json\/wp\/v2\/posts\/34506","targetHints":{"allow":["GET"]}}],"collection":[{"href":"https:\/\/www.redenoticia.com.br\/noticia\/wp-json\/wp\/v2\/posts"}],"about":[{"href":"https:\/\/www.redenoticia.com.br\/noticia\/wp-json\/wp\/v2\/types\/post"}],"author":[{"embeddable":true,"href":"https:\/\/www.redenoticia.com.br\/noticia\/wp-json\/wp\/v2\/users\/3"}],"replies":[{"embeddable":true,"href":"https:\/\/www.redenoticia.com.br\/noticia\/wp-json\/wp\/v2\/comments?post=34506"}],"version-history":[{"count":0,"href":"https:\/\/www.redenoticia.com.br\/noticia\/wp-json\/wp\/v2\/posts\/34506\/revisions"}],"wp:featuredmedia":[{"embeddable":true,"href":"https:\/\/www.redenoticia.com.br\/noticia\/wp-json\/wp\/v2\/media\/28410"}],"wp:attachment":[{"href":"https:\/\/www.redenoticia.com.br\/noticia\/wp-json\/wp\/v2\/media?parent=34506"}],"wp:term":[{"taxonomy":"category","embeddable":true,"href":"https:\/\/www.redenoticia.com.br\/noticia\/wp-json\/wp\/v2\/categories?post=34506"},{"taxonomy":"post_tag","embeddable":true,"href":"https:\/\/www.redenoticia.com.br\/noticia\/wp-json\/wp\/v2\/tags?post=34506"}],"curies":[{"name":"wp","href":"https:\/\/api.w.org\/{rel}","templated":true}]}}