{"id":34490,"date":"2011-04-08T21:31:18","date_gmt":"2011-04-09T01:31:18","guid":{"rendered":"http:\/\/www.redenoticia.com.br\/noticia\/?p=34490"},"modified":"2011-04-08T21:48:22","modified_gmt":"2011-04-09T01:48:22","slug":"programa-de-bolsas-seleciona-projetos-para-89-mil-alunos","status":"publish","type":"post","link":"https:\/\/www.redenoticia.com.br\/noticia\/2011\/programa-de-bolsas-seleciona-projetos-para-89-mil-alunos\/34490","title":{"rendered":"Programa de bolsas seleciona projetos para 8,9 mil alunos"},"content":{"rendered":"<div>\n<h2><span style=\"font-size: 13px; font-weight: normal;\">A edi\u00e7\u00e3o de 08\/04 do Di\u00e1rio Oficial da  Uni\u00e3o (se\u00e7\u00e3o 3, p\u00e1gina 25) traz a rela\u00e7\u00e3o das institui\u00e7\u00f5es que tiveram projetos  selecionados para participar do <em><strong>Programa Institucional de Bolsas de Inicia\u00e7\u00e3o \u00e0  Doc\u00eancia<\/strong><\/em> (<em><strong>Pibid<\/strong><\/em>). S\u00e3o contempladas cem institui\u00e7\u00f5es de educa\u00e7\u00e3o superior  p\u00fablicas \u2014 quatro municipais, 20 estaduais e 76 federais. Nos pr\u00f3ximos dois  anos, ser\u00e3o atendidos pelo programa 8.928 estudantes de cursos de licenciatura e  1.429 professores da rede p\u00fablica.<\/span><\/h2>\n<\/div>\n<div>Criado em 2007 e coordenado pela  Diretoria de Educa\u00e7\u00e3o B\u00e1sica Presencial da Coordena\u00e7\u00e3o de Aperfei\u00e7oamento de  Pessoal de N\u00edvel Superior (Capes), o Pibid atua no est\u00edmulo \u00e0 doc\u00eancia entre  estudantes de gradua\u00e7\u00e3o e na valoriza\u00e7\u00e3o do magist\u00e9rio. Essa atua\u00e7\u00e3o ocorre por  meio de concess\u00e3o de bolsas a estudantes de licenciatura para a realiza\u00e7\u00e3o de  projetos em escolas de educa\u00e7\u00e3o b\u00e1sica. Os projetos destinam-se \u00e0 aproxima\u00e7\u00e3o da  teoria da licenciatura \u00e0 pr\u00e1tica em salas de aula da rede p\u00fablica de  ensino.&nbsp;<\/p>\n<p>Al\u00e9m da integra\u00e7\u00e3o entre universidade e escola, os projetos  desenvolvidos propiciam aos bolsistas o contato com experi\u00eancias metodol\u00f3gicas,  tecnol\u00f3gicas e pr\u00e1ticas docentes de car\u00e1ter inovador e interdisciplinar, sob  supervis\u00e3o de professores das escolas p\u00fablicas. T\u00eam prioridade as escolas com  baixo \u00edndice de desenvolvimento da educa\u00e7\u00e3o b\u00e1sica (Ideb).<\/p>\n<p>A Capes vai  investir mais R$ 13 milh\u00f5es no custeio do programa no pr\u00f3ximo bi\u00eanio. Os  participantes recebem bolsas que variam de R$ 350 a R$ 1,2 mil, de acordo com a  modalidade de apoio \u2014 bolsista de inicia\u00e7\u00e3o \u00e0 doc\u00eancia (estudantes dos cursos de  licenciatura); bolsista coordenador institucional (professores das universidades  federais e estaduais) e bolsista de supervis\u00e3o (professores das escolas p\u00fablicas  estaduais e municipais).<\/p>\n<p>O <a href=\"http:\/\/www.capes.gov.br\/educacao-basica\/capespibid\" target=\"_blank\">Pibid<\/a> tem  alcan\u00e7ado resultados expressivos, como a diminui\u00e7\u00e3o da evas\u00e3o e o aumento da  procura pelos cursos de licenciatura; a crescente participa\u00e7\u00e3o de trabalhos de  bolsistas em eventos acad\u00eamicos no Brasil e no exterior; a articula\u00e7\u00e3o entre  ensino, pesquisa e extens\u00e3o e a forma\u00e7\u00e3o contextualizada e comprometida com o  alcance de resultados educacionais.<\/p>\n<p>Assessoria de Imprensa da  Capes<\/p>\n<p>Confira a <a href=\"http:\/\/www.capes.gov.br\/images\/stories\/download\/editais\/resultados\/Resultado-Pibid-DOU-7-4-2011.pdf\" target=\"_blank\">rela\u00e7\u00e3o  das institui\u00e7\u00f5es<\/a> que tiveram projetos selecionados.<\/p>\n<\/div>\n","protected":false},"excerpt":{"rendered":"<p>A edi\u00e7\u00e3o de 08\/04 do Di\u00e1rio Oficial da Uni\u00e3o (se\u00e7\u00e3o 3, p\u00e1gina 25) traz a rela\u00e7\u00e3o das institui\u00e7\u00f5es que tiveram projetos selecionados para participar do Programa Institucional de Bolsas de Inicia\u00e7\u00e3o \u00e0 Doc\u00eancia (Pibid). S\u00e3o contempladas cem institui\u00e7\u00f5es de educa\u00e7\u00e3o superior p\u00fablicas \u2014 quatro municipais, 20 estaduais e 76 federais. Nos pr\u00f3ximos dois anos, ser\u00e3o [&hellip;]<\/p>\n","protected":false},"author":3,"featured_media":0,"comment_status":"open","ping_status":"open","sticky":false,"template":"","format":"standard","meta":{"_genesis_hide_title":false,"_genesis_hide_breadcrumbs":false,"_genesis_hide_singular_image":false,"_genesis_hide_footer_widgets":false,"_genesis_custom_body_class":"","_genesis_custom_post_class":"","_genesis_layout":"","_jetpack_memberships_contains_paid_content":false,"footnotes":""},"categories":[22,351,370],"tags":[],"class_list":{"0":"post-34490","1":"post","2":"type-post","3":"status-publish","4":"format-standard","6":"category-brasil","7":"category-cursos","8":"category-inscricao","9":"entry","10":"gs-1","11":"gs-odd","12":"gs-even","13":"gs-featured-content-entry"},"jetpack_featured_media_url":"","jetpack_sharing_enabled":true,"jetpack_likes_enabled":true,"_links":{"self":[{"href":"https:\/\/www.redenoticia.com.br\/noticia\/wp-json\/wp\/v2\/posts\/34490","targetHints":{"allow":["GET"]}}],"collection":[{"href":"https:\/\/www.redenoticia.com.br\/noticia\/wp-json\/wp\/v2\/posts"}],"about":[{"href":"https:\/\/www.redenoticia.com.br\/noticia\/wp-json\/wp\/v2\/types\/post"}],"author":[{"embeddable":true,"href":"https:\/\/www.redenoticia.com.br\/noticia\/wp-json\/wp\/v2\/users\/3"}],"replies":[{"embeddable":true,"href":"https:\/\/www.redenoticia.com.br\/noticia\/wp-json\/wp\/v2\/comments?post=34490"}],"version-history":[{"count":0,"href":"https:\/\/www.redenoticia.com.br\/noticia\/wp-json\/wp\/v2\/posts\/34490\/revisions"}],"wp:attachment":[{"href":"https:\/\/www.redenoticia.com.br\/noticia\/wp-json\/wp\/v2\/media?parent=34490"}],"wp:term":[{"taxonomy":"category","embeddable":true,"href":"https:\/\/www.redenoticia.com.br\/noticia\/wp-json\/wp\/v2\/categories?post=34490"},{"taxonomy":"post_tag","embeddable":true,"href":"https:\/\/www.redenoticia.com.br\/noticia\/wp-json\/wp\/v2\/tags?post=34490"}],"curies":[{"name":"wp","href":"https:\/\/api.w.org\/{rel}","templated":true}]}}