{"id":34466,"date":"2011-04-07T23:29:37","date_gmt":"2011-04-08T03:29:37","guid":{"rendered":"http:\/\/www.redenoticia.com.br\/noticia\/?p=34466"},"modified":"2011-04-08T00:48:29","modified_gmt":"2011-04-08T04:48:29","slug":"olhos-a-partir-de-celulas-tronco","status":"publish","type":"post","link":"https:\/\/www.redenoticia.com.br\/noticia\/2011\/olhos-a-partir-de-celulas-tronco\/34466","title":{"rendered":"Olhos a partir de c\u00e9lulas-tronco"},"content":{"rendered":"<div>\n<h3><span style=\"font-size: 13px; font-weight: normal;\"><img loading=\"lazy\" decoding=\"async\" class=\"alignleft size-full wp-image-34479\" title=\"celula tronco olho\" src=\"https:\/\/www.redenoticia.com.br\/noticia\/imagens\/celula-tronco-olho.jpg\" alt=\"\" width=\"300\" height=\"193\" srcset=\"https:\/\/www.redenoticia.com.br\/noticia\/imagens\/celula-tronco-olho.jpg 300w, https:\/\/www.redenoticia.com.br\/noticia\/imagens\/celula-tronco-olho-250x160.jpg 250w, https:\/\/www.redenoticia.com.br\/noticia\/imagens\/celula-tronco-olho-150x96.jpg 150w\" sizes=\"auto, (max-width: 300px) 100vw, 300px\" \/>Ag\u00eancia FAPESP \u2013 Cientistas japoneses conseguiram fazer com que  <em><strong>c\u00e9lulas-tronco<\/strong><\/em> cultivadas em laborat\u00f3rio se organizassem sozinhas em uma  estrutura complexa semelhante ao <em><strong>olho<\/strong><\/em>.<\/span> <span style=\"font-size: 13px; font-weight: normal;\">A novidade, destaque na edi\u00e7\u00e3o desta quinta-feira (7\/4) da revista  Nature, poder\u00e1 auxiliar no desenvolvimento de novas alternativas para  transplantes de retina e tratamento de doen\u00e7as oculares.<\/span><\/h3>\n<\/div>\n<div>\n<p>Yoshiki Sasai, do Centro de Biologia do Desenvolvimento Riken, em Kobe, e  colegas obtiveram aglomerados de c\u00e9lulas-tronco embrion\u00e1rias de camundongos em  um meio de cultura desenhado especialmente para a pesquisa.<\/p>\n<p>As c\u00e9lulas se organizaram espontaneamente em uma estrutura de camadas e  tridimensional. A estrutura se mostrou semelhante \u00e0 do c\u00e1lice \u00f3ptico, est\u00e1gio de  forma\u00e7\u00e3o do olho no feto que se desenvolve nas camadas interna e externa da  retina durante a embriog\u00eanese.<\/p>\n<p>De acordo com os autores do estudo, a organiza\u00e7\u00e3o das c\u00e9lulas-tronco n\u00e3o era  esperada, uma vez que a cultura se iniciou como um agregado sem padr\u00e3o de  c\u00e9lulas homog\u00eaneas, que n\u00e3o foi induzido a assumir uma forma espec\u00edfica.<\/p>\n<p>A pesquisa destaca como a forma\u00e7\u00e3o do c\u00e1lice \u00f3ptico depende de uma  programa\u00e7\u00e3o intr\u00ednseca, sequencial e auto-organizada que direciona o destino e a  posi\u00e7\u00e3o das c\u00e9lulas, bem como o formato dessa estrutura embrion\u00e1ria do olho.<\/p>\n<p>\u201cCom esse estudo, conseguimos resolver um problema em embriologia que  permanecia h\u00e1 quase um s\u00e9culo, ao mostrar que precursores da retina t\u00eam a  capacidade inerente de dar origem \u00e0 estrutura complexa do c\u00e1lice \u00f3ptico\u201d, disse  Sasai.<\/p>\n<p>\u201c\u00c9 estimulante pensar que agora estamos no caminho de nos tornarmos capazes  n\u00e3o apenas de gerar tipos de c\u00e9lulas diferenciadas, mas tamb\u00e9m tecidos  organizados, que podem abrir novos caminhos para aplica\u00e7\u00f5es na medicina  regenerativa\u201d, disse o cientista.<\/p>\n<p>O artigo Self-organizing optic-cupmorphogenesis in three-dimensional  culture (doi:10.1038\/nature09941), de Mototsugu Eiraku e outros, pode ser  lido por assinantes da Nature em <a href=\"http:\/\/www.nature.com\/\" target=\"_blank\">www.nature.com<\/a>.<\/p>\n<\/div>\n","protected":false},"excerpt":{"rendered":"<p>Ag\u00eancia FAPESP \u2013 Cientistas japoneses conseguiram fazer com que c\u00e9lulas-tronco cultivadas em laborat\u00f3rio se organizassem sozinhas em uma estrutura complexa semelhante ao olho. A novidade, destaque na edi\u00e7\u00e3o desta quinta-feira (7\/4) da revista Nature, poder\u00e1 auxiliar no desenvolvimento de novas alternativas para transplantes de retina e tratamento de doen\u00e7as oculares. Yoshiki Sasai, do Centro de [&hellip;]<\/p>\n","protected":false},"author":3,"featured_media":34479,"comment_status":"open","ping_status":"open","sticky":false,"template":"","format":"standard","meta":{"_genesis_hide_title":false,"_genesis_hide_breadcrumbs":false,"_genesis_hide_singular_image":false,"_genesis_hide_footer_widgets":false,"_genesis_custom_body_class":"","_genesis_custom_post_class":"","_genesis_layout":"","_jetpack_memberships_contains_paid_content":false,"footnotes":""},"categories":[22],"tags":[],"class_list":{"0":"post-34466","1":"post","2":"type-post","3":"status-publish","4":"format-standard","5":"has-post-thumbnail","7":"category-brasil","8":"entry","9":"gs-1","10":"gs-odd","11":"gs-even","12":"gs-featured-content-entry"},"jetpack_featured_media_url":"https:\/\/www.redenoticia.com.br\/noticia\/imagens\/celula-tronco-olho.jpg","jetpack_sharing_enabled":true,"jetpack_likes_enabled":true,"_links":{"self":[{"href":"https:\/\/www.redenoticia.com.br\/noticia\/wp-json\/wp\/v2\/posts\/34466","targetHints":{"allow":["GET"]}}],"collection":[{"href":"https:\/\/www.redenoticia.com.br\/noticia\/wp-json\/wp\/v2\/posts"}],"about":[{"href":"https:\/\/www.redenoticia.com.br\/noticia\/wp-json\/wp\/v2\/types\/post"}],"author":[{"embeddable":true,"href":"https:\/\/www.redenoticia.com.br\/noticia\/wp-json\/wp\/v2\/users\/3"}],"replies":[{"embeddable":true,"href":"https:\/\/www.redenoticia.com.br\/noticia\/wp-json\/wp\/v2\/comments?post=34466"}],"version-history":[{"count":0,"href":"https:\/\/www.redenoticia.com.br\/noticia\/wp-json\/wp\/v2\/posts\/34466\/revisions"}],"wp:featuredmedia":[{"embeddable":true,"href":"https:\/\/www.redenoticia.com.br\/noticia\/wp-json\/wp\/v2\/media\/34479"}],"wp:attachment":[{"href":"https:\/\/www.redenoticia.com.br\/noticia\/wp-json\/wp\/v2\/media?parent=34466"}],"wp:term":[{"taxonomy":"category","embeddable":true,"href":"https:\/\/www.redenoticia.com.br\/noticia\/wp-json\/wp\/v2\/categories?post=34466"},{"taxonomy":"post_tag","embeddable":true,"href":"https:\/\/www.redenoticia.com.br\/noticia\/wp-json\/wp\/v2\/tags?post=34466"}],"curies":[{"name":"wp","href":"https:\/\/api.w.org\/{rel}","templated":true}]}}