{"id":34442,"date":"2011-04-06T21:48:57","date_gmt":"2011-04-07T01:48:57","guid":{"rendered":"http:\/\/www.redenoticia.com.br\/noticia\/?p=34442"},"modified":"2011-04-06T21:48:58","modified_gmt":"2011-04-07T01:48:58","slug":"seguradora-disponibiliza-guinchos-para-a-inspecao-veicular-sp","status":"publish","type":"post","link":"https:\/\/www.redenoticia.com.br\/noticia\/2011\/seguradora-disponibiliza-guinchos-para-a-inspecao-veicular-sp\/34442","title":{"rendered":"Seguradora disponibiliza guinchos para a Inspe\u00e7\u00e3o Veicular SP"},"content":{"rendered":"<p><em><strong><img loading=\"lazy\" decoding=\"async\" class=\"alignleft size-full wp-image-21295\" title=\"inspecao veicular\" src=\"https:\/\/www.redenoticia.com.br\/noticia\/imagens\/inspecao-veicular.jpg\" alt=\"\" width=\"300\" height=\"193\" srcset=\"https:\/\/www.redenoticia.com.br\/noticia\/imagens\/inspecao-veicular.jpg 300w, https:\/\/www.redenoticia.com.br\/noticia\/imagens\/inspecao-veicular-250x160.jpg 250w, https:\/\/www.redenoticia.com.br\/noticia\/imagens\/inspecao-veicular-150x96.jpg 150w\" sizes=\"auto, (max-width: 300px) 100vw, 300px\" \/>Inspe\u00e7\u00e3o Veicular Obrigat\u00f3ria<\/strong><\/em> &#8211; para proporcionar mais comodidade aos segurados Auto que tamb\u00e9m s\u00e3o clientes  do cart\u00e3o Porto Seguro Visa na cidade de S\u00e3o Paulo, a Porto Seguro  (<a href=\"http:\/\/www.portoseguro.com.br\" target=\"_blank\">www.portoseguro.com.br<\/a>) passa a disponibilizar a op\u00e7\u00e3o \u201cGuincho\u201d no servi\u00e7o de  \u201cLeva e Traz\u201d de autom\u00f3veis* para a Inspe\u00e7\u00e3o Veicular Obrigat\u00f3ria da Prefeitura.  O atendimento** \u00e9 feito por motoristas que: buscam o ve\u00edculo, utilizando  guinchos \u2013 levam-no aos postos de an\u00e1lise \u2013 aguardam o t\u00e9rmino da inspe\u00e7\u00e3o veicular \u2013 e o  reconduzem ao local definido pelo propriet\u00e1rio do ve\u00edculo.<\/p>\n<p>\u201cInclu\u00edmos o uso de guinchos no servi\u00e7o de \u2018Leva e Traz\u2019 para oferecer mais  alternativas de atendimento aos clientes, que podem escolher a que melhor se  encaixa \u00e0s suas necessidades\u201d, afirma Marcelo Pican\u00e7o, diretor da Porto Seguro  Cart\u00f5es. \u201cVale lembrar que o segurado continua a contar com a op\u00e7\u00e3o de  atendimento em que o prestador realiza a locomo\u00e7\u00e3o no pr\u00f3prio ve\u00edculo a ser  inspecionado\u201d, completa.<\/p>\n<p>Como funciona<br \/>\nPara solicitar o servi\u00e7o de \u201cLeva e Traz\u201d com a op\u00e7\u00e3o  Guincho, \u00e9 preciso observar os seguintes procedimentos:<br \/>\n\u2022 Primeiro, o  cliente <em><strong>agenda<\/strong><\/em> sua Inspe\u00e7\u00e3o veicular junto a <em><strong>Controlar<\/strong><\/em>, empresa respons\u00e1vel pela an\u00e1lise  na cidade de S\u00e3o Paulo (mais informa\u00e7\u00f5es em <a href=\"http:\/\/www.controlar.com.br\" target=\"_blank\">www.controlar.com.br<\/a>);<br \/>\n\u2022 Em  seguida solicita o servi\u00e7o para o ve\u00edculo a ser inspecionado, via Central de  Relacionamento do Cart\u00e3o (Fone: 4004 \u2013 3600). O custo \u00e9 de R$ 136,00, que podem  ser parcelados em at\u00e9 quatro vezes sem juros (mensais de R$ 34,00) no cart\u00e3o  Porto Seguro Visa. H\u00e1 ainda a possibilidade de utilizar pontos acumulados  mediante o uso do cart\u00e3o. Nesse caso, o segurado precisa ter quatro mil pontos  dispon\u00edveis no Programa de Relacionamento do produto;<br \/>\n\u2022 Na data, hor\u00e1rio e  local combinados, um prestador com guincho busca o ve\u00edculo para realizar a  Inspe\u00e7\u00e3o. O profissional acompanha todas as etapas da an\u00e1lise e, ap\u00f3s o  procedimento, reconduz o autom\u00f3vel para o local de origem, determinado pelo  cliente.<\/p>\n<p>*Apenas para autom\u00f3veis da Grande S\u00e3o Paulo; n\u00e3o dispon\u00edvel para  motos e caminh\u00f5es;<br \/>\n**O atendimento ser\u00e1 realizado apenas em dias que n\u00e3o  sejam o do rod\u00edzio do segurado.<\/p>\n<p>Comodidade<br \/>\nAinda de acordo com Marcelo Pican\u00e7o, o servi\u00e7o de \u201cLeva e  Traz\u201d oferece aos clientes a conveni\u00eancia de realizar a Inspe\u00e7\u00e3o Veicular  Obrigat\u00f3ria sem comprometer seus compromissos di\u00e1rios. \u201cNa pr\u00e1tica, o  atendimento representa ganho de tempo para o usu\u00e1rio, que pode manter a sua  rotina\u201d, explica. \u201cAl\u00e9m disso, o segurado conta com a tranquilidade de entregar  seu ve\u00edculo a profissionais preparados para prestar esse servi\u00e7o, com a devida  seguran\u00e7a na condu\u00e7\u00e3o do autom\u00f3vel e acompanhamento da an\u00e1lise\u201d, acrescenta.<\/p>\n<p>J\u00e1 de acordo com Marcelo Sebasti\u00e3o, diretor do Porto Seguro Auto, a proposta  do \u201cLeva e Traz\u201d est\u00e1 em sintonia com os objetivos da Inspe\u00e7\u00e3o Veicular.  \u201cFacilitando a condu\u00e7\u00e3o dos ve\u00edculos at\u00e9 a an\u00e1lise, motivamos nossos clientes a  n\u00e3o deixar de realiz\u00e1-la. Dessa forma, tamb\u00e9m colaboramos para reduzir a emiss\u00e3o  de poluentes\u201d, comenta.<\/p>\n<p>Central de Conveni\u00eancia<br \/>\nO \u201cLeva e Traz\u201d integra a Central de Conveni\u00eancia  do Porto Seguro Visa, pela qual os clientes do cart\u00e3o podem solicitar diversos  servi\u00e7os para facilitar a sua vida, realizados por prestadores que seguem o  padr\u00e3o de qualidade e atendimento Porto Seguro (com pagamento feito por meio do  cart\u00e3o). Muitos n\u00e3o s\u00e3o habitualmente encontrados no mercado, como pequenas  reformas, pinturas, suporte e manuten\u00e7\u00e3o para inform\u00e1tica, conserto de  equipamentos eletr\u00f4nicos (com retirada do item), instala\u00e7\u00e3o de home theater,  entre outros. \u201cNosso objetivo final \u00e9 descomplicar o cotidiano do nosso cliente,  que a cada dia demanda mais conveni\u00eancia, pois tem menos tempo para resolver o  que precisa\u201d, diz Marcelo Pican\u00e7o.<\/p>\n<p>Inspe\u00e7\u00e3o Veicular Obrigat\u00f3ria<br \/>\nA an\u00e1lise deve ser feita por todos os  ve\u00edculos registrados na cidade de S\u00e3o Paulo, independente do modelo, ano de  fabrica\u00e7\u00e3o ou combust\u00edvel utilizado. O prazo para realizar a inspe\u00e7\u00e3o varia  conforme o n\u00famero final da placa. O agendamento \u00e9 feito pelo site da Controlar.  Na p\u00e1gina, primeiro o motorista informa o n\u00famero do RENAVAM do ve\u00edculo, para  confirmar se est\u00e1 dentro do cronograma. Depois, imprime o boleto referente ao  valor do servi\u00e7o (R$ 61,98), para pagamento na rede de bancos conveniados. Por  fim, agenda uma data para a inspe\u00e7\u00e3o.<\/p>\n","protected":false},"excerpt":{"rendered":"<p>Inspe\u00e7\u00e3o Veicular Obrigat\u00f3ria &#8211; para proporcionar mais comodidade aos segurados Auto que tamb\u00e9m s\u00e3o clientes do cart\u00e3o Porto Seguro Visa na cidade de S\u00e3o Paulo, a Porto Seguro (www.portoseguro.com.br) passa a disponibilizar a op\u00e7\u00e3o \u201cGuincho\u201d no servi\u00e7o de \u201cLeva e Traz\u201d de autom\u00f3veis* para a Inspe\u00e7\u00e3o Veicular Obrigat\u00f3ria da Prefeitura. O atendimento** \u00e9 feito por [&hellip;]<\/p>\n","protected":false},"author":3,"featured_media":21295,"comment_status":"open","ping_status":"open","sticky":false,"template":"","format":"standard","meta":{"_genesis_hide_title":false,"_genesis_hide_breadcrumbs":false,"_genesis_hide_singular_image":false,"_genesis_hide_footer_widgets":false,"_genesis_custom_body_class":"","_genesis_custom_post_class":"","_genesis_layout":"","_jetpack_memberships_contains_paid_content":false,"footnotes":""},"categories":[22],"tags":[],"class_list":{"0":"post-34442","1":"post","2":"type-post","3":"status-publish","4":"format-standard","5":"has-post-thumbnail","7":"category-brasil","8":"entry","9":"gs-1","10":"gs-odd","11":"gs-even","12":"gs-featured-content-entry"},"jetpack_featured_media_url":"https:\/\/www.redenoticia.com.br\/noticia\/imagens\/inspecao-veicular.jpg","jetpack_sharing_enabled":true,"jetpack_likes_enabled":true,"_links":{"self":[{"href":"https:\/\/www.redenoticia.com.br\/noticia\/wp-json\/wp\/v2\/posts\/34442","targetHints":{"allow":["GET"]}}],"collection":[{"href":"https:\/\/www.redenoticia.com.br\/noticia\/wp-json\/wp\/v2\/posts"}],"about":[{"href":"https:\/\/www.redenoticia.com.br\/noticia\/wp-json\/wp\/v2\/types\/post"}],"author":[{"embeddable":true,"href":"https:\/\/www.redenoticia.com.br\/noticia\/wp-json\/wp\/v2\/users\/3"}],"replies":[{"embeddable":true,"href":"https:\/\/www.redenoticia.com.br\/noticia\/wp-json\/wp\/v2\/comments?post=34442"}],"version-history":[{"count":0,"href":"https:\/\/www.redenoticia.com.br\/noticia\/wp-json\/wp\/v2\/posts\/34442\/revisions"}],"wp:featuredmedia":[{"embeddable":true,"href":"https:\/\/www.redenoticia.com.br\/noticia\/wp-json\/wp\/v2\/media\/21295"}],"wp:attachment":[{"href":"https:\/\/www.redenoticia.com.br\/noticia\/wp-json\/wp\/v2\/media?parent=34442"}],"wp:term":[{"taxonomy":"category","embeddable":true,"href":"https:\/\/www.redenoticia.com.br\/noticia\/wp-json\/wp\/v2\/categories?post=34442"},{"taxonomy":"post_tag","embeddable":true,"href":"https:\/\/www.redenoticia.com.br\/noticia\/wp-json\/wp\/v2\/tags?post=34442"}],"curies":[{"name":"wp","href":"https:\/\/api.w.org\/{rel}","templated":true}]}}