{"id":34441,"date":"2011-04-06T17:33:21","date_gmt":"2011-04-06T21:33:21","guid":{"rendered":"http:\/\/www.redenoticia.com.br\/noticia\/?p=34441"},"modified":"2011-04-07T13:06:31","modified_gmt":"2011-04-07T17:06:31","slug":"meteorologia-%e2%80%93-previsao-do-tempo-para-esta-quinta-feira-0704","status":"publish","type":"post","link":"https:\/\/www.redenoticia.com.br\/noticia\/2011\/meteorologia-%e2%80%93-previsao-do-tempo-para-esta-quinta-feira-0704\/34441","title":{"rendered":"Meteorologia \u2013 previs\u00e3o do tempo para esta quinta-feira 07\/04"},"content":{"rendered":"<p><img loading=\"lazy\" decoding=\"async\" class=\"alignleft size-full wp-image-28409\" title=\"previsao do tempo e temperatura\" src=\"https:\/\/www.redenoticia.com.br\/noticia\/imagens\/previsao-do-tempo-e-temperatura.jpg\" alt=\"\" width=\"300\" height=\"193\" srcset=\"https:\/\/www.redenoticia.com.br\/noticia\/imagens\/previsao-do-tempo-e-temperatura.jpg 300w, https:\/\/www.redenoticia.com.br\/noticia\/imagens\/previsao-do-tempo-e-temperatura-250x160.jpg 250w, https:\/\/www.redenoticia.com.br\/noticia\/imagens\/previsao-do-tempo-e-temperatura-150x96.jpg 150w\" sizes=\"auto, (max-width: 300px) 100vw, 300px\" \/><\/p>\n<p>Previs\u00e3o do tempo\u00a0\u2013 a\u00a0<strong><em>meteorologia<\/em><\/strong> divulgou a <strong><em>previs\u00e3o do tempo<\/em><\/strong> e\u00a0<strong><em>temperatura<\/em><\/strong> para esta quinta-feira (07\/04\/2011) e informa que uma massa de ar frio e seco se estabelece sobre o centro-sul do pa\u00eds garantindo o predom\u00ednio de sol no sul de MT, de GO, de MG, em todo o Estado de SP e de MS e em praticamente toda a Regi\u00e3o Sul. Segundo a previs\u00e3o do tempo nestas \u00e1reas haver\u00e1 condi\u00e7\u00f5es para forma\u00e7\u00e3o de nevoeiro pela manh\u00e3. Dados da previs\u00e3o do tempo indicam que o dia ser\u00e1 de sol entre poucas nuvens no RN, leste do CE, nordeste da BA, na PB, centro-leste do PE e oeste de AL. A previs\u00e3o do tempo destaca que no centro-norte do pa\u00eds um canal de umidade continua atuando entre o AM e o norte do ES, onde ocorrer\u00e3o pancadas de chuva a qualquer momento. As temperaturas estar\u00e3o baixas no centro-sul do pa\u00eds.<\/p>\n<p>Vale do Para\u00edba \u2013 previs\u00e3o do tempo na quinta-feira (07\/04), o dia ser\u00e1 de predom\u00ednio de sol e temperaturas elevadas. Ocorrer\u00e3o nevoeiros no in\u00edcio da manh\u00e3. A chance de ocorr\u00eancia de chuva \u00e9 muito pequena.<\/p>\n<p>Regi\u00e3o Centro-Oeste \u2013 previs\u00e3o do tempo em\u00a007\/04\/2011:\u00a0No sul de GO e de MT e em MS: predom\u00ednio de sol com forma\u00e7\u00e3o de nevoeiro pela manh\u00e3. Na faixa norte de GO e do MT: nublado com fortes pancadas de chuva. Nas demais \u00e1reas de GO: sol entre poucas nuvens com pancadas de chuva \u00e0 tarde. Nas demais \u00e1reas de MT: sol entre nebulosidade vari\u00e1vel e com pancadas de chuva isolada e localmente forte. Temperatura est\u00e1vel. Temperatura m\u00e1xima: 34C no norte do MT. Temperatura m\u00ednima: 10C no sul do MS.<\/p>\n<p>Regi\u00e3o Nordeste \u2013 previs\u00e3o do tempo em\u00a007\/04\/2011:\u00a0No litoral norte da BA, no SE e leste de AL: sol entre nebulosidade vari\u00e1vel e pancada de chuva isolada. No nordeste da BA, demais \u00e1reas de AL, no centro-leste de PE, em PB, no RN e leste do CE: sol e poucas nuvens. Nas demais \u00e1reas da regi\u00e3o: nebulosidade vari\u00e1vel e pancada de chuva isolada. Temperatura est\u00e1vel. Temperatura m\u00e1xima: 36C no oeste da BA. Temperatura m\u00ednima: 17C no interior da BA.<\/p>\n<p>Regi\u00e3o Norte \u2013 previs\u00e3o do tempo em\u00a007\/04\/2011:\u00a0No norte da AP: possibilidade de pancadas de chuva. No nordeste de RR: sol e varia\u00e7\u00e3o de nuvens. No leste do PA e no centro-norte do TO: sol entre nebulosidade vari\u00e1vel e com pancadas de chuva isolada. Nas demais \u00e1reas da Regi\u00e3o: nublado com fortes pancadas de chuva. Temperatura est\u00e1vel. Temperatura m\u00e1xima: 35C no nordeste de RR. Temperatura m\u00ednima: 17C no sudeste do TO.<\/p>\n<p>Regi\u00e3o Sudeste \u2013 previs\u00e3o do tempo em\u00a007\/04\/2011:\u00a0Em SP, no RJ, sul de MG e no Tri\u00e2ngulo Mineiro: predom\u00ednio de sol. Na faixa centro-leste de MG e sul do ES: possibilidade de pancadas de chuva. No norte e nordeste de MG e norte do ES: nublado com pancadas de chuva. Nas demais \u00e1reas da regi\u00e3o: sol entre varia\u00e7\u00e3o de nuvens e pancadas de chuva \u00e0 tarde. Temperatura m\u00ednima baixa em SP. Temperatura m\u00e1xima: 30C no oeste de SP. Temperatura m\u00ednima: 10C no sul de MG.<\/p>\n<p>Regi\u00e3o Sul \u2013 previs\u00e3o do tempo em\u00a007\/04\/2011:\u00a0No oeste do RS: sol entre varia\u00e7\u00e3o de nuvens e possibilidade de pancadas de chuva. Nas demais \u00e1reas da Regi\u00e3o: predom\u00ednio de sol. Temperatura m\u00ednima baixa no nordeste do RS e sudeste de SC, principalmente nas \u00e1reas de serra. Temperatura m\u00e1xima: 30C no oeste do RS. Temperatura m\u00ednima: 7C nas \u00e1reas de serra.<\/p>\n<p>Previs\u00e3o do tempo e temperatura CPTEC<\/p>\n<p>&nbsp;<\/p>\n","protected":false},"excerpt":{"rendered":"<p>Previs\u00e3o do tempo\u00a0\u2013 a\u00a0meteorologia divulgou a previs\u00e3o do tempo e\u00a0temperatura para esta quinta-feira (07\/04\/2011) e informa que uma massa de ar frio e seco se estabelece sobre o centro-sul do pa\u00eds garantindo o predom\u00ednio de sol no sul de MT, de GO, de MG, em todo o Estado de SP e de MS e em [&hellip;]<\/p>\n","protected":false},"author":3,"featured_media":28409,"comment_status":"open","ping_status":"open","sticky":false,"template":"","format":"standard","meta":{"_genesis_hide_title":false,"_genesis_hide_breadcrumbs":false,"_genesis_hide_singular_image":false,"_genesis_hide_footer_widgets":false,"_genesis_custom_body_class":"","_genesis_custom_post_class":"","_genesis_layout":"","_jetpack_memberships_contains_paid_content":false,"footnotes":""},"categories":[22],"tags":[],"class_list":{"0":"post-34441","1":"post","2":"type-post","3":"status-publish","4":"format-standard","5":"has-post-thumbnail","7":"category-brasil","8":"entry","9":"gs-1","10":"gs-odd","11":"gs-even","12":"gs-featured-content-entry"},"jetpack_featured_media_url":"https:\/\/www.redenoticia.com.br\/noticia\/imagens\/previsao-do-tempo-e-temperatura.jpg","jetpack_sharing_enabled":true,"jetpack_likes_enabled":true,"_links":{"self":[{"href":"https:\/\/www.redenoticia.com.br\/noticia\/wp-json\/wp\/v2\/posts\/34441","targetHints":{"allow":["GET"]}}],"collection":[{"href":"https:\/\/www.redenoticia.com.br\/noticia\/wp-json\/wp\/v2\/posts"}],"about":[{"href":"https:\/\/www.redenoticia.com.br\/noticia\/wp-json\/wp\/v2\/types\/post"}],"author":[{"embeddable":true,"href":"https:\/\/www.redenoticia.com.br\/noticia\/wp-json\/wp\/v2\/users\/3"}],"replies":[{"embeddable":true,"href":"https:\/\/www.redenoticia.com.br\/noticia\/wp-json\/wp\/v2\/comments?post=34441"}],"version-history":[{"count":0,"href":"https:\/\/www.redenoticia.com.br\/noticia\/wp-json\/wp\/v2\/posts\/34441\/revisions"}],"wp:featuredmedia":[{"embeddable":true,"href":"https:\/\/www.redenoticia.com.br\/noticia\/wp-json\/wp\/v2\/media\/28409"}],"wp:attachment":[{"href":"https:\/\/www.redenoticia.com.br\/noticia\/wp-json\/wp\/v2\/media?parent=34441"}],"wp:term":[{"taxonomy":"category","embeddable":true,"href":"https:\/\/www.redenoticia.com.br\/noticia\/wp-json\/wp\/v2\/categories?post=34441"},{"taxonomy":"post_tag","embeddable":true,"href":"https:\/\/www.redenoticia.com.br\/noticia\/wp-json\/wp\/v2\/tags?post=34441"}],"curies":[{"name":"wp","href":"https:\/\/api.w.org\/{rel}","templated":true}]}}