{"id":34423,"date":"2011-04-05T17:54:44","date_gmt":"2011-04-05T21:54:44","guid":{"rendered":"http:\/\/www.redenoticia.com.br\/noticia\/?p=34423"},"modified":"2011-04-06T13:02:30","modified_gmt":"2011-04-06T17:02:30","slug":"meteorologia-%e2%80%93-previsao-do-tempo-para-esta-quarta-feira-0604","status":"publish","type":"post","link":"https:\/\/www.redenoticia.com.br\/noticia\/2011\/meteorologia-%e2%80%93-previsao-do-tempo-para-esta-quarta-feira-0604\/34423","title":{"rendered":"Meteorologia \u2013 previs\u00e3o do tempo para esta quarta-feira 06\/04"},"content":{"rendered":"<p><img loading=\"lazy\" decoding=\"async\" class=\"alignleft size-full wp-image-28410\" title=\"previsao do tempo temperatura\" src=\"https:\/\/www.redenoticia.com.br\/noticia\/imagens\/previsao-do-tempo-temperatura.jpg\" alt=\"\" width=\"300\" height=\"193\" srcset=\"https:\/\/www.redenoticia.com.br\/noticia\/imagens\/previsao-do-tempo-temperatura.jpg 300w, https:\/\/www.redenoticia.com.br\/noticia\/imagens\/previsao-do-tempo-temperatura-250x160.jpg 250w, https:\/\/www.redenoticia.com.br\/noticia\/imagens\/previsao-do-tempo-temperatura-150x96.jpg 150w\" sizes=\"auto, (max-width: 300px) 100vw, 300px\" \/><\/p>\n<p>Previs\u00e3o do tempo\u00a0\u2013 a\u00a0<strong><em>meteorologia<\/em><\/strong> divulgou a <strong><em>previs\u00e3o do tempo<\/em><\/strong> e\u00a0<strong><em>temperatura<\/em><\/strong> para esta quarta-feira (06\/04\/2011) e informa que o canal de umidade continua atuando sobre o pa\u00eds, mantendo o tempo nublado com fortes pancadas de chuva em grande parte da Regi\u00e3o norte, norte do Centro-Oeste e do Sudeste. Segundo a previs\u00e3o do tempo o sol predominar\u00e1 do sul de GO ao RS o no leste da BA, em AL e SE. Dados da previs\u00e3o do tempo indicam que no sul de GO e sudoeste de MT: sol e poucas nuvens. A previs\u00e3o do tempo destaca que as temperaturas estar\u00e3o est\u00e1veis.<\/p>\n<p>Vale do Para\u00edba \u2013 previs\u00e3o do tempo na quarta-feira (06\/04) haver\u00e1 varia\u00e7\u00e3o de nebulosidade e pancadas de chuva de forma fraca e isolada na Serra da Mantiqueira e no Vale Hist\u00f3rico. No Litoral Norte e no Alto Vale o dia ser\u00e1 de sol e poucas nuvens. A temperatura estar\u00e1 em eleva\u00e7\u00e3o. No in\u00edcio do dia haver\u00e1 chance de nevoeiros entre o Alto Vale e a serra.<\/p>\n<p>Regi\u00e3o Centro-Oeste \u2013 previs\u00e3o do tempo em\u00a006\/04\/2011:\u00a0No norte de MS, no sul de GO e sudoeste de MT: sol e poucas nuvens. Nas demais \u00e1reas de MS: predom\u00ednio de sol. Nas demais \u00e1reas da Regi\u00e3o: nublado com fortes pancadas de chuva. Temperatura est\u00e1vel. Temperatura m\u00e1xima: 34C no nordeste do MT. Temperatura m\u00ednima: 14C no sul do MS.<\/p>\n<p>Regi\u00e3o Nordeste \u2013 previs\u00e3o do tempo em\u00a006\/04\/2011:\u00a0No leste da BA, no SE, oeste de AL e interior de PE: sol e poucas nuvens. No MA, no PI, centro-oeste do CE, oeste de PE e demais \u00e1reas da BA: nublado com fortes pancadas de chuva a qualquer hora. Nas demais \u00e1reas da Regi\u00e3o: sol entre nebulosidade vari\u00e1vel e pequena chance de pancadas de chuva. Temperatura est\u00e1vel. Temperatura m\u00e1xima: 37C no nordeste da BA. Temperatura m\u00ednima: 18C no sudoeste da BA.<\/p>\n<p>Regi\u00e3o Norte \u2013 previs\u00e3o do tempo em\u00a006\/04\/2011:\u00a0No nordeste de RR: sol e poucas nuvens. Nas demais \u00e1reas da Regi\u00e3o: nublado com fortes pancadas de chuva. Temperatura est\u00e1vel. Temperatura m\u00e1xima: 36C no nordeste de RR. Temperatura m\u00ednima: 17C no noroeste de RR.<\/p>\n<p>Regi\u00e3o Sudeste \u2013 previs\u00e3o do tempo em\u00a006\/04\/2011:\u00a0No centro-oeste de MG e nordeste de SP: sol e poucas nuvens. No sul do RJ e de MG: possibilidade de pancadas de chuva \u00e0 tarde. Nas demais \u00e1reas de MG, norte do RJ e no ES: nublado com pancadas de chuva. No litoral de SP e litoral sul do RJ: possibilidade de chuva. Nas demais \u00e1reas de SP: predom\u00ednio de sol. Temperatura est\u00e1vel. Temperatura m\u00e1xima: 30C no nordeste de MG. Temperatura m\u00ednima: 12C no sul de MG.<\/p>\n<p>Regi\u00e3o Sul \u2013 previs\u00e3o do tempo em\u00a006\/04\/2011:\u00a0No litoral do PR e litoral norte de SC: possibilidade de chuva. Nas demais \u00e1reas da Regi\u00e3o: predom\u00ednio de sol. Temperatura m\u00ednima em queda. Temperatura m\u00e1xima: 28C no oeste do RS. Temperatura m\u00ednima: 5C nas \u00e1reas de serra.<\/p>\n<p>Previs\u00e3o do tempo e temperatura CPTEC<\/p>\n<p>&nbsp;<\/p>\n","protected":false},"excerpt":{"rendered":"<p>Previs\u00e3o do tempo\u00a0\u2013 a\u00a0meteorologia divulgou a previs\u00e3o do tempo e\u00a0temperatura para esta quarta-feira (06\/04\/2011) e informa que o canal de umidade continua atuando sobre o pa\u00eds, mantendo o tempo nublado com fortes pancadas de chuva em grande parte da Regi\u00e3o norte, norte do Centro-Oeste e do Sudeste. Segundo a previs\u00e3o do tempo o sol predominar\u00e1 [&hellip;]<\/p>\n","protected":false},"author":3,"featured_media":28410,"comment_status":"open","ping_status":"open","sticky":false,"template":"","format":"standard","meta":{"_genesis_hide_title":false,"_genesis_hide_breadcrumbs":false,"_genesis_hide_singular_image":false,"_genesis_hide_footer_widgets":false,"_genesis_custom_body_class":"","_genesis_custom_post_class":"","_genesis_layout":"","_jetpack_memberships_contains_paid_content":false,"footnotes":""},"categories":[22],"tags":[],"class_list":{"0":"post-34423","1":"post","2":"type-post","3":"status-publish","4":"format-standard","5":"has-post-thumbnail","7":"category-brasil","8":"entry","9":"gs-1","10":"gs-odd","11":"gs-even","12":"gs-featured-content-entry"},"jetpack_featured_media_url":"https:\/\/www.redenoticia.com.br\/noticia\/imagens\/previsao-do-tempo-temperatura.jpg","jetpack_sharing_enabled":true,"jetpack_likes_enabled":true,"_links":{"self":[{"href":"https:\/\/www.redenoticia.com.br\/noticia\/wp-json\/wp\/v2\/posts\/34423","targetHints":{"allow":["GET"]}}],"collection":[{"href":"https:\/\/www.redenoticia.com.br\/noticia\/wp-json\/wp\/v2\/posts"}],"about":[{"href":"https:\/\/www.redenoticia.com.br\/noticia\/wp-json\/wp\/v2\/types\/post"}],"author":[{"embeddable":true,"href":"https:\/\/www.redenoticia.com.br\/noticia\/wp-json\/wp\/v2\/users\/3"}],"replies":[{"embeddable":true,"href":"https:\/\/www.redenoticia.com.br\/noticia\/wp-json\/wp\/v2\/comments?post=34423"}],"version-history":[{"count":0,"href":"https:\/\/www.redenoticia.com.br\/noticia\/wp-json\/wp\/v2\/posts\/34423\/revisions"}],"wp:featuredmedia":[{"embeddable":true,"href":"https:\/\/www.redenoticia.com.br\/noticia\/wp-json\/wp\/v2\/media\/28410"}],"wp:attachment":[{"href":"https:\/\/www.redenoticia.com.br\/noticia\/wp-json\/wp\/v2\/media?parent=34423"}],"wp:term":[{"taxonomy":"category","embeddable":true,"href":"https:\/\/www.redenoticia.com.br\/noticia\/wp-json\/wp\/v2\/categories?post=34423"},{"taxonomy":"post_tag","embeddable":true,"href":"https:\/\/www.redenoticia.com.br\/noticia\/wp-json\/wp\/v2\/tags?post=34423"}],"curies":[{"name":"wp","href":"https:\/\/api.w.org\/{rel}","templated":true}]}}