{"id":34382,"date":"2011-04-04T10:17:31","date_gmt":"2011-04-04T14:17:31","guid":{"rendered":"http:\/\/www.redenoticia.com.br\/noticia\/?p=34382"},"modified":"2011-04-04T10:18:01","modified_gmt":"2011-04-04T14:18:01","slug":"semana-estadual-sp-de-combate-a-dengue","status":"publish","type":"post","link":"https:\/\/www.redenoticia.com.br\/noticia\/2011\/semana-estadual-sp-de-combate-a-dengue\/34382","title":{"rendered":"Semana estadual (SP) de combate \u00e0 dengue"},"content":{"rendered":"<p>O Governdo do Estado de S\u00e3o Paulo, por meio da Secretaria da Sa\u00fade, ir\u00e1 mobilizar, a partir desta segunda-feira, 4, 25 mil agentes na <em><strong>Semana Estadual de Combate \u00e0 Dengue<\/strong><\/em>. Uma s\u00e9rie de atividades especiais ir\u00e1 acontecer nos munic\u00edpios paulistas at\u00e9 a pr\u00f3xima sexta-feira, 8, com objetivo de alertar a popula\u00e7\u00e3o sobre a import\u00e2ncia de eliminar criadouros do mosquito Aedes aegypti.<\/p>\n<p>&#8220;Este \u00e9 um momento crucial para evitar a prolifera\u00e7\u00e3o do mosquito transmissor da dengue. O calor ainda persiste e as chuvas diminu\u00edram. \u00c9 preciso que todos estejam atentos para remover os recipientes com \u00e1gua parada, eliminando poss\u00edveis criadouros nas resid\u00eancias&#8221;, diz o secret\u00e1rio da Sa\u00fade, Giovanni Guido Cerri.<\/p>\n<p>Na capital a abertura oficial da opera\u00e7\u00e3o acontecer\u00e1 a partir das 9h, no bairro do Campo Limpo, uma das \u00e1reas do munic\u00edpio consideradas priorit\u00e1rias no combate \u00e0 doen\u00e7a. Noventa agentes ir\u00e3o percorrer ruas do bairro, a partir da pra\u00e7a Reinaldo Macanha (entre as ruas Pirajussara Valo Velho e Vitoriano de Oliveira), ponto de encontro dos profissionais.<\/p>\n<p>Por todo o Estado ser\u00e3o realizadas atividades de intensifica\u00e7\u00e3o de busca e elimina\u00e7\u00e3o de focos do mosquito casa a casa, orienta\u00e7\u00e3o para a popula\u00e7\u00e3o, vistoria de escolas, ped\u00e1gios educativos e arrast\u00f5es, entre outras a\u00e7\u00f5es.<\/p>\n<p>A Secretaria tamb\u00e9m ir\u00e1 distribuir cerca de 500 mil panfletos em pra\u00e7as de ped\u00e1gios de rodovias administradas pela Dersa e pelas concession\u00e1rias Colinas, SPVias e AutoBan. Outros 20 mil cartazes sobre a semana estadual foram distribu\u00eddos aos munic\u00edpios para dar visibilidade \u00e0 campanha<\/p>\n<p>No \u00faltimo dia 30 a Secretaria, em parceria com a operadora de telefonia celular Vivo, iniciou o envio de um milh\u00e3o de torpedos com alertas sobre combate \u00e0 dengue por todo o Estado, com \u00eanfase nas regi\u00f5es da Baixada Santista, S\u00e3o Jos\u00e9 do Rio Preto e Ribeir\u00e3o Preto, \u00e1reas do estado com hist\u00f3rico de forte transmiss\u00e3o da doen\u00e7a.<\/p>\n<p>O balan\u00e7o da Secretaria apontou que o n\u00famero de casos de dengue no primeiro bimestre foi 92,6% inferior ao registrado no mesmo per\u00edodo de 2010. Os munic\u00edpios paulistas informaram \u00e0 Secretaria at\u00e9 o final de fevereiro, por interm\u00e9dio do Sinan (Sistema de Informa\u00e7\u00f5es de Agravos de Notifica\u00e7\u00e3o) 3.390 casos aut\u00f3ctones (com transmiss\u00e3o dentro do estado) da doen\u00e7a em janeiro e fevereiro. No primeiro bimestre do ano passado houve 46.050<\/p>\n<p>Da Secretaria da Sa\u00fade<\/p>\n","protected":false},"excerpt":{"rendered":"<p>O Governdo do Estado de S\u00e3o Paulo, por meio da Secretaria da Sa\u00fade, ir\u00e1 mobilizar, a partir desta segunda-feira, 4, 25 mil agentes na Semana Estadual de Combate \u00e0 Dengue. Uma s\u00e9rie de atividades especiais ir\u00e1 acontecer nos munic\u00edpios paulistas at\u00e9 a pr\u00f3xima sexta-feira, 8, com objetivo de alertar a popula\u00e7\u00e3o sobre a import\u00e2ncia de [&hellip;]<\/p>\n","protected":false},"author":3,"featured_media":0,"comment_status":"open","ping_status":"open","sticky":false,"template":"","format":"standard","meta":{"_genesis_hide_title":false,"_genesis_hide_breadcrumbs":false,"_genesis_hide_singular_image":false,"_genesis_hide_footer_widgets":false,"_genesis_custom_body_class":"","_genesis_custom_post_class":"","_genesis_layout":"","_jetpack_memberships_contains_paid_content":false,"footnotes":""},"categories":[22,5],"tags":[],"class_list":{"0":"post-34382","1":"post","2":"type-post","3":"status-publish","4":"format-standard","6":"category-brasil","7":"category-saude-e-vida","8":"entry","9":"gs-1","10":"gs-odd","11":"gs-even","12":"gs-featured-content-entry"},"jetpack_featured_media_url":"","jetpack_sharing_enabled":true,"jetpack_likes_enabled":true,"_links":{"self":[{"href":"https:\/\/www.redenoticia.com.br\/noticia\/wp-json\/wp\/v2\/posts\/34382","targetHints":{"allow":["GET"]}}],"collection":[{"href":"https:\/\/www.redenoticia.com.br\/noticia\/wp-json\/wp\/v2\/posts"}],"about":[{"href":"https:\/\/www.redenoticia.com.br\/noticia\/wp-json\/wp\/v2\/types\/post"}],"author":[{"embeddable":true,"href":"https:\/\/www.redenoticia.com.br\/noticia\/wp-json\/wp\/v2\/users\/3"}],"replies":[{"embeddable":true,"href":"https:\/\/www.redenoticia.com.br\/noticia\/wp-json\/wp\/v2\/comments?post=34382"}],"version-history":[{"count":0,"href":"https:\/\/www.redenoticia.com.br\/noticia\/wp-json\/wp\/v2\/posts\/34382\/revisions"}],"wp:attachment":[{"href":"https:\/\/www.redenoticia.com.br\/noticia\/wp-json\/wp\/v2\/media?parent=34382"}],"wp:term":[{"taxonomy":"category","embeddable":true,"href":"https:\/\/www.redenoticia.com.br\/noticia\/wp-json\/wp\/v2\/categories?post=34382"},{"taxonomy":"post_tag","embeddable":true,"href":"https:\/\/www.redenoticia.com.br\/noticia\/wp-json\/wp\/v2\/tags?post=34382"}],"curies":[{"name":"wp","href":"https:\/\/api.w.org\/{rel}","templated":true}]}}