{"id":34379,"date":"2011-04-04T08:54:08","date_gmt":"2011-04-04T12:54:08","guid":{"rendered":"http:\/\/www.redenoticia.com.br\/noticia\/?p=34379"},"modified":"2011-04-04T10:04:19","modified_gmt":"2011-04-04T14:04:19","slug":"inep-inicia-pesquisa-com-participantes-do-enade-2005-e-2008","status":"publish","type":"post","link":"https:\/\/www.redenoticia.com.br\/noticia\/2011\/inep-inicia-pesquisa-com-participantes-do-enade-2005-e-2008\/34379","title":{"rendered":"Inep inicia pesquisa com participantes do Enade 2005 e 2008"},"content":{"rendered":"<p><img loading=\"lazy\" decoding=\"async\" class=\"alignleft size-full wp-image-25080\" title=\"enade resultado lista\" src=\"https:\/\/www.redenoticia.com.br\/noticia\/imagens\/enade-resultado-lista.jpg\" alt=\"\" width=\"300\" height=\"193\" srcset=\"https:\/\/www.redenoticia.com.br\/noticia\/imagens\/enade-resultado-lista.jpg 300w, https:\/\/www.redenoticia.com.br\/noticia\/imagens\/enade-resultado-lista-250x160.jpg 250w, https:\/\/www.redenoticia.com.br\/noticia\/imagens\/enade-resultado-lista-150x96.jpg 150w\" sizes=\"auto, (max-width: 300px) 100vw, 300px\" \/>Pesquisa <em><strong>Enade <\/strong><\/em>pelo<strong><\/strong><em><strong> Inep<\/strong><\/em> &#8211; teve in\u00edcio na sexta-feira, dia 1\u00b0, estudo in\u00e9dito  destinado a identificar como os formados na educa\u00e7\u00e3o superior est\u00e3o situados no  mercado de trabalho. A pesquisa sobre emprego e empregabilidade, sob  responsabilidade do Instituto Nacional de Estudos e Pesquisas Educacionais  (Inep), ser\u00e1 feita com os participantes das edi\u00e7\u00f5es de 2005 e 2008 do Exame  Nacional de Desempenho dos Estudantes (Enade). Eles receber\u00e3o question\u00e1rio,  enviado por mensagem eletr\u00f4nica, e ter\u00e3o prazo at\u00e9 o dia 29 para informar, entre  outras coisas, como o curr\u00edculo acad\u00eamico ajudou na forma\u00e7\u00e3o  profissional.<\/p>\n<div>O formul\u00e1rio, composto de 16 quest\u00f5es, leva em m\u00e9dia cinco  minutos para ser respondido. Duas das perguntas, subjetivas, permitir\u00e3o ao  graduado sugerir melhorias no curso em que se formou. O concluinte que n\u00e3o  receber a <a href=\"http:\/\/questionarioegresso.inep.gov.br\/\" target=\"_blank\">pesquisa<\/a> poder\u00e1 respond\u00ea-la na p\u00e1gina eletr\u00f4nica do Inep. Ao  ter acesso ao sistema, ele deve informar o CPF, a unidade da Federa\u00e7\u00e3o da  institui\u00e7\u00e3o de ensino e o curso. As informa\u00e7\u00f5es ser\u00e3o validadas nas bases de  dados da Receita Federal e do Inep. A pesquisa n\u00e3o divulgar\u00e1 respostas  individuais.A iniciativa integra o estudo qualitativo do segundo ciclo  de aferi\u00e7\u00e3o do Sistema Nacional de Avalia\u00e7\u00e3o da Educa\u00e7\u00e3o Superior (Sinaes) de  2005 e 2008. O estudo \u00e9 composto por vari\u00e1veis que permitem medir pontualmente a  evolu\u00e7\u00e3o dos cursos \u2014 as m\u00e9dias do Enade, do conceito preliminar de curso (CPC),  os relat\u00f3rios de autoavalia\u00e7\u00e3o realizados pelas institui\u00e7\u00f5es e, a partir deste  ano, o perfil dos egressos.<\/p>\n<p>Os resultados devem ser divulgados no segundo  semestre. As informa\u00e7\u00f5es do primeiro ciclo de avalia\u00e7\u00e3o, referente a 2004 e  2007, estar\u00e3o dispon\u00edveis em breve na p\u00e1gina eletr\u00f4nica do <a href=\"http:\/\/www.inep.gov.br\/\" target=\"_blank\">Inep<\/a>.<\/p>\n<p>Em 2005 e 2008, o  Enade avaliou os cursos de arquitetura e urbanismo, biologia, ci\u00eancias sociais,  computa\u00e7\u00e3o, engenharia (oito grupos), filosofia, f\u00edsica, geografia, hist\u00f3ria,  letras, matem\u00e1tica, pedagogia e qu\u00edmica. No \u00faltimo ano, foram acrescentados os  cursos superiores de tecnologia em constru\u00e7\u00e3o de edif\u00edcios, alimentos, automa\u00e7\u00e3o  industrial, gest\u00e3o da produ\u00e7\u00e3o industrial, manuten\u00e7\u00e3o industrial, processos  qu\u00edmicos, fabrica\u00e7\u00e3o mec\u00e2nica, an\u00e1lise e desenvolvimento de sistemas, redes de  computadores e saneamento ambiental. Essas \u00e1reas ser\u00e3o avaliadas novamente este  ano.<\/p>\n<p>Assessoria de Imprensa do Inep<\/p>\n<\/div>\n","protected":false},"excerpt":{"rendered":"<p>Pesquisa Enade pelo Inep &#8211; teve in\u00edcio na sexta-feira, dia 1\u00b0, estudo in\u00e9dito destinado a identificar como os formados na educa\u00e7\u00e3o superior est\u00e3o situados no mercado de trabalho. A pesquisa sobre emprego e empregabilidade, sob responsabilidade do Instituto Nacional de Estudos e Pesquisas Educacionais (Inep), ser\u00e1 feita com os participantes das edi\u00e7\u00f5es de 2005 e [&hellip;]<\/p>\n","protected":false},"author":3,"featured_media":25080,"comment_status":"open","ping_status":"open","sticky":false,"template":"","format":"standard","meta":{"_genesis_hide_title":false,"_genesis_hide_breadcrumbs":false,"_genesis_hide_singular_image":false,"_genesis_hide_footer_widgets":false,"_genesis_custom_body_class":"","_genesis_custom_post_class":"","_genesis_layout":"","_jetpack_memberships_contains_paid_content":false,"footnotes":""},"categories":[22],"tags":[],"class_list":{"0":"post-34379","1":"post","2":"type-post","3":"status-publish","4":"format-standard","5":"has-post-thumbnail","7":"category-brasil","8":"entry","9":"gs-1","10":"gs-odd","11":"gs-even","12":"gs-featured-content-entry"},"jetpack_featured_media_url":"https:\/\/www.redenoticia.com.br\/noticia\/imagens\/enade-resultado-lista.jpg","jetpack_sharing_enabled":true,"jetpack_likes_enabled":true,"_links":{"self":[{"href":"https:\/\/www.redenoticia.com.br\/noticia\/wp-json\/wp\/v2\/posts\/34379","targetHints":{"allow":["GET"]}}],"collection":[{"href":"https:\/\/www.redenoticia.com.br\/noticia\/wp-json\/wp\/v2\/posts"}],"about":[{"href":"https:\/\/www.redenoticia.com.br\/noticia\/wp-json\/wp\/v2\/types\/post"}],"author":[{"embeddable":true,"href":"https:\/\/www.redenoticia.com.br\/noticia\/wp-json\/wp\/v2\/users\/3"}],"replies":[{"embeddable":true,"href":"https:\/\/www.redenoticia.com.br\/noticia\/wp-json\/wp\/v2\/comments?post=34379"}],"version-history":[{"count":0,"href":"https:\/\/www.redenoticia.com.br\/noticia\/wp-json\/wp\/v2\/posts\/34379\/revisions"}],"wp:featuredmedia":[{"embeddable":true,"href":"https:\/\/www.redenoticia.com.br\/noticia\/wp-json\/wp\/v2\/media\/25080"}],"wp:attachment":[{"href":"https:\/\/www.redenoticia.com.br\/noticia\/wp-json\/wp\/v2\/media?parent=34379"}],"wp:term":[{"taxonomy":"category","embeddable":true,"href":"https:\/\/www.redenoticia.com.br\/noticia\/wp-json\/wp\/v2\/categories?post=34379"},{"taxonomy":"post_tag","embeddable":true,"href":"https:\/\/www.redenoticia.com.br\/noticia\/wp-json\/wp\/v2\/tags?post=34379"}],"curies":[{"name":"wp","href":"https:\/\/api.w.org\/{rel}","templated":true}]}}